{"id":4909,"date":"2015-03-09T07:59:53","date_gmt":"2015-03-09T13:59:53","guid":{"rendered":"https:\/\/www.uv.mx\/universo\/?p=4909"},"modified":"2015-10-28T17:25:07","modified_gmt":"2015-10-28T23:25:07","slug":"medicina-salud-y-sociedad-escaparate-para-la-academia","status":"publish","type":"post","link":"https:\/\/www.uv.mx\/universo\/general\/medicina-salud-y-sociedad-escaparate-para-la-academia\/","title":{"rendered":"Medicina, Salud y Sociedad, escaparate para la academia"},"content":{"rendered":"<div class=\"seriesmeta noshow\">Contenido 7 de 44 del n\u00famero <a href=\"https:\/\/www.uv.mx\/universo\/numero\/593\/\" class=\"series-328\" title=\"593\">593<\/a><\/div>\r\n<div id=\"attachment_4850\" style=\"width: 310px\" class=\"wp-caption alignright\"><a href=\"https:\/\/www.uv.mx\/universo\/files\/2015\/05\/Temis_Universo-593_0002.jpg\"><img aria-describedby=\"caption-attachment-4850\" decoding=\"async\" loading=\"lazy\" class=\"size-medium wp-image-4850\" src=\"https:\/\/www.uv.mx\/universo\/files\/2015\/05\/Temis_Universo-593_0002-300x200.jpg\" alt=\"Evangelina Montes, Eli Garcimarrero y Christian Ortiz fueron las presentadoras\" width=\"300\" height=\"200\" srcset=\"https:\/\/www.uv.mx\/universo\/files\/2015\/05\/Temis_Universo-593_0002-300x200.jpg 300w, https:\/\/www.uv.mx\/universo\/files\/2015\/05\/Temis_Universo-593_0002.jpg 722w\" sizes=\"(max-width: 300px) 100vw, 300px\" \/><\/a><p id=\"caption-attachment-4850\" class=\"wp-caption-text\">Evangelina Montes, Eli Garcimarrero y Christian Ortiz fueron las presentadoras<\/p><\/div>\n<p><span style=\"font-size: 8pt\"><strong>Karina de la Paz Reyes<\/strong><\/span><\/p>\n<p>La Direcci\u00f3n General del \u00c1rea Acad\u00e9mica Ciencias de la Salud present\u00f3 el nuevo volumen de la revista electr\u00f3nica Medicina, Salud y Sociedad, el 27 de febrero en la Unidad de Servicios Bibliotecarios y de Informaci\u00f3n.<\/p>\n<p>Los asistentes coincidieron en que se trata de un espacio interdisciplinario que permite fortalecer la calidad de los acad\u00e9micos, pues es una plataforma para publicar la producci\u00f3n cient\u00edfica.<\/p>\n<p>En la presentaci\u00f3n, que fue transmitida a todos los campus por el sistema de videoconferencias, participaron la directora general del \u00c1rea, Eli Alejandra Garcimarrero Espino; la editora general de la publicaci\u00f3n, Christian Soledad Ortiz Chacha, y la coordinadora acad\u00e9mica de dicha entidad, Evangelina Montes.<\/p>\n<p>Garcimarrero Espino record\u00f3 que el origen de esta publicaci\u00f3n (en 2010) fue por iniciativa de dos acad\u00e9micos jubilados (Javier Beltr\u00e1n e Irma Torres), cuyos frutos lograron permear a m\u00e1s personas y a la propia instituci\u00f3n.<\/p>\n<p>La funcionaria acad\u00e9mica remarc\u00f3 que en esta ocasi\u00f3n se present\u00f3 el primer n\u00famero que cuenta con todos los cr\u00e9ditos legales de la Universidad; por ello, ahora se trata de la revista de la Direcci\u00f3n General del \u00c1rea Acad\u00e9mica Ciencias de la Salud.<\/p>\n<p>Christian Ortiz a\u00f1adi\u00f3 que Medicina, Salud y Sociedad, si bien es una revista especializada en temas de medicina y ciencias de la salud, tambi\u00e9n busca la vinculaci\u00f3n con \u00e1reas afines, principalmente las que tienen que ver con la sociedad, como es el caso de la cultura.<\/p>\n<p>Record\u00f3 que la publicaci\u00f3n ya tiene v\u00ednculos con instituciones educativas nacionales e internacionales y que forma parte de \u00edndices de revistas cient\u00edficas de gran importancia a nivel Latinoam\u00e9rica como Latindex, EBSCOhost, Imbiomed. Naturalmente, tambi\u00e9n forma parte de la Biblioteca Virtual de la Universidad.<\/p>\n<p>Ortiz Chacha a\u00f1adi\u00f3 que el objetivo ahora es incursionar en nuevos \u00edndices para adquirir m\u00e1s relevancia en el \u00e1mbito cient\u00edfico de la medicina y las publicaciones electr\u00f3nicas, por ello su propuesta es formar parte de Redalyc y\u00a0National Geographic.<\/p>\n<p>Al ser una publicaci\u00f3n cuatrimestral, producen un volumen y tres n\u00fameros por a\u00f1o.<\/p>\n<p>El que se present\u00f3 en esta ocasi\u00f3n fue el volumen 5, n\u00famero 2 (enero-abril 2015), cuya portada es una obra in\u00e9dita del artista pl\u00e1stico Sebasti\u00e1n Fund.<\/p>\n<p>La editora de la publicaci\u00f3n record\u00f3 las categor\u00edas que integran Medicina, Salud y Sociedad: art\u00edculos originales, perspectiva metodol\u00f3gica, revisi\u00f3n te\u00f3rica, comunicados breves, divulgaci\u00f3n cient\u00edfica, difusi\u00f3n de eventos acad\u00e9micos, cultura y salud, y cartas al editor.<\/p>\n<p>El actual volumen contempla temas como \u201cEl consumo de alcohol en Espa\u00f1a. Aspectos evolutivos\u201d; \u201cSignificados y valores del uso, abuso y adicci\u00f3n a la mariguana\u201d; \u201cPeso de ni\u00f1os en edad escolar relacionado con el nivel socioecon\u00f3mico de su familia, M\u00e9xico 2014\u201d, y \u201cEl descuido de s\u00ed misma en el proceso de enamoramiento\u201d.<\/p>\n<p>Evangelina Montes coment\u00f3 que en el proceso de investigaci\u00f3n, en ocasiones surge la pregunta de d\u00f3nde publicar los resultados del trabajo acad\u00e9mico y consider\u00f3 que esta revista electr\u00f3nica es un buen escaparate \u201cpara todos los acad\u00e9micos de todas las regiones de nuestra m\u00e1xima casa de estudios y de todas las \u00e1reas acad\u00e9micas (las siete)\u201d.<\/p>\n<p>Adem\u00e1s, consider\u00f3 que la revista Medicina, Salud y Sociedad permitir\u00e1 al \u00c1rea Acad\u00e9mica Ciencias de la Salud consolidar nuevos cuerpos acad\u00e9micos y formar nuevos grupos de investigaci\u00f3n.<\/p>\n<p>Para darle seguimiento a la publicaci\u00f3n o contribuir acad\u00e9micamente puede suscribirse a trav\u00e9s de <a href=\"http:\/\/revistas.uv.mx\/index.php\/REMSyS\/index\">http:\/\/revistas.uv.mx\/index.php\/REMSyS\/index<\/a><\/p>\n","protected":false},"excerpt":{"rendered":"<p>La Direcci\u00f3n General del \u00c1rea Acad\u00e9mica Ciencias de la Salud present\u00f3 el nuevo volumen de la revista electr\u00f3nica Medicina, Salud y Sociedad, el 27 de febrero en la Unidad de Servicios Bibliotecarios y de Informaci\u00f3n.<\/p>\n\r\n<div class=\"seriesmeta\">Contenido 7 de 44 del n\u00famero <a href=\"https:\/\/www.uv.mx\/universo\/numero\/593\/\" class=\"series-328\" title=\"593\">593<\/a><\/div>","protected":false},"author":1664,"featured_media":4850,"comment_status":"closed","ping_status":"closed","sticky":false,"template":"","format":"standard","meta":[],"categories":[1],"tags":[],"series":[328],"_links":{"self":[{"href":"https:\/\/www.uv.mx\/universo\/wp-json\/wp\/v2\/posts\/4909"}],"collection":[{"href":"https:\/\/www.uv.mx\/universo\/wp-json\/wp\/v2\/posts"}],"about":[{"href":"https:\/\/www.uv.mx\/universo\/wp-json\/wp\/v2\/types\/post"}],"author":[{"embeddable":true,"href":"https:\/\/www.uv.mx\/universo\/wp-json\/wp\/v2\/users\/1664"}],"replies":[{"embeddable":true,"href":"https:\/\/www.uv.mx\/universo\/wp-json\/wp\/v2\/comments?post=4909"}],"version-history":[{"count":0,"href":"https:\/\/www.uv.mx\/universo\/wp-json\/wp\/v2\/posts\/4909\/revisions"}],"wp:featuredmedia":[{"embeddable":true,"href":"https:\/\/www.uv.mx\/universo\/wp-json\/wp\/v2\/media\/4850"}],"wp:attachment":[{"href":"https:\/\/www.uv.mx\/universo\/wp-json\/wp\/v2\/media?parent=4909"}],"wp:term":[{"taxonomy":"category","embeddable":true,"href":"https:\/\/www.uv.mx\/universo\/wp-json\/wp\/v2\/categories?post=4909"},{"taxonomy":"post_tag","embeddable":true,"href":"https:\/\/www.uv.mx\/universo\/wp-json\/wp\/v2\/tags?post=4909"},{"taxonomy":"series","embeddable":true,"href":"https:\/\/www.uv.mx\/universo\/wp-json\/wp\/v2\/series?post=4909"}],"curies":[{"name":"wp","href":"https:\/\/api.w.org\/{rel}","templated":true}]}}