{"id":4976,"date":"2015-03-09T07:59:25","date_gmt":"2015-03-09T13:59:25","guid":{"rendered":"https:\/\/www.uv.mx\/universo\/?p=4976"},"modified":"2015-10-28T17:04:17","modified_gmt":"2015-10-28T23:04:17","slug":"inicio-el-4o-festival-folklorico-de-veracruz","status":"publish","type":"post","link":"https:\/\/www.uv.mx\/universo\/cultura\/inicio-el-4o-festival-folklorico-de-veracruz\/","title":{"rendered":"Inici\u00f3 el 4\u00ba Festival Folkl\u00f3rico de Veracruz"},"content":{"rendered":"<div class=\"seriesmeta noshow\">Contenido 35 de 44 del n\u00famero <a href=\"https:\/\/www.uv.mx\/universo\/numero\/593\/\" class=\"series-328\" title=\"593\">593<\/a><\/div>\r\n<div id=\"attachment_4888\" style=\"width: 310px\" class=\"wp-caption alignright\"><a href=\"https:\/\/www.uv.mx\/universo\/files\/2015\/05\/Temis_Universo-593_0040.jpg\"><img aria-describedby=\"caption-attachment-4888\" decoding=\"async\" loading=\"lazy\" class=\"size-medium wp-image-4888\" src=\"https:\/\/www.uv.mx\/universo\/files\/2015\/05\/Temis_Universo-593_0040-300x225.jpg\" alt=\"Se re\u00fanen 28 compa\u00f1\u00edas de danza\" width=\"300\" height=\"225\" srcset=\"https:\/\/www.uv.mx\/universo\/files\/2015\/05\/Temis_Universo-593_0040-300x225.jpg 300w, https:\/\/www.uv.mx\/universo\/files\/2015\/05\/Temis_Universo-593_0040.jpg 722w\" sizes=\"(max-width: 300px) 100vw, 300px\" \/><\/a><p id=\"caption-attachment-4888\" class=\"wp-caption-text\">Se re\u00fanen 28 compa\u00f1\u00edas de danza<\/p><\/div>\n<p><span style=\"font-size: 8pt\"><strong>Paola Cort\u00e9s P\u00e9rez<\/strong><\/span><\/p>\n<p>El 4\u00ba Festival Folkl\u00f3rico de Veracruz \u201cMiguel V\u00e9lez Arceo\u201d, organizado por el Ballet Folkl\u00f3rico de la Universidad Veracruzana (UV), se lleva a cabo en la ciudad de Xalapa y en el puerto de Veracruz.<\/p>\n<p>El objetivo de esta actividad, que inici\u00f3 el 8 de marzo en la Casa del Lago, es coadyuvar en el fortalecimiento de los procesos art\u00edsticos y culturales de la entidad, as\u00ed como difundir y promover su riqueza folkl\u00f3rica, se\u00f1al\u00f3 Eduardo Soto Mill\u00e1n, director de Actividades y Grupos Art\u00edsticos de la Direcci\u00f3n General de Difusi\u00f3n Cultural de esta casa de estudios.<\/p>\n<p>Paralelo a las presentaciones art\u00edsticas se imparten ocho mini-talleres (clases de entre 70 y 80 minutos) para ni\u00f1os y adolescentes; cursos para bailarines; dos conferencias magistrales: \u201cDanza folkl\u00f3rica en el M\u00e9xico contempor\u00e1neo\u201d y \u201cLa danza en el centro de Veracruz\u201d, y dos exposiciones sobre la indumentaria del estado.<\/p>\n<p>Blanca Ram\u00edrez Gil, coordinadora del Festival Folkl\u00f3rico de Veracruz, mencion\u00f3: \u201cQueremos mostrar la riqueza folkl\u00f3rica, fuente de nuestra identidad, resaltando la importancia del intercambio art\u00edstico entre artistas, la comunidad universitaria y la sociedad; esta \u00faltima ser\u00e1 beneficiada con la realizaci\u00f3n del festival.\u201d<\/p>\n<p>Asimismo, dijo que con este evento se pretende contribuir e inspirar a la realizaci\u00f3n de festivales art\u00edsticos al interior del pa\u00eds; reunir maestros y directores de danza folkl\u00f3rica, as\u00ed como fortalecer la formaci\u00f3n de los bailarines.<\/p>\n<p>Arturo Garc\u00eda Sol\u00eds, subcoordinador del festival, detall\u00f3 que participan 28 compa\u00f1\u00edas de danza, nueve nacionales y 19 locales, que en conjunto ofrecer\u00e1n 16 funciones. Adem\u00e1s, coment\u00f3, se reconocer\u00e1 a las maestras pioneras de la danza folkl\u00f3rica en Xalapa, una de ellas es Esther Ju\u00e1rez, as\u00ed como a Alberto de la Rosa, por su contribuci\u00f3n art\u00edstica y musical dentro del Ballet Folkl\u00f3rico UV.<\/p>\n<p>La parte social del festival, destac\u00f3, es el apartado de la danza fraterna, que consiste en acercar las actividades del evento a los centros educativos de cuatro comunidades cercanas a la capital veracruzana, porque \u201cqueremos danzar con el cerebro y con el coraz\u00f3n\u201d.<\/p>\n<p>Por \u00faltimo, Blanca Ram\u00edrez comparti\u00f3 que el a\u00f1o pasado registraron la asistencia de siete mil 600 espectadores, y en esta ocasi\u00f3n esperan que sean ocho mil 500. Para mayor informaci\u00f3n sobre actividades, horarios y sedes, consultar en Facebook: Ballet Folkl\u00f3rico Universidad Veracruzana Sitio Oficial.<\/p>\n","protected":false},"excerpt":{"rendered":"<p>El 4\u00ba Festival Folkl\u00f3rico de Veracruz \u201cMiguel V\u00e9lez Arceo\u201d, organizado por el Ballet Folkl\u00f3rico de la Universidad Veracruzana (UV), se lleva a cabo en la ciudad de Xalapa y en el puerto de Veracruz.<\/p>\n\r\n<div class=\"seriesmeta\">Contenido 35 de 44 del n\u00famero <a href=\"https:\/\/www.uv.mx\/universo\/numero\/593\/\" class=\"series-328\" title=\"593\">593<\/a><\/div>","protected":false},"author":1664,"featured_media":4888,"comment_status":"closed","ping_status":"closed","sticky":false,"template":"","format":"standard","meta":[],"categories":[5],"tags":[],"series":[328],"_links":{"self":[{"href":"https:\/\/www.uv.mx\/universo\/wp-json\/wp\/v2\/posts\/4976"}],"collection":[{"href":"https:\/\/www.uv.mx\/universo\/wp-json\/wp\/v2\/posts"}],"about":[{"href":"https:\/\/www.uv.mx\/universo\/wp-json\/wp\/v2\/types\/post"}],"author":[{"embeddable":true,"href":"https:\/\/www.uv.mx\/universo\/wp-json\/wp\/v2\/users\/1664"}],"replies":[{"embeddable":true,"href":"https:\/\/www.uv.mx\/universo\/wp-json\/wp\/v2\/comments?post=4976"}],"version-history":[{"count":0,"href":"https:\/\/www.uv.mx\/universo\/wp-json\/wp\/v2\/posts\/4976\/revisions"}],"wp:featuredmedia":[{"embeddable":true,"href":"https:\/\/www.uv.mx\/universo\/wp-json\/wp\/v2\/media\/4888"}],"wp:attachment":[{"href":"https:\/\/www.uv.mx\/universo\/wp-json\/wp\/v2\/media?parent=4976"}],"wp:term":[{"taxonomy":"category","embeddable":true,"href":"https:\/\/www.uv.mx\/universo\/wp-json\/wp\/v2\/categories?post=4976"},{"taxonomy":"post_tag","embeddable":true,"href":"https:\/\/www.uv.mx\/universo\/wp-json\/wp\/v2\/tags?post=4976"},{"taxonomy":"series","embeddable":true,"href":"https:\/\/www.uv.mx\/universo\/wp-json\/wp\/v2\/series?post=4976"}],"curies":[{"name":"wp","href":"https:\/\/api.w.org\/{rel}","templated":true}]}}