{"id":5146,"date":"2015-02-23T07:59:15","date_gmt":"2015-02-23T13:59:15","guid":{"rendered":"https:\/\/www.uv.mx\/universo\/?p=5146"},"modified":"2015-10-28T15:34:51","modified_gmt":"2015-10-28T21:34:51","slug":"galeria-rac-comparte-lo-mejor-de-2014","status":"publish","type":"post","link":"https:\/\/www.uv.mx\/universo\/cultura\/galeria-rac-comparte-lo-mejor-de-2014\/","title":{"rendered":"Galer\u00eda RAC comparte lo mejor de 2014"},"content":{"rendered":"<div class=\"seriesmeta noshow\">Contenido 45 de 47 del n\u00famero <a href=\"https:\/\/www.uv.mx\/universo\/numero\/591\/\" class=\"series-329\" title=\"591\">591<\/a><\/div>\r\n<p><em><a href=\"https:\/\/www.uv.mx\/universo\/files\/2015\/05\/Temis_Universo-591_0044.jpg\"><img decoding=\"async\" loading=\"lazy\" class=\"alignright size-medium wp-image-5052\" src=\"https:\/\/www.uv.mx\/universo\/files\/2015\/05\/Temis_Universo-591_0044-300x261.jpg\" alt=\"Temis_Universo-591_0044\" width=\"300\" height=\"261\" \/><\/a>Cat\u00e1logo de obra anual recopila lo m\u00e1s representativo de las exposiciones del a\u00f1o pasado<\/em><\/p>\n<p><span style=\"font-size: 8pt\"><strong>Adriana Vivanco<\/strong><\/span><\/p>\n<p>La Galer\u00eda Universitaria \u201cRam\u00f3n Alva de la Canal\u201d, en el marco de los festejos por su trig\u00e9simo aniversario, present\u00f3 el jueves 19 de febrero el folleto Cat\u00e1logo de obra anual que conjunta lo mejor de las 14 exhibiciones albergadas en este recinto cultural durante 2014, asegur\u00f3 su coordinador Gustavo Olivares.<\/p>\n<p>En su oportunidad Esther Hern\u00e1ndez Palacios, directora general Difusi\u00f3n Cultural, destac\u00f3 que este espacio museogr\u00e1fico realiz\u00f3 un total de 14 exposiciones que sirvieron para acercar al p\u00fablico en general y al universitario a propuestas interesantes, cr\u00edticas, necesarias, y creadas por artistas de las m\u00e1s variadas geograf\u00edas.<\/p>\n<p>\u201cLa enorme cantidad de obra que desfil\u00f3 ante nosotros como ejemplo de nuestra permanente necesidad por ver, de conocer aquello que est\u00e1 dentro y fuera de nuestras fronteras, fue escogida y presentada de manera cuidadosa gracias a su diversidad, su riqueza en matices y su pertinencia. Ello no s\u00f3lo inclu\u00eda la obra de destacados creadores contempor\u00e1neos, quienes nos aproximaron al presente cristalizado en sus piezas; contempl\u00f3 tambi\u00e9n a artistas pertenecientes a nuestra tradici\u00f3n. Una memoria que vuelve a nosotros persistentemente.\u201d<\/p>\n<p>Asimismo destac\u00f3 que la Galer\u00eda Universitaria \u201cRam\u00f3n Alva de la Canal\u201d se plante\u00f3 crear un impacto distinto en los espectadores que se asomaron a sus salas, buscar nuevos p\u00fablicos, formas diferentes de interactuar con ellos.<\/p>\n<p>\u201cAlberg\u00f3, por ejemplo, en el marco del festejo de los 400 a\u00f1os de relaciones diplom\u00e1ticas entre M\u00e9xico y Jap\u00f3n, la obra del artista pl\u00e1stico, caricaturista y animador Seiichi Hayashi, quien a trav\u00e9s del manga nos condujo a las costumbres y tradiciones del pa\u00eds oriental, y que goz\u00f3 de una enorme popularidad entre los j\u00f3venes\u201d, concluy\u00f3.<\/p>\n","protected":false},"excerpt":{"rendered":"<p>La Galer\u00eda Universitaria \u201cRam\u00f3n Alva de la Canal\u201d, en el marco de los festejos por su trig\u00e9simo aniversario, present\u00f3 el jueves 19 de febrero el folleto Cat\u00e1logo de obra anual que conjunta lo mejor de las 14 exhibiciones albergadas en este recinto cultural durante 2014, asegur\u00f3 su coordinador Gustavo Olivares.<\/p>\n\r\n<div class=\"seriesmeta\">Contenido 45 de 47 del n\u00famero <a href=\"https:\/\/www.uv.mx\/universo\/numero\/591\/\" class=\"series-329\" title=\"591\">591<\/a><\/div>","protected":false},"author":1664,"featured_media":0,"comment_status":"closed","ping_status":"closed","sticky":false,"template":"","format":"standard","meta":[],"categories":[5],"tags":[],"series":[329],"_links":{"self":[{"href":"https:\/\/www.uv.mx\/universo\/wp-json\/wp\/v2\/posts\/5146"}],"collection":[{"href":"https:\/\/www.uv.mx\/universo\/wp-json\/wp\/v2\/posts"}],"about":[{"href":"https:\/\/www.uv.mx\/universo\/wp-json\/wp\/v2\/types\/post"}],"author":[{"embeddable":true,"href":"https:\/\/www.uv.mx\/universo\/wp-json\/wp\/v2\/users\/1664"}],"replies":[{"embeddable":true,"href":"https:\/\/www.uv.mx\/universo\/wp-json\/wp\/v2\/comments?post=5146"}],"version-history":[{"count":0,"href":"https:\/\/www.uv.mx\/universo\/wp-json\/wp\/v2\/posts\/5146\/revisions"}],"wp:attachment":[{"href":"https:\/\/www.uv.mx\/universo\/wp-json\/wp\/v2\/media?parent=5146"}],"wp:term":[{"taxonomy":"category","embeddable":true,"href":"https:\/\/www.uv.mx\/universo\/wp-json\/wp\/v2\/categories?post=5146"},{"taxonomy":"post_tag","embeddable":true,"href":"https:\/\/www.uv.mx\/universo\/wp-json\/wp\/v2\/tags?post=5146"},{"taxonomy":"series","embeddable":true,"href":"https:\/\/www.uv.mx\/universo\/wp-json\/wp\/v2\/series?post=5146"}],"curies":[{"name":"wp","href":"https:\/\/api.w.org\/{rel}","templated":true}]}}