{"id":5340,"date":"2015-02-03T07:59:30","date_gmt":"2015-02-03T13:59:30","guid":{"rendered":"https:\/\/www.uv.mx\/universo\/?p=5340"},"modified":"2015-12-14T19:18:38","modified_gmt":"2015-12-15T01:18:38","slug":"alumnos-de-tla-expusieron-trabajos-del-intersemestral-de-invierno","status":"publish","type":"post","link":"https:\/\/www.uv.mx\/universo\/regiones\/alumnos-de-tla-expusieron-trabajos-del-intersemestral-de-invierno\/","title":{"rendered":"Alumnos de TLA expusieron trabajos del intersemestral de invierno"},"content":{"rendered":"<div class=\"seriesmeta noshow\">Contenido 30 de 42 del n\u00famero <a href=\"https:\/\/www.uv.mx\/universo\/numero\/589\/\" class=\"series-332\" title=\"589\">589<\/a><\/div>\r\n<div id=\"attachment_5256\" style=\"width: 310px\" class=\"wp-caption alignright\"><a href=\"https:\/\/www.uv.mx\/universo\/files\/2015\/05\/Temis_Universo-589_0043.jpg\"><img aria-describedby=\"caption-attachment-5256\" decoding=\"async\" loading=\"lazy\" class=\"size-medium wp-image-5256\" src=\"https:\/\/www.uv.mx\/universo\/files\/2015\/05\/Temis_Universo-589_0043-300x190.jpg\" alt=\"La exposici\u00f3n tuvo lugar en la Casa de Cultura\" width=\"300\" height=\"190\" srcset=\"https:\/\/www.uv.mx\/universo\/files\/2015\/05\/Temis_Universo-589_0043-300x190.jpg 300w, https:\/\/www.uv.mx\/universo\/files\/2015\/05\/Temis_Universo-589_0043.jpg 722w\" sizes=\"(max-width: 300px) 100vw, 300px\" \/><\/a><p id=\"caption-attachment-5256\" class=\"wp-caption-text\">La exposici\u00f3n tuvo lugar en la Casa de Cultura<\/p><\/div>\n<p><span style=\"font-size: 8pt\"><strong>Poza Rica \u2022 Tuxpan<br \/>\nAlma Celia San Mart\u00edn<\/strong><\/span><\/p>\n<p>Un total de 208 estudiantes de diferentes programas participaron en la exposici\u00f3n de fin de cursos intersemestrales de invierno que ofrecieron los Talleres Libres de Arte (TLA) en la Casa de Cultura de Poza Rica.<\/p>\n<p>En esta ocasi\u00f3n se expusieron los trabajos realizados en los talleres de Grabado, Fotograf\u00eda, Juguete Tradicional y Mexicano, Geometr\u00eda y Creatividad, Bailes de Sal\u00f3n, Dibujo Art\u00edstico, Pintura Experimental y Arte Popular, Introducci\u00f3n a la Terracota, Historia del Arte, Dibujo y Pintura.<\/p>\n<p>Juana Ira\u00eds Osornio Galeana, coordinadora de los TLA de Poza Rica, coment\u00f3 que cada vez es mayor el n\u00famero de j\u00f3venes interesados en cursar alguno de los talleres intersemestrales.<\/p>\n<p>Para los estudiantes, incursionar en las artes representa una oportunidad de aprender no \u00fanicamente lo que los maestros les ense\u00f1an, pues la experiencia los ayuda a relajarse y disfrutar de algo nuevo.<\/p>\n<p>Cindy Garc\u00eda, de la Facultad de Odontolog\u00eda, se inscribi\u00f3 en el Taller de Pintura y Dibujo porque deseaba relajarse y aprender algo diferente. Karla Barriga Galindo, tambi\u00e9n de Odontolog\u00eda, curs\u00f3 el Taller de Introducci\u00f3n a la Terracota porque le gusta moldear objetos y esto le permiti\u00f3 mejorar esa habilidad, adem\u00e1s de conocer nuevas t\u00e9cnicas.<\/p>\n<p>Gerardo Morales, estudiante de la Facultad de Arquitectura, coment\u00f3 que \u00e9ste fue el tercer periodo intersemestral que estudia en los TLA; la primera ocasi\u00f3n se inscribi\u00f3 en Dise\u00f1o B\u00e1sico, y en esta ocasi\u00f3n opt\u00f3 por los talleres de Historia del Arte y Grabado. El futuro arquitecto consider\u00f3 que \u00e9sta es una forma de motivar a los estudiantes, pues les permite explotar sus habilidades; \u201ccreo que es una buena opci\u00f3n que nos ofrece la Universidad con la variedad de estos talleres para que los alumnos nos podamos expresar\u201d.<\/p>\n<p>Jos\u00e9 \u00c1ngel Cruz Cano, del programa educativo de Biolog\u00eda, explic\u00f3 que prefiri\u00f3 el Taller de Fotograf\u00eda porque le permitir\u00e1 tomar mejores fotos de plantas y organismos, lo cual se ver\u00e1 reflejado en los trabajos que en un futuro presentar\u00e1 a sus maestros.<\/p>\n<p>\u201cQu\u00e9 bueno que hacen este tipo de talleres para no estar de ociosos y aprender algo nuevo que nos ayudar\u00e1 como futuros profesionistas.\u201d Gabriela Guevara, estudiante de la Facultad de Odontolog\u00eda, dijo que le atrajo el Taller de Introducci\u00f3n a la Terracota por las t\u00e9cnicas que utilizan y lo mejor es ver los productos terminados, es una satisfacci\u00f3n para ellos.<\/p>\n<p>Paulino Osorio Cruz, estudiante de Pedagog\u00eda, se inscribi\u00f3 tambi\u00e9n en Introducci\u00f3n a la Terracota y coment\u00f3 que estos talleres forman parte de la educaci\u00f3n integral como universitarios. En la clausura estuvieron presentes estudiantes y maestros de los diferentes talleres, as\u00ed como p\u00fablico en general. La exposici\u00f3n estar\u00e1 abierta hasta el 27 de febrero.<\/p>\n","protected":false},"excerpt":{"rendered":"<p>Poza Rica \u2022 Tuxpan Alma Celia San Mart\u00edn Un total de 208 estudiantes de diferentes programas participaron en la exposici\u00f3n de fin de cursos intersemestrales de invierno que ofrecieron los Talleres Libres de Arte (TLA) en la Casa de Cultura de Poza Rica. En esta ocasi\u00f3n se expusieron los trabajos realizados en los talleres de [&hellip;]<\/p>\n\r\n<div class=\"seriesmeta\">Contenido 30 de 42 del n\u00famero <a href=\"https:\/\/www.uv.mx\/universo\/numero\/589\/\" class=\"series-332\" title=\"589\">589<\/a><\/div>","protected":false},"author":1664,"featured_media":5256,"comment_status":"closed","ping_status":"closed","sticky":false,"template":"","format":"standard","meta":[],"categories":[360],"tags":[],"series":[332],"_links":{"self":[{"href":"https:\/\/www.uv.mx\/universo\/wp-json\/wp\/v2\/posts\/5340"}],"collection":[{"href":"https:\/\/www.uv.mx\/universo\/wp-json\/wp\/v2\/posts"}],"about":[{"href":"https:\/\/www.uv.mx\/universo\/wp-json\/wp\/v2\/types\/post"}],"author":[{"embeddable":true,"href":"https:\/\/www.uv.mx\/universo\/wp-json\/wp\/v2\/users\/1664"}],"replies":[{"embeddable":true,"href":"https:\/\/www.uv.mx\/universo\/wp-json\/wp\/v2\/comments?post=5340"}],"version-history":[{"count":0,"href":"https:\/\/www.uv.mx\/universo\/wp-json\/wp\/v2\/posts\/5340\/revisions"}],"wp:featuredmedia":[{"embeddable":true,"href":"https:\/\/www.uv.mx\/universo\/wp-json\/wp\/v2\/media\/5256"}],"wp:attachment":[{"href":"https:\/\/www.uv.mx\/universo\/wp-json\/wp\/v2\/media?parent=5340"}],"wp:term":[{"taxonomy":"category","embeddable":true,"href":"https:\/\/www.uv.mx\/universo\/wp-json\/wp\/v2\/categories?post=5340"},{"taxonomy":"post_tag","embeddable":true,"href":"https:\/\/www.uv.mx\/universo\/wp-json\/wp\/v2\/tags?post=5340"},{"taxonomy":"series","embeddable":true,"href":"https:\/\/www.uv.mx\/universo\/wp-json\/wp\/v2\/series?post=5340"}],"curies":[{"name":"wp","href":"https:\/\/api.w.org\/{rel}","templated":true}]}}