{"id":5342,"date":"2015-02-03T07:59:29","date_gmt":"2015-02-03T13:59:29","guid":{"rendered":"https:\/\/www.uv.mx\/universo\/?p=5342"},"modified":"2015-12-14T19:18:38","modified_gmt":"2015-12-15T01:18:38","slug":"medicina-tiene-nuevo-director","status":"publish","type":"post","link":"https:\/\/www.uv.mx\/universo\/regiones\/medicina-tiene-nuevo-director\/","title":{"rendered":"Medicina tiene nuevo Director"},"content":{"rendered":"<div class=\"seriesmeta noshow\">Contenido 31 de 42 del n\u00famero <a href=\"https:\/\/www.uv.mx\/universo\/numero\/589\/\" class=\"series-332\" title=\"589\">589<\/a><\/div>\r\n<div id=\"attachment_5257\" style=\"width: 310px\" class=\"wp-caption alignright\"><a href=\"https:\/\/www.uv.mx\/universo\/files\/2015\/05\/Temis_Universo-589_0044.jpg\"><img aria-describedby=\"caption-attachment-5257\" decoding=\"async\" loading=\"lazy\" class=\"size-medium wp-image-5257\" src=\"https:\/\/www.uv.mx\/universo\/files\/2015\/05\/Temis_Universo-589_0044-300x199.jpg\" alt=\"Eli Alejandra Garcimarrero y Jos\u00e9 Luis Alan\u00eds con el funcionario\" width=\"300\" height=\"199\" srcset=\"https:\/\/www.uv.mx\/universo\/files\/2015\/05\/Temis_Universo-589_0044-300x199.jpg 300w, https:\/\/www.uv.mx\/universo\/files\/2015\/05\/Temis_Universo-589_0044.jpg 722w\" sizes=\"(max-width: 300px) 100vw, 300px\" \/><\/a><p id=\"caption-attachment-5257\" class=\"wp-caption-text\">Eli Alejandra Garcimarrero y Jos\u00e9 Luis Alan\u00eds con el funcionario<\/p><\/div>\n<p><em>La Directora general de la Unidad de Ciencias de la Salud le entreg\u00f3 el nombramiento<\/em><\/p>\n<p><em>El reto de la entidad acad\u00e9mica es lograr la acreditaci\u00f3n<\/em><\/p>\n<p><strong><span style=\"font-size: 8pt\">Poza Rica \u2022 Tuxpan<br \/>\nAlma Celia San Mart\u00edn<\/span><\/strong><\/p>\n<p>Fidencio Gaspar Fern\u00e1ndez P\u00e9rez fue designado como director de la Facultad de Medicina de este campus, en acto presidido por la directora general de \u00c1rea Acad\u00e9mica de Ciencias de la Salud, Eli Alejandra Garcimarrero Espino.<\/p>\n<p>En el evento, realizado en el aula magna de la Unidad de Ciencias de la Salud, Garcimarrero Espino agradeci\u00f3, a nombre de la rectora Sara Ladr\u00f3n de Guevara, a los integrantes de la terna su compromiso para conjuntar esfuerzos y realizar los procesos de evaluaci\u00f3n y acreditaci\u00f3n de la Facultad de Medicina.<\/p>\n<p>\u201cEs una de las metas que tenemos para esta Facultad, sabemos del apoyo de los alumnos y de los perfiles de los docentes, as\u00ed como de los directores y secretarios de las otras facultades para este proceso.\u201d<\/p>\n<p>Expres\u00f3 que se tiene el compromiso social de elevar el nivel de la calidad de ense\u00f1anza en el \u00c1rea de Ciencias de la Salud, sobre todo en la formaci\u00f3n de los recursos humanos.<\/p>\n<p>Por su parte el vicerrector Jos\u00e9 Luis Alan\u00eds M\u00e9ndez tom\u00f3 la protesta a Fidencio Gaspar Fern\u00e1ndez, a quien pidi\u00f3 cumplir la legislaci\u00f3n universitaria y ejercer con dignidad el cargo.<\/p>\n<p>En su momento el nuevo Director agradeci\u00f3 a las autoridades universitarias la confianza depositada en \u00e9l para ocupar el cargo y expres\u00f3 que el trabajo no ser\u00e1 sencillo, hay mucho por hacer, siendo uno de los principales retos la certificaci\u00f3n y posteriormente la acreditaci\u00f3n de la instituci\u00f3n.<\/p>\n<p>Asimismo, pidi\u00f3 a los acad\u00e9micos, estudiantes y personal administrativo trabajar de manera conjunta para alcanzar las metas que han sido trazadas para beneficio de todos.<\/p>\n<p>En el evento tambi\u00e9n estuvieron presentes Aurora Galicia Badillo, secretaria acad\u00e9mica regional; Jorge Dur\u00e1n Cruz, secretario de las facultades de Medicina y Psicolog\u00eda; la directora de Enfermer\u00eda, Erika Mayte del \u00c1ngel Salazar; as\u00ed como integrantes de la comunidad universitaria.<\/p>\n","protected":false},"excerpt":{"rendered":"<p>La Directora general de la Unidad de Ciencias de la Salud le entreg\u00f3 el nombramiento El reto de la entidad acad\u00e9mica es lograr la acreditaci\u00f3n Poza Rica \u2022 Tuxpan Alma Celia San Mart\u00edn Fidencio Gaspar Fern\u00e1ndez P\u00e9rez fue designado como director de la Facultad de Medicina de este campus, en acto presidido por la directora [&hellip;]<\/p>\n\r\n<div class=\"seriesmeta\">Contenido 31 de 42 del n\u00famero <a href=\"https:\/\/www.uv.mx\/universo\/numero\/589\/\" class=\"series-332\" title=\"589\">589<\/a><\/div>","protected":false},"author":1664,"featured_media":5257,"comment_status":"closed","ping_status":"closed","sticky":false,"template":"","format":"standard","meta":[],"categories":[360],"tags":[],"series":[332],"_links":{"self":[{"href":"https:\/\/www.uv.mx\/universo\/wp-json\/wp\/v2\/posts\/5342"}],"collection":[{"href":"https:\/\/www.uv.mx\/universo\/wp-json\/wp\/v2\/posts"}],"about":[{"href":"https:\/\/www.uv.mx\/universo\/wp-json\/wp\/v2\/types\/post"}],"author":[{"embeddable":true,"href":"https:\/\/www.uv.mx\/universo\/wp-json\/wp\/v2\/users\/1664"}],"replies":[{"embeddable":true,"href":"https:\/\/www.uv.mx\/universo\/wp-json\/wp\/v2\/comments?post=5342"}],"version-history":[{"count":0,"href":"https:\/\/www.uv.mx\/universo\/wp-json\/wp\/v2\/posts\/5342\/revisions"}],"wp:featuredmedia":[{"embeddable":true,"href":"https:\/\/www.uv.mx\/universo\/wp-json\/wp\/v2\/media\/5257"}],"wp:attachment":[{"href":"https:\/\/www.uv.mx\/universo\/wp-json\/wp\/v2\/media?parent=5342"}],"wp:term":[{"taxonomy":"category","embeddable":true,"href":"https:\/\/www.uv.mx\/universo\/wp-json\/wp\/v2\/categories?post=5342"},{"taxonomy":"post_tag","embeddable":true,"href":"https:\/\/www.uv.mx\/universo\/wp-json\/wp\/v2\/tags?post=5342"},{"taxonomy":"series","embeddable":true,"href":"https:\/\/www.uv.mx\/universo\/wp-json\/wp\/v2\/series?post=5342"}],"curies":[{"name":"wp","href":"https:\/\/api.w.org\/{rel}","templated":true}]}}