{"id":5447,"date":"2015-05-25T07:59:18","date_gmt":"2015-05-25T12:59:18","guid":{"rendered":"https:\/\/www.uv.mx\/universo\/?p=5447"},"modified":"2015-06-29T17:50:42","modified_gmt":"2015-06-29T22:50:42","slug":"el-deporte-forja-identidad-sara-ladron-de-guevara","status":"publish","type":"post","link":"https:\/\/www.uv.mx\/universo\/deportes\/el-deporte-forja-identidad-sara-ladron-de-guevara\/","title":{"rendered":"El deporte forja identidad: Sara Ladr\u00f3n de Guevara"},"content":{"rendered":"<div class=\"seriesmeta noshow\">Contenido 42 de 45 del n\u00famero <a href=\"https:\/\/www.uv.mx\/universo\/numero\/602\/\" class=\"series-333\" title=\"602\">602<\/a><\/div>\r\n<div id=\"attachment_5402\" style=\"width: 310px\" class=\"wp-caption alignright\"><a href=\"https:\/\/www.uv.mx\/universo\/files\/2015\/05\/Temis_Universo-502_0027.jpg\"><img aria-describedby=\"caption-attachment-5402\" decoding=\"async\" loading=\"lazy\" class=\"size-medium wp-image-5402\" src=\"https:\/\/www.uv.mx\/universo\/files\/2015\/05\/Temis_Universo-502_0027-300x200.jpg\" alt=\"Los integrantes del programa en la foto oficial\" width=\"300\" height=\"200\" srcset=\"https:\/\/www.uv.mx\/universo\/files\/2015\/05\/Temis_Universo-502_0027-300x200.jpg 300w, https:\/\/www.uv.mx\/universo\/files\/2015\/05\/Temis_Universo-502_0027.jpg 722w\" sizes=\"(max-width: 300px) 100vw, 300px\" \/><\/a><p id=\"caption-attachment-5402\" class=\"wp-caption-text\">Los integrantes del programa en la foto oficial<\/p><\/div>\n<p><em>Junto con los <\/em>Halcones<em> UV, celebr\u00f3 los 15 a\u00f1os del Programa de Futbol Americano<\/em><\/p>\n<p><em>\u00abEl proyecto comenz\u00f3 con 40 jugadores y ahora tiene cerca de 650 participantes\u00bb: Jos\u00e9 Luis Izquierdo<\/em><\/p>\n<p><span style=\"font-size: 8pt\"><strong>Santiago Morales Ortiz<\/strong><\/span><\/p>\n<p>El deporte deja muchas ense\u00f1anzas a los j\u00f3venes, no solamente en la parte f\u00edsica, sino en todos los aspectos de la vida, afirm\u00f3 la rectora Sara Ladr\u00f3n de Guevara durante la celebraci\u00f3n de los 15 a\u00f1os del Programa de Futbol Americano de la Universidad Veracruzana, realizada en el gimnasio de la Unidad Deportiva Universitaria.<\/p>\n<p>\u00abEstoy segura que todos los entrenadores lo han vivido as\u00ed en su formaci\u00f3n, por eso la entrega y el empe\u00f1o en compartir con los j\u00f3venes la experiencia que tuvieron durante su formaci\u00f3n deportiva\u00bb, dijo la Rectora.<\/p>\n<div id=\"attachment_5403\" style=\"width: 310px\" class=\"wp-caption alignright\"><a href=\"https:\/\/www.uv.mx\/universo\/files\/2015\/05\/Temis_Universo-502_0028.jpg\"><img aria-describedby=\"caption-attachment-5403\" decoding=\"async\" loading=\"lazy\" class=\"size-medium wp-image-5403\" src=\"https:\/\/www.uv.mx\/universo\/files\/2015\/05\/Temis_Universo-502_0028-300x200.jpg\" alt=\"Mauricio Platas entreg\u00f3 la playera de Halcones a la Rectora\" width=\"300\" height=\"200\" srcset=\"https:\/\/www.uv.mx\/universo\/files\/2015\/05\/Temis_Universo-502_0028-300x200.jpg 300w, https:\/\/www.uv.mx\/universo\/files\/2015\/05\/Temis_Universo-502_0028.jpg 722w\" sizes=\"(max-width: 300px) 100vw, 300px\" \/><\/a><p id=\"caption-attachment-5403\" class=\"wp-caption-text\">Mauricio Platas entreg\u00f3 la playera de Halcones a la Rectora<\/p><\/div>\n<p>Ladr\u00f3n de Guevara record\u00f3 que hace 15 a\u00f1os el programa era s\u00f3lo un proyecto y ahora est\u00e1 dejando huella, con ni\u00f1os que apenas alcanzan esa edad.<\/p>\n<p>\u00abSabemos que \u00e9sta es una experiencia de vida, los define y les da identidad. Asimismo les hace aprender a trabajar en equipo, que es la forma en que obtienen buenos logros. Adem\u00e1s aprenden a hacer estrategias, porque podemos tener una meta pero s\u00f3lo la alcanzaremos si cada quien cumple con su parte en el esfuerzo.\u00bb<\/p>\n<p>Ladr\u00f3n de Guevara celebr\u00f3 que tales experiencias se den en el seno de la Universidad Veracruzana: \u00abEs parte de la formaci\u00f3n integral a la que hacemos alusi\u00f3n y que significa ser humanos con \u00e9tica, con respeto, aprecio y esfuerzo para ser cada d\u00eda mejores\u00bb.<\/p>\n<p>En el evento, el ni\u00f1o Mauricio Platas entreg\u00f3 una playera a la Rectora e inmediatamente despu\u00e9s se dio paso a la toma de foto oficial con todos los integrantes de la organizaci\u00f3n.<\/p>\n<div id=\"attachment_5404\" style=\"width: 310px\" class=\"wp-caption alignright\"><a href=\"https:\/\/www.uv.mx\/universo\/files\/2015\/05\/Temis_Universo-502_0029.jpg\"><img aria-describedby=\"caption-attachment-5404\" decoding=\"async\" loading=\"lazy\" class=\"size-medium wp-image-5404\" src=\"https:\/\/www.uv.mx\/universo\/files\/2015\/05\/Temis_Universo-502_0029-300x200.jpg\" alt=\"Los jugadores se tomaron selfies\" width=\"300\" height=\"200\" srcset=\"https:\/\/www.uv.mx\/universo\/files\/2015\/05\/Temis_Universo-502_0029-300x200.jpg 300w, https:\/\/www.uv.mx\/universo\/files\/2015\/05\/Temis_Universo-502_0029.jpg 508w\" sizes=\"(max-width: 300px) 100vw, 300px\" \/><\/a><p id=\"caption-attachment-5404\" class=\"wp-caption-text\">Los jugadores se tomaron selfies<\/p><\/div>\n<p>15 a\u00f1os de forjar deportistas El director del Programa de Futbol Americano, Jos\u00e9 Luis Izquierdo Bustamante, agradeci\u00f3 la presencia de la Rectora y destac\u00f3 su papel en el desarrollo del proyecto: \u00abHace 15 a\u00f1os nos presentamos con un proyecto en la Rector\u00eda, cuando usted era Secretaria Acad\u00e9mica, y fue la primera que autoriz\u00f3 los cursos de preparaci\u00f3n para el examen de admisi\u00f3n a la UV para los jugadores de futbol americano\u00bb.<\/p>\n<p>Izquierdo Bustamante dijo que el programa comenz\u00f3 con 40 jugadores, y ahora tiene cerca de 650 participantes.<\/p>\n<p>\u00abSomos uno de los mejores programas del pa\u00eds, con participaci\u00f3n de ni\u00f1os, j\u00f3venes, se\u00f1oritas y adultos, quienes realizan esta actividad deportiva como un complemento a su educaci\u00f3n integral y los mantiene alejados de vicios y pr\u00e1cticas que tristemente afectan a nuestra ni\u00f1ez y a nuestro pa\u00eds.\u00bb<\/p>\n<p>Asimismo inform\u00f3 que son 14 las categor\u00edas que participan en la mejor liga del pa\u00eds, la Organizaci\u00f3n Nacional Estudiantil de Futbol Americano (ONEFA), donde compiten equipos de alto nivel como la UNAM, el IPN y representativos de Nuevo Le\u00f3n, Tamaulipas y Puebla.<\/p>\n<p>Por \u00faltimo, Jos\u00e9 Luis Izquierdo se\u00f1al\u00f3 que los logros no s\u00f3lo han sido deportivos, sino tambi\u00e9n acad\u00e9micos: \u00abHemos ganado 16 campeonatos nacionales en diferentes categor\u00edas, en ambas ramas, pero el logro m\u00e1s grande es que el 98 por ciento de nuestros jugadores han presentado su examen de admisi\u00f3n e ingresado a la UV y han terminado una licenciatura\u00bb.<\/p>\n","protected":false},"excerpt":{"rendered":"<p>El deporte deja muchas ense\u00f1anzas a los j\u00f3venes, no solamente en la parte f\u00edsica, sino en todos los aspectos de la vida, afirm\u00f3 la rectora Sara Ladr\u00f3n de Guevara durante la celebraci\u00f3n de los 15 a\u00f1os del Programa de Futbol Americano de la Universidad Veracruzana, realizada en el gimnasio de la Unidad Deportiva Universitaria<\/p>\n\r\n<div class=\"seriesmeta\">Contenido 42 de 45 del n\u00famero <a href=\"https:\/\/www.uv.mx\/universo\/numero\/602\/\" class=\"series-333\" title=\"602\">602<\/a><\/div>","protected":false},"author":1664,"featured_media":5402,"comment_status":"closed","ping_status":"closed","sticky":false,"template":"","format":"standard","meta":[],"categories":[7],"tags":[],"series":[333],"_links":{"self":[{"href":"https:\/\/www.uv.mx\/universo\/wp-json\/wp\/v2\/posts\/5447"}],"collection":[{"href":"https:\/\/www.uv.mx\/universo\/wp-json\/wp\/v2\/posts"}],"about":[{"href":"https:\/\/www.uv.mx\/universo\/wp-json\/wp\/v2\/types\/post"}],"author":[{"embeddable":true,"href":"https:\/\/www.uv.mx\/universo\/wp-json\/wp\/v2\/users\/1664"}],"replies":[{"embeddable":true,"href":"https:\/\/www.uv.mx\/universo\/wp-json\/wp\/v2\/comments?post=5447"}],"version-history":[{"count":0,"href":"https:\/\/www.uv.mx\/universo\/wp-json\/wp\/v2\/posts\/5447\/revisions"}],"wp:featuredmedia":[{"embeddable":true,"href":"https:\/\/www.uv.mx\/universo\/wp-json\/wp\/v2\/media\/5402"}],"wp:attachment":[{"href":"https:\/\/www.uv.mx\/universo\/wp-json\/wp\/v2\/media?parent=5447"}],"wp:term":[{"taxonomy":"category","embeddable":true,"href":"https:\/\/www.uv.mx\/universo\/wp-json\/wp\/v2\/categories?post=5447"},{"taxonomy":"post_tag","embeddable":true,"href":"https:\/\/www.uv.mx\/universo\/wp-json\/wp\/v2\/tags?post=5447"},{"taxonomy":"series","embeddable":true,"href":"https:\/\/www.uv.mx\/universo\/wp-json\/wp\/v2\/series?post=5447"}],"curies":[{"name":"wp","href":"https:\/\/api.w.org\/{rel}","templated":true}]}}