{"id":5487,"date":"2015-04-13T07:59:36","date_gmt":"2015-04-13T12:59:36","guid":{"rendered":"https:\/\/www.uv.mx\/universo\/?p=5487"},"modified":"2015-10-27T16:15:28","modified_gmt":"2015-10-27T22:15:28","slug":"ciencias-quimicas-convoca-a-la-maestria-en-ingenieria-de-la-calidad","status":"publish","type":"post","link":"https:\/\/www.uv.mx\/universo\/general\/ciencias-quimicas-convoca-a-la-maestria-en-ingenieria-de-la-calidad\/","title":{"rendered":"Ciencias Qu\u00edmicas convoca a la Maestr\u00eda en Ingenier\u00eda de la Calidad"},"content":{"rendered":"<div class=\"seriesmeta noshow\">Contenido 24 de 46 del n\u00famero <a href=\"https:\/\/www.uv.mx\/universo\/numero\/596\/\" class=\"series-330\" title=\"596\">596<\/a><\/div>\r\n<p><em><span class=\"Resumen\">Se trata de un programa vigente, dada la demanda de empresas e instituciones para posicionar e incrementar su competitividad<\/span><\/em><\/p>\n<p><span style=\"font-size: 10pt\"><strong><span class=\"Autor\">Karina de la Paz Reyes<\/span><\/strong><\/span><\/p>\n<div id=\"attachment_5492\" style=\"width: 310px\" class=\"wp-caption alignright\"><a href=\"https:\/\/www.uv.mx\/universo\/files\/2015\/05\/596-infgral005-Ingenieria-de-la-calidad.jpg\"><img aria-describedby=\"caption-attachment-5492\" decoding=\"async\" loading=\"lazy\" class=\"size-medium wp-image-5492\" src=\"https:\/\/www.uv.mx\/universo\/files\/2015\/05\/596-infgral005-Ingenieria-de-la-calidad-300x174.jpg\" alt=\"Bertha Hern\u00e1ndez Su\u00e1rez coordina el posgrado\" width=\"300\" height=\"174\" srcset=\"https:\/\/www.uv.mx\/universo\/files\/2015\/05\/596-infgral005-Ingenieria-de-la-calidad-300x174.jpg 300w, https:\/\/www.uv.mx\/universo\/files\/2015\/05\/596-infgral005-Ingenieria-de-la-calidad.jpg 700w\" sizes=\"(max-width: 300px) 100vw, 300px\" \/><\/a><p id=\"caption-attachment-5492\" class=\"wp-caption-text\">Bertha Hern\u00e1ndez Su\u00e1rez coordina el posgrado<\/p><\/div>\n<p><span class=\"Texto\">La Facultad de Ciencias Qu\u00edmicas convoca a cursar la Maestr\u00eda en Ingenier\u00eda de la Calidad, cuya pertinencia es indispensable en esta \u00e9poca en la cual la calidad debe predominar en los procesos, los recursos humanos, incluso en la propia infraestructura de las empresas, industrias e instituciones.<\/span><\/p>\n<p><span class=\"Texto\">El 4 de mayo es la fecha l\u00edmite para presentar la documentaci\u00f3n requerida para ingresar al posgrado, al que pueden postularse egresados de licenciaturas afines a las \u00e1reas acad\u00e9micas T\u00e9cnica, Econ\u00f3mico-Administrativa, Biol\u00f3gicas-Agropecuarias y Ciencias de la Salud, tal y como se se\u00f1ala en la convocatoria (www.uv.mx\/escolar\/posgrado2015\/index.html).<\/span><\/p>\n<p><span class=\"Texto\">La Maestr\u00eda en Ingenier\u00eda de la Calidad desde sus inicios ingres\u00f3 al Programa Nacional de Posgrado de Calidad del Consejo Nacional de Ciencia y Tecnolog\u00eda (Conacyt), lo que significa que sus estudiantes perciben una beca que les permita dedicarse de tiempo completo al programa de estudios.<\/span><\/p>\n<p><span class=\"Texto\">La coordinadora del posgrado, Bertha Mar\u00eda Roc\u00edo Hern\u00e1ndez Su\u00e1rez, record\u00f3 que se trata de un programa profesionalizante, cuyo antecedente es la Especializaci\u00f3n en Control de Calidad que la Facultad imparti\u00f3 de 1996 a 2011; en 2014 inici\u00f3 su primera generaci\u00f3n y la actual convocatoria es para integrar la segunda.<\/span><\/p>\n<p><span class=\"Texto\">Este mundo globalizado demanda que las empresas, instituciones y dem\u00e1s organizaciones productivas, utilicen permanentemente estrategias para posicionar e incrementar su competitividad en el mercado, ofrecer productos y servicios de alta calidad, que les permitan conservar la lealtad de sus clientes y expandir sus redes de producci\u00f3n y comercializaci\u00f3n, subray\u00f3 la entrevistada.<\/span><\/p>\n<p><span class=\"Texto\">Quien estudie la Maestr\u00eda de Ingenier\u00eda de la Calidad ser\u00e1 un profesional con la capacidad para atender alg\u00fan \u00e1rea de la empresa (ll\u00e1mese farmacia, hospital, una textilera, papelera, entre otras m\u00e1s), as\u00ed como innovarla y crear, a\u00f1adi\u00f3. \u201cA veces las empresas se van rezagando, no se capacita al personal, los manuales de operaci\u00f3n no se actualizan y todo eso lo atiende la ingenier\u00eda de la calidad\u201d, justific\u00f3.<\/span><\/p>\n<p><span class=\"Texto\">Para ella, hablar de calidad es hablar de todo, tal es el caso de la rendici\u00f3n de cuentas desde un \u00e1mbito de resultados, de atenci\u00f3n a demandas de la sociedad, de competitividad y de estrategias para mantenerse en el mercado.<\/span><\/p>\n<p><span class=\"Texto\">El programa de estudios est\u00e1 estructurado para que en el primer a\u00f1o se curse el \u00e1rea disciplinar y en el segundo se elabore el proyecto de trabajo con las empresas, as\u00ed como las peque\u00f1as y medianas industrias instaladas en la regi\u00f3n.<\/span><\/p>\n<p><span class=\"Texto\">\u201c\u00c9sa es la encomienda que nos dan desde Conacyt, que exista una vinculaci\u00f3n directa con la regi\u00f3n, que los trabajos no s\u00f3lo recepcionales sino que las materias est\u00e9n vinculadas a la resoluci\u00f3n o al an\u00e1lisis de alguna problem\u00e1tica que presente la empresa o alguna dependencia.\u201d<\/span><\/p>\n<p><span class=\"Texto\">Otro enlace donde se pueden encontrar los detalles de la convocatoria y del programa educativo es www.uv.mx\/micalidad\/<\/span><\/p>\n","protected":false},"excerpt":{"rendered":"<p>Se trata de un programa vigente, dada la demanda de empresas e instituciones para posicionar e incrementar su competitividad Karina de la Paz Reyes La Facultad de Ciencias Qu\u00edmicas convoca a cursar la Maestr\u00eda en Ingenier\u00eda de la Calidad, cuya pertinencia es indispensable en esta \u00e9poca en la cual la calidad debe predominar en los [&hellip;]<\/p>\n\r\n<div class=\"seriesmeta\">Contenido 24 de 46 del n\u00famero <a href=\"https:\/\/www.uv.mx\/universo\/numero\/596\/\" class=\"series-330\" title=\"596\">596<\/a><\/div>","protected":false},"author":1668,"featured_media":5492,"comment_status":"closed","ping_status":"closed","sticky":false,"template":"","format":"standard","meta":[],"categories":[1],"tags":[331],"series":[330],"_links":{"self":[{"href":"https:\/\/www.uv.mx\/universo\/wp-json\/wp\/v2\/posts\/5487"}],"collection":[{"href":"https:\/\/www.uv.mx\/universo\/wp-json\/wp\/v2\/posts"}],"about":[{"href":"https:\/\/www.uv.mx\/universo\/wp-json\/wp\/v2\/types\/post"}],"author":[{"embeddable":true,"href":"https:\/\/www.uv.mx\/universo\/wp-json\/wp\/v2\/users\/1668"}],"replies":[{"embeddable":true,"href":"https:\/\/www.uv.mx\/universo\/wp-json\/wp\/v2\/comments?post=5487"}],"version-history":[{"count":0,"href":"https:\/\/www.uv.mx\/universo\/wp-json\/wp\/v2\/posts\/5487\/revisions"}],"wp:featuredmedia":[{"embeddable":true,"href":"https:\/\/www.uv.mx\/universo\/wp-json\/wp\/v2\/media\/5492"}],"wp:attachment":[{"href":"https:\/\/www.uv.mx\/universo\/wp-json\/wp\/v2\/media?parent=5487"}],"wp:term":[{"taxonomy":"category","embeddable":true,"href":"https:\/\/www.uv.mx\/universo\/wp-json\/wp\/v2\/categories?post=5487"},{"taxonomy":"post_tag","embeddable":true,"href":"https:\/\/www.uv.mx\/universo\/wp-json\/wp\/v2\/tags?post=5487"},{"taxonomy":"series","embeddable":true,"href":"https:\/\/www.uv.mx\/universo\/wp-json\/wp\/v2\/series?post=5487"}],"curies":[{"name":"wp","href":"https:\/\/api.w.org\/{rel}","templated":true}]}}