{"id":5545,"date":"2015-04-13T07:59:48","date_gmt":"2015-04-13T12:59:48","guid":{"rendered":"https:\/\/www.uv.mx\/universo\/?p=5545"},"modified":"2015-10-27T16:15:27","modified_gmt":"2015-10-27T22:15:27","slug":"regeneracion-natural-viable-en-bosques-del-cofre-de-perote","status":"publish","type":"post","link":"https:\/\/www.uv.mx\/universo\/general\/regeneracion-natural-viable-en-bosques-del-cofre-de-perote\/","title":{"rendered":"Regeneraci\u00f3n natural, viable en bosques del Cofre de Perote"},"content":{"rendered":"<div class=\"seriesmeta noshow\">Contenido 12 de 46 del n\u00famero <a href=\"https:\/\/www.uv.mx\/universo\/numero\/596\/\" class=\"series-330\" title=\"596\">596<\/a><\/div>\r\n<p class=\"Encabezado\"><strong>Se\u00f1alan investigaciones del Inbioteca<\/strong><\/p>\n<p class=\"Titulo\"><span style=\"font-size: 10pt\"><strong>David Sandoval Rodr\u00edguez<\/strong><\/span><\/p>\n<div id=\"attachment_5525\" style=\"width: 310px\" class=\"wp-caption alignright\"><a href=\"https:\/\/www.uv.mx\/universo\/files\/2015\/05\/596-infgral016.jpeg\"><img aria-describedby=\"caption-attachment-5525\" decoding=\"async\" loading=\"lazy\" class=\"size-medium wp-image-5525\" src=\"https:\/\/www.uv.mx\/universo\/files\/2015\/05\/596-infgral016-300x200.jpeg\" alt=\"L\u00e1zaro Rafael S\u00e1nchez Vel\u00e1squez\" width=\"300\" height=\"200\" \/><\/a><p id=\"caption-attachment-5525\" class=\"wp-caption-text\">L\u00e1zaro Rafael S\u00e1nchez Vel\u00e1squez<\/p><\/div>\n<p class=\"Titulo\">\n<p>A trav\u00e9s de la regeneraci\u00f3n natural es posible la rehabilitaci\u00f3n ecol\u00f3gica en la regi\u00f3n del Cofre de Perote, manifest\u00f3 L\u00e1zaro Rafael S\u00e1nchez Vel\u00e1squez, investigador del Instituto de Biotecnolog\u00eda y Ecolog\u00eda Aplicada (Inbioteca), al presentar seis trabajos realizados por acad\u00e9micos universitarios en la regi\u00f3n, con la participaci\u00f3n de estudiantes de los posgrados que se imparten en el instituto.<\/p>\n<p>En el marco del Simposio \u00abEl Cofre de Perote: situaci\u00f3n, importancia y perspectivas\u00bb, present\u00f3 la ponencia \u00abEcolog\u00eda, restauraci\u00f3n y regeneraci\u00f3n de bosques en el Cofre de Perote\u00bb.<\/p>\n<p>\u00abLa regeneraci\u00f3n natural de pinos in situ es una opci\u00f3n adecuada para la rehabilitaci\u00f3n ecol\u00f3gica en terrenos degradados, especialmente si est\u00e1n protegidos del ganado, en comparaci\u00f3n con las plantaciones forestales\u00bb, puntualiz\u00f3.<\/p>\n<p>S\u00e1nchez Vel\u00e1squez se\u00f1al\u00f3 que los trabajos realizados tuvieron lugar en ocho sitios localizados en los municipios de Las Vigas y Acajete.<\/p>\n<p>La tasa anual de deforestaci\u00f3n a nivel mundial es muy alta (7.2 millones de hect\u00e1reas). En M\u00e9xico se ha revertido esta tendencia al 1.5 por ciento; no obstante en el pa\u00eds se ha perdido m\u00e1s de 95 por ciento del bosque tropical, m\u00e1s de 90 por ciento del bosque mes\u00f3filo de monta\u00f1a y m\u00e1s de 50 por ciento de los bosques templados.<\/p>\n<p>Al respecto, coment\u00f3 que posiblemente no sea necesario incrementar la producci\u00f3n de pl\u00e1ntulas en viveros para programas de reforestaci\u00f3n si, por otro lado, se establecen acciones que protejan las poblaciones de pino contra los incendios forestales y el ganado.<\/p>\n<p>Explic\u00f3 que el sistema de reforestaci\u00f3n y regeneraci\u00f3n de pinos y liquid\u00e1mbar, as\u00ed como la posterior siembra de pl\u00e1ntulas debajo del dosel, \u00abpueden ser una opci\u00f3n para la reintroducci\u00f3n de especies que ya est\u00e1n extintas, mientras que otras especies tienen el potencial para ser utilizadas en proyectos de restauraci\u00f3n tanto para \u00e1reas abiertas como cerradas, incluso pueden ser utilizadas para la conectividad entre fragmentos, creando corredores entre bosques fragmentados\u00bb.<\/p>\n<p>La regeneraci\u00f3n de oyamel (Abies religiosa) tiene mejores registros en espacios claros que en el sotobosque (arbustos que crecen bajo los \u00e1rboles), para el manejo de estos bosques se puede probar una t\u00e9cnica de selecci\u00f3n de \u00e1rboles, mientras que para la producci\u00f3n de pinos se puede encauzar la regeneraci\u00f3n que ocurre bajo el dosel en el bosque.<\/p>\n<p>Se\u00f1al\u00f3 que uno de los proyectos abord\u00f3 un estudio comparativo de crecimiento de tres especies de pino bajo diferentes condiciones de cobertura, comprobando una tasa de crecimiento significativa de las pl\u00e1ntulas bajo especies de pino y liquid\u00e1mbar.<\/p>\n<p>Otro de los proyectos se enfoc\u00f3 a la regeneraci\u00f3n del oyamel en claros del dosel comparado con espacios bajo el dosel, partiendo de la hip\u00f3tesis que al crecer la especie bajo la capa superior de las hojas de un \u00e1rbol es m\u00e1s factible su crecimiento; no obstante los resultados muestran que \u00abla regeneraci\u00f3n es mucho m\u00e1s completa en los claros del bosque\u00bb.<\/p>\n<p>Es importante que no se desmonte ya que se ha comprobado que los arbustos facilitan la regeneraci\u00f3n, contrario a la idea de reforestaci\u00f3n que como estrategia desmontan las \u00e1reas para posteriormente sembrar los \u00e1rboles, hecho que demostr\u00f3 otro de los proyectos donde la tasa de crecimiento indic\u00f3 que en espacios donde hay presencia de arbustos se facilita la presencia de oyamel.<\/p>\n<p>Agreg\u00f3 que la presencia de los arbustos tiene la ventaja de reducir costos, por lo que se debe considerar como una posibilidad factible para fortalecer la regeneraci\u00f3n natural de las \u00e1reas boscosas del Cofre de Perote.<\/p>\n","protected":false},"excerpt":{"rendered":"<p>Se\u00f1alan investigaciones del Inbioteca David Sandoval Rodr\u00edguez A trav\u00e9s de la regeneraci\u00f3n natural es posible la rehabilitaci\u00f3n ecol\u00f3gica en la regi\u00f3n del Cofre de Perote, manifest\u00f3 L\u00e1zaro Rafael S\u00e1nchez Vel\u00e1squez, investigador del Instituto de Biotecnolog\u00eda y Ecolog\u00eda Aplicada (Inbioteca), al presentar seis trabajos realizados por acad\u00e9micos universitarios en la regi\u00f3n, con la participaci\u00f3n de estudiantes [&hellip;]<\/p>\n\r\n<div class=\"seriesmeta\">Contenido 12 de 46 del n\u00famero <a href=\"https:\/\/www.uv.mx\/universo\/numero\/596\/\" class=\"series-330\" title=\"596\">596<\/a><\/div>","protected":false},"author":1668,"featured_media":0,"comment_status":"closed","ping_status":"closed","sticky":false,"template":"","format":"standard","meta":[],"categories":[1],"tags":[331],"series":[330],"_links":{"self":[{"href":"https:\/\/www.uv.mx\/universo\/wp-json\/wp\/v2\/posts\/5545"}],"collection":[{"href":"https:\/\/www.uv.mx\/universo\/wp-json\/wp\/v2\/posts"}],"about":[{"href":"https:\/\/www.uv.mx\/universo\/wp-json\/wp\/v2\/types\/post"}],"author":[{"embeddable":true,"href":"https:\/\/www.uv.mx\/universo\/wp-json\/wp\/v2\/users\/1668"}],"replies":[{"embeddable":true,"href":"https:\/\/www.uv.mx\/universo\/wp-json\/wp\/v2\/comments?post=5545"}],"version-history":[{"count":0,"href":"https:\/\/www.uv.mx\/universo\/wp-json\/wp\/v2\/posts\/5545\/revisions"}],"wp:attachment":[{"href":"https:\/\/www.uv.mx\/universo\/wp-json\/wp\/v2\/media?parent=5545"}],"wp:term":[{"taxonomy":"category","embeddable":true,"href":"https:\/\/www.uv.mx\/universo\/wp-json\/wp\/v2\/categories?post=5545"},{"taxonomy":"post_tag","embeddable":true,"href":"https:\/\/www.uv.mx\/universo\/wp-json\/wp\/v2\/tags?post=5545"},{"taxonomy":"series","embeddable":true,"href":"https:\/\/www.uv.mx\/universo\/wp-json\/wp\/v2\/series?post=5545"}],"curies":[{"name":"wp","href":"https:\/\/api.w.org\/{rel}","templated":true}]}}