{"id":5673,"date":"2015-01-26T07:59:49","date_gmt":"2015-01-26T13:59:49","guid":{"rendered":"https:\/\/www.uv.mx\/universo\/?p=5673"},"modified":"2015-12-14T20:13:27","modified_gmt":"2015-12-15T02:13:27","slug":"informatica-afin-con-todas-las-disciplinas","status":"publish","type":"post","link":"https:\/\/www.uv.mx\/universo\/general\/informatica-afin-con-todas-las-disciplinas\/","title":{"rendered":"Inform\u00e1tica, af\u00edn con todas las disciplinas"},"content":{"rendered":"<div class=\"seriesmeta noshow\">Contenido 11 de 41 del n\u00famero <a href=\"https:\/\/www.uv.mx\/universo\/numero\/587\/\" class=\"series-335\" title=\"587\">587<\/a><\/div>\r\n<div id=\"attachment_5609\" style=\"width: 310px\" class=\"wp-caption alignright\"><a href=\"https:\/\/www.uv.mx\/universo\/files\/2015\/05\/Temis_Universo-587_0012.jpg\"><img aria-describedby=\"caption-attachment-5609\" decoding=\"async\" loading=\"lazy\" class=\"size-medium wp-image-5609\" src=\"https:\/\/www.uv.mx\/universo\/files\/2015\/05\/Temis_Universo-587_0012-300x200.jpg\" alt=\"Freddy \u00cd\u00f1iguez L\u00f3pez\" width=\"300\" height=\"200\" srcset=\"https:\/\/www.uv.mx\/universo\/files\/2015\/05\/Temis_Universo-587_0012-300x200.jpg 300w, https:\/\/www.uv.mx\/universo\/files\/2015\/05\/Temis_Universo-587_0012.jpg 722w\" sizes=\"(max-width: 300px) 100vw, 300px\" \/><\/a><p id=\"caption-attachment-5609\" class=\"wp-caption-text\">Freddy \u00cd\u00f1iguez L\u00f3pez<\/p><\/div>\n<p><em>Estudiante de la Facultad de Estad\u00edstica e Inform\u00e1tica particip\u00f3 en el Laboratorio Iberoamericano de Innovaci\u00f3n Ciudadana<\/em><\/p>\n<p><span style=\"font-size: 8pt\"><strong>Karina de la Paz Reyes<\/strong><\/span><\/p>\n<p>La inform\u00e1tica se puede involucrar con todas las disciplinas, incluso las sociales, culturales y pol\u00edticas, opin\u00f3 el estudiante de la Facultad de Estad\u00edstica e Inform\u00e1tica, Freddy \u00cd\u00f1iguez L\u00f3pez, quien particip\u00f3 en el Laboratorio Iberoamericano de Innovaci\u00f3n Ciudadana.<\/p>\n<p>Dicho laboratorio se desarroll\u00f3 del 24 de noviembre al 5 de diciembre de 2014 en la ciudad de Veracruz, y se present\u00f3 junto con otros nueve proyectos en el Museo de la Ciudad, en el marco de la XXIV Cumbre Iberoamericana de Jefes de Estado y de Gobierno.<\/p>\n<p>Freddy \u00cd\u00f1iguez fue convocado a tal evento luego de su participaci\u00f3n en el \u201cHackat\u00f3n Xalapa 2014-Soluciones para nuestra capital\u201d, organizado por el ayuntamiento de Xalapa, donde junto con su equipo result\u00f3 ganador con un proyecto sobre salud (http:\/\/bit.ly\/1BRURLY).<\/p>\n<p>El universitario fue parte del proyecto \u201cCHQ Colectivo\u201d que, seg\u00fan explica la p\u00e1gina oficial del laboratorio, se trata de una plataforma participativa para la apertura de datos y verificaci\u00f3n de publicidades electorales y spots de campa\u00f1as, tanto gr\u00e1ficas como audiovisuales, toda vez que en los ciclos pre-electorales, los candidatos colman el espacio p\u00fablico con publicidades donde hacen numerosas aseveraciones para sustentar sus posiciones ante diversos temas y captar votos.<\/p>\n<p>En un primer momento el proyecto se llam\u00f3 \u201cCHQ Electoral Colectivo\u201d y el objetivo era, precisamente, que los ciudadanos pudieran enviar fotos de carteles, links y spots de campa\u00f1a, y solicitar v\u00eda Twitter y Facebook que evaluaran la veracidad de las afirmaciones hechas por candidatos pol\u00edticos como parte de sus estrategias electorales.<\/p>\n<p>\u00cd\u00f1iguez L\u00f3pez refiri\u00f3 que la idea proviene de un proyecto de periodistas argentinos llamado Chequeado.com. \u201cConsiste en verificar si son verdaderas o falsas las propagandas o anuncios que vemos de campa\u00f1as electorales\u201d, dijo; \u201cpor ejemplo, vemos un anuncio que dice \u2018El Partido Verde aprob\u00f3 la Ley Contra los Animales en los Circos\u2019, entonces uno como usuario o ciudadano quisiera saber si esa ley realmente est\u00e1 aprobada, entonces la env\u00eda a esta plataforma para su verificaci\u00f3n\u201d, a\u00f1adi\u00f3.<\/p>\n<p>A diferencia del proyecto argentino donde quienes verifican son los propios periodistas, la plataforma desarrollada en el Laboratorio Iberoamericano de Innovaci\u00f3n Ciudadana propone involucrar a los ciudadanos, que la informaci\u00f3n sea comentada y verificada por los propios usuarios.<\/p>\n<p>En el transcurso de los d\u00edas de trabajo, el nombre del proyecto cambi\u00f3 de \u201cCHQ Electoral Colectivo\u201d a \u201cCHQ Colectivo\u201d (aunque el nombre de la p\u00e1gina alude al primer nombre:\u00a0http:\/\/chqelectoral.com), al considerar que es posible expandirla a otros \u00e1mbitos como el cultural o el social.<\/p>\n<p>El equipo que desarroll\u00f3 esta plataforma estuvo conformado por uno de los creadores del proyecto argentino, el periodista Mat\u00edas Di Santi; as\u00ed como periodistas, comunicadores, soci\u00f3logos, dise\u00f1adores, entre otros profesionales, de diversas nacionalidades iberoamericanas.<\/p>\n<p>\u201cLa idea es que esa plataforma se siga trabajando hasta llegar al dise\u00f1o que se concibi\u00f3 en el trabajo de esas dos semanas\u201d, explic\u00f3 el universitario.<\/p>\n<p>Tal experiencia le permiti\u00f3 ejercer la interdisciplinariedad y ver la falta de desarrolladores inform\u00e1ticos en proyectos<br \/>\nsociales, electorales o pol\u00edticos. Al menos en la plataforma que colabor\u00f3 la petici\u00f3n inicial era de dos programadores.<\/p>\n<p>\u201cMe di cuenta que es necesario involucrar a personas de muchas disciplinas para lograr un proyecto. Vi que es algo indispensable, sin duda.\u201d<\/p>\n","protected":false},"excerpt":{"rendered":"<p>Estudiante de la Facultad de Estad\u00edstica e Inform\u00e1tica particip\u00f3 en el Laboratorio Iberoamericano de Innovaci\u00f3n Ciudadana Karina de la Paz Reyes La inform\u00e1tica se puede involucrar con todas las disciplinas, incluso las sociales, culturales y pol\u00edticas, opin\u00f3 el estudiante de la Facultad de Estad\u00edstica e Inform\u00e1tica, Freddy \u00cd\u00f1iguez L\u00f3pez, quien particip\u00f3 en el Laboratorio Iberoamericano [&hellip;]<\/p>\n\r\n<div class=\"seriesmeta\">Contenido 11 de 41 del n\u00famero <a href=\"https:\/\/www.uv.mx\/universo\/numero\/587\/\" class=\"series-335\" title=\"587\">587<\/a><\/div>","protected":false},"author":1664,"featured_media":5609,"comment_status":"closed","ping_status":"closed","sticky":false,"template":"","format":"standard","meta":[],"categories":[1],"tags":[],"series":[335],"_links":{"self":[{"href":"https:\/\/www.uv.mx\/universo\/wp-json\/wp\/v2\/posts\/5673"}],"collection":[{"href":"https:\/\/www.uv.mx\/universo\/wp-json\/wp\/v2\/posts"}],"about":[{"href":"https:\/\/www.uv.mx\/universo\/wp-json\/wp\/v2\/types\/post"}],"author":[{"embeddable":true,"href":"https:\/\/www.uv.mx\/universo\/wp-json\/wp\/v2\/users\/1664"}],"replies":[{"embeddable":true,"href":"https:\/\/www.uv.mx\/universo\/wp-json\/wp\/v2\/comments?post=5673"}],"version-history":[{"count":0,"href":"https:\/\/www.uv.mx\/universo\/wp-json\/wp\/v2\/posts\/5673\/revisions"}],"wp:featuredmedia":[{"embeddable":true,"href":"https:\/\/www.uv.mx\/universo\/wp-json\/wp\/v2\/media\/5609"}],"wp:attachment":[{"href":"https:\/\/www.uv.mx\/universo\/wp-json\/wp\/v2\/media?parent=5673"}],"wp:term":[{"taxonomy":"category","embeddable":true,"href":"https:\/\/www.uv.mx\/universo\/wp-json\/wp\/v2\/categories?post=5673"},{"taxonomy":"post_tag","embeddable":true,"href":"https:\/\/www.uv.mx\/universo\/wp-json\/wp\/v2\/tags?post=5673"},{"taxonomy":"series","embeddable":true,"href":"https:\/\/www.uv.mx\/universo\/wp-json\/wp\/v2\/series?post=5673"}],"curies":[{"name":"wp","href":"https:\/\/api.w.org\/{rel}","templated":true}]}}