{"id":5693,"date":"2015-01-26T07:59:40","date_gmt":"2015-01-26T13:59:40","guid":{"rendered":"https:\/\/www.uv.mx\/universo\/?p=5693"},"modified":"2015-12-14T20:13:27","modified_gmt":"2015-12-15T02:13:27","slug":"uv-recordo-legado-de-jose-gaos","status":"publish","type":"post","link":"https:\/\/www.uv.mx\/universo\/general\/uv-recordo-legado-de-jose-gaos\/","title":{"rendered":"UV record\u00f3 legado de Jos\u00e9 Gaos"},"content":{"rendered":"<div class=\"seriesmeta noshow\">Contenido 20 de 41 del n\u00famero <a href=\"https:\/\/www.uv.mx\/universo\/numero\/587\/\" class=\"series-335\" title=\"587\">587<\/a><\/div>\r\n<p><em><a href=\"https:\/\/www.uv.mx\/universo\/files\/2015\/05\/Temis_Universo-587_0020.jpg\"><img decoding=\"async\" loading=\"lazy\" class=\"alignright size-medium wp-image-5617\" src=\"https:\/\/www.uv.mx\/universo\/files\/2015\/05\/Temis_Universo-587_0020-300x200.jpg\" alt=\"Temis_Universo-587_0020\" width=\"300\" height=\"200\" srcset=\"https:\/\/www.uv.mx\/universo\/files\/2015\/05\/Temis_Universo-587_0020-300x200.jpg 300w, https:\/\/www.uv.mx\/universo\/files\/2015\/05\/Temis_Universo-587_0020.jpg 722w\" sizes=\"(max-width: 300px) 100vw, 300px\" \/><\/a>Su reflexi\u00f3n tiende a definir el ser de la filosof\u00eda, expres\u00f3 Rafael Velasco<\/em><\/p>\n<p><span style=\"font-size: 8pt\"><strong>David Sandoval Rodr\u00edguez\u00a0<\/strong><\/span><\/p>\n<p>El investigador y ex rector de la Universidad Veracruzana (UV), Rafael Velasco Fern\u00e1ndez, charl\u00f3 sobre la vida y obra de Jos\u00e9 Gaos en la Galer\u00eda Universitaria \u201cRam\u00f3n Alva de la Canal\u201d.<\/p>\n<p>Jos\u00e9 Gaos y Gonz\u00e1lez Pola naci\u00f3 en Gij\u00f3n, Espa\u00f1a, en 1900 y falleci\u00f3 en la Ciudad de M\u00e9xico en 1969, obtuvo la nacionalidad mexicana en 1941 y fue el mayor de 14 hermanos. En 1923 concluy\u00f3 sus estudios en la Universidad de Valencia y posteriormente en la Universidad de Madrid, donde fue disc\u00edpulo de Jos\u00e9 Ortega y Gasset y Manuel Garc\u00eda Morente.<\/p>\n<p>En el mismo a\u00f1o fue acad\u00e9mico de la Facultad de Letras en la Universidad de Montpellier, Francia. En 1933 se volvi\u00f3 profesor titular de Filosof\u00eda en la Universidad de Zaragoza, y de Did\u00e1ctica de las Ciencias Humanas en la Universidad de Madrid.<\/p>\n<p>Velasco Fern\u00e1ndez, quien fue alumno de Gaos y una persona cercana a \u00e9l, comparti\u00f3: \u201cSiempre me he sentido en deuda con ese personaje cuyas ense\u00f1anzas fueron tan significativas para M\u00e9xico y para m\u00ed en particular\u201d. En 1936, al estallar la Guerra Civil Espa\u00f1ola, fue nombrado Rector de la Universidad de Madrid y se uni\u00f3 al Partido Socialista Obrero Espa\u00f1ol, al que permaneci\u00f3 afiliado hasta que, por \u00f3rdenes directas del general Francisco Franco, fue obligado a renunciar. Lleg\u00f3 a M\u00e9xico en 1939 como \u201ctransterrado\u201d, porque a \u00e9l nunca le gust\u00f3 decir que era exiliado, y consideraba a M\u00e9xico como su segunda patria, acot\u00f3 Rafael Velasco.<\/p>\n<p>\u201cLa relaci\u00f3n con la UV fue relativamente breve, aunque suficiente para dejarnos ense\u00f1anzas muy valiosas a las que, como su alumno que fui, s\u00ed puedo hacer alusi\u00f3n con cierto derecho\u201d. Tambi\u00e9n record\u00f3 que Fernando Salmer\u00f3n Roiz, tambi\u00e9n ex rector de la UV, fue uno de los alumnos preferidos del maestro espa\u00f1ol.<\/p>\n<p>Al final de sus d\u00edas, asegur\u00f3, el acad\u00e9mico espa\u00f1ol ya hab\u00eda resuelto no apegarse a ninguno de los sistemas filos\u00f3ficos sobre los cuales escribi\u00f3; \u201capoya mi conclusi\u00f3n el hecho de que buscara el ser mismo de la filosof\u00eda\u201d. Comparti\u00f3 que Gaos viajaba continuamente a la Facultad de Filosof\u00eda en Xalapa para impartir clases, y en algunas ocasiones el viaje de vuelta a la capital lo realizaba en el autom\u00f3vil de Rafael Velasco, momento que serv\u00eda para poder platicar variados temas adem\u00e1s de la filosof\u00eda.<\/p>\n<p>En sus conferencias manifestaba que dicha ciencia se profesa y que por ello \u201cse contrae el compromiso de cumplir con ciertos deberes que no se limitan a ser profesor o dar clases, sino por extensi\u00f3n natural a dictar conferencias de todo punto de vista rigurosas y preferentemente a publicar obras, o por lo menos art\u00edculos que deben ser completamente originales\u201d.<\/p>\n<p>Gaos, quer\u00eda ser cient\u00edfico sin dejar de ser fil\u00f3sofo, manifest\u00f3, \u201cestar\u00edamos de acuerdo con algunos de sus cr\u00edticos que esto lo llev\u00f3 a preguntarse por el ser mismo de la filosof\u00eda, concluyendo que la respuesta depende del sujeto que filosofa\u201d.<\/p>\n","protected":false},"excerpt":{"rendered":"<p>Su reflexi\u00f3n tiende a definir el ser de la filosof\u00eda, expres\u00f3 Rafael Velasco David Sandoval Rodr\u00edguez\u00a0 El investigador y ex rector de la Universidad Veracruzana (UV), Rafael Velasco Fern\u00e1ndez, charl\u00f3 sobre la vida y obra de Jos\u00e9 Gaos en la Galer\u00eda Universitaria \u201cRam\u00f3n Alva de la Canal\u201d. Jos\u00e9 Gaos y Gonz\u00e1lez Pola naci\u00f3 en Gij\u00f3n, [&hellip;]<\/p>\n\r\n<div class=\"seriesmeta\">Contenido 20 de 41 del n\u00famero <a href=\"https:\/\/www.uv.mx\/universo\/numero\/587\/\" class=\"series-335\" title=\"587\">587<\/a><\/div>","protected":false},"author":1664,"featured_media":5617,"comment_status":"closed","ping_status":"closed","sticky":false,"template":"","format":"standard","meta":[],"categories":[1],"tags":[],"series":[335],"_links":{"self":[{"href":"https:\/\/www.uv.mx\/universo\/wp-json\/wp\/v2\/posts\/5693"}],"collection":[{"href":"https:\/\/www.uv.mx\/universo\/wp-json\/wp\/v2\/posts"}],"about":[{"href":"https:\/\/www.uv.mx\/universo\/wp-json\/wp\/v2\/types\/post"}],"author":[{"embeddable":true,"href":"https:\/\/www.uv.mx\/universo\/wp-json\/wp\/v2\/users\/1664"}],"replies":[{"embeddable":true,"href":"https:\/\/www.uv.mx\/universo\/wp-json\/wp\/v2\/comments?post=5693"}],"version-history":[{"count":0,"href":"https:\/\/www.uv.mx\/universo\/wp-json\/wp\/v2\/posts\/5693\/revisions"}],"wp:featuredmedia":[{"embeddable":true,"href":"https:\/\/www.uv.mx\/universo\/wp-json\/wp\/v2\/media\/5617"}],"wp:attachment":[{"href":"https:\/\/www.uv.mx\/universo\/wp-json\/wp\/v2\/media?parent=5693"}],"wp:term":[{"taxonomy":"category","embeddable":true,"href":"https:\/\/www.uv.mx\/universo\/wp-json\/wp\/v2\/categories?post=5693"},{"taxonomy":"post_tag","embeddable":true,"href":"https:\/\/www.uv.mx\/universo\/wp-json\/wp\/v2\/tags?post=5693"},{"taxonomy":"series","embeddable":true,"href":"https:\/\/www.uv.mx\/universo\/wp-json\/wp\/v2\/series?post=5693"}],"curies":[{"name":"wp","href":"https:\/\/api.w.org\/{rel}","templated":true}]}}