{"id":5745,"date":"2015-05-25T07:59:59","date_gmt":"2015-05-25T12:59:59","guid":{"rendered":"https:\/\/www.uv.mx\/universo\/?p=5745"},"modified":"2015-06-25T19:09:30","modified_gmt":"2015-06-26T00:09:30","slug":"dia-de-las-humanidades-cosecho-reconocimiento-y-consenso","status":"publish","type":"post","link":"https:\/\/www.uv.mx\/universo\/general\/dia-de-las-humanidades-cosecho-reconocimiento-y-consenso\/","title":{"rendered":"\u201cD\u00eda de las Humanidades\u201d cosech\u00f3 reconocimiento y consenso"},"content":{"rendered":"<div class=\"seriesmeta noshow\">Contenido 1 de 45 del n\u00famero <a href=\"https:\/\/www.uv.mx\/universo\/numero\/602\/\" class=\"series-333\" title=\"602\">602<\/a><\/div>\r\n<p class=\"Resumen\"><em>Autoridades y comunidad estudiantil se pronunciaron porque el evento tenga continuidad<\/em><\/p>\n<div id=\"attachment_5752\" style=\"width: 310px\" class=\"wp-caption alignright\"><a href=\"https:\/\/www.uv.mx\/universo\/files\/2015\/05\/602-infgral-007-Humanidades-1.jpg\"><img aria-describedby=\"caption-attachment-5752\" decoding=\"async\" loading=\"lazy\" class=\"size-medium wp-image-5752\" src=\"https:\/\/www.uv.mx\/universo\/files\/2015\/05\/602-infgral-007-Humanidades-1-300x188.jpg\" alt=\"La Rectora clausur\u00f3 los trabajos\" width=\"300\" height=\"188\" srcset=\"https:\/\/www.uv.mx\/universo\/files\/2015\/05\/602-infgral-007-Humanidades-1-300x188.jpg 300w, https:\/\/www.uv.mx\/universo\/files\/2015\/05\/602-infgral-007-Humanidades-1.jpg 700w\" sizes=\"(max-width: 300px) 100vw, 300px\" \/><\/a><p id=\"caption-attachment-5752\" class=\"wp-caption-text\">La Rectora clausur\u00f3 los trabajos<\/p><\/div>\n<p class=\"Autor\"><span style=\"font-size: 8pt\"><strong>Karina de la Paz Reyes y David Sandoval<\/strong><\/span><\/p>\n<p class=\"Texto\">El esfuerzo que los consejeros alumnos realizaron para organizar y llevar a cabo con \u00e9xito el \u201cD\u00eda de las Humanidades\u201d fue reconocido y celebrado por autoridades de la Universidad Veracruzana, encabezadas por la rectora Sara Ladr\u00f3n de Guevara, quienes se unieron a la demanda generalizada para que el evento se realice nuevamente y, de ser posible, con car\u00e1cter anual.<\/p>\n<p class=\"Texto\">El \u201cD\u00eda de las Humanidades\u201d fue una iniciativa de los representantes alumnos de los programas educativos que alberga el \u00c1rea Acad\u00e9mica de Humanidades para animar un debate colectivo respecto de sus \u00e1reas de estudio y de sus perspectivas comunes y, al mismo tiempo, promover la uni\u00f3n entre los estudiantes de \u00e9sta, una de las \u00e1reas acad\u00e9micas hist\u00f3ricamente considerada como fortaleza de la m\u00e1xima casa de estudios de Veracruz.<\/p>\n<p class=\"Texto\">Durante la ceremonia de clausura de esta intensa jornada acad\u00e9mica, deportiva, cultural y art\u00edstica, la Rectora destac\u00f3: \u201cCelebro que los consejeros de las distintas facultades que integran el \u00c1rea Acad\u00e9mica de Humanidades, as\u00ed como el Sistema de Ense\u00f1anza Abierta, se hayan unido a este esfuerzo\u201d.<\/p>\n<p class=\"Texto\">Subray\u00f3 su deseo de que el \u201cD\u00eda de las Humanidades\u201d se realice a\u00f1o tras a\u00f1o, por lo cual ser\u00e1 importante el pase de estafeta de los consejeros estudiantiles, para que los esfuerzos que hoy inician sigan teniendo frutos.<\/p>\n<p class=\"Texto\">\u201cBienvenida esta iniciativa, bienvenidos sus esfuerzos y la petici\u00f3n, muy sentida, de que logremos que esta experiencia del \u2018D\u00eda de las Humanidades\u2019 se convierta en un d\u00eda anual. Que esto se reproduzca de tal manera que se enriquezca la visi\u00f3n de quienes forman parte de estas disciplinas\u201d, destac\u00f3.<\/p>\n<div id=\"attachment_5753\" style=\"width: 310px\" class=\"wp-caption alignright\"><a href=\"https:\/\/www.uv.mx\/universo\/files\/2015\/05\/602-infgral-008-Humanidades-2.jpg\"><img aria-describedby=\"caption-attachment-5753\" decoding=\"async\" loading=\"lazy\" class=\"size-medium wp-image-5753\" src=\"https:\/\/www.uv.mx\/universo\/files\/2015\/05\/602-infgral-008-Humanidades-2-300x200.jpg\" alt=\"Los actividades culturales formaron parte de la jornada\" width=\"300\" height=\"200\" srcset=\"https:\/\/www.uv.mx\/universo\/files\/2015\/05\/602-infgral-008-Humanidades-2-300x200.jpg 300w, https:\/\/www.uv.mx\/universo\/files\/2015\/05\/602-infgral-008-Humanidades-2.jpg 700w\" sizes=\"(max-width: 300px) 100vw, 300px\" \/><\/a><p id=\"caption-attachment-5753\" class=\"wp-caption-text\">Los actividades culturales formaron parte de la jornada<\/p><\/div>\n<p class=\"Texto\">En el pres\u00eddium le acompa\u00f1aron los consejeros estudiantiles y co-organizadores del evento: Israel Ortiz Ponce (Filosof\u00eda), Ang\u00e9lica Su\u00e1rez Morales (Derecho) y Luz Stephanie Rivera (Antropolog\u00eda). As\u00ed como el director general del \u00c1rea Acad\u00e9mica de Humanidades, Jos\u00e9 Luis Mart\u00ednez Su\u00e1rez, y el coordinador de Asuntos Estudiantiles, Juan Capetillo Hern\u00e1ndez.<\/p>\n<p class=\"Texto\">Entre el p\u00fablico tambi\u00e9n estuvieron presentes el resto de los integrantes del comit\u00e9 organizador, los consejeros estudiantiles V\u00edctor Hugo Gayt\u00e1n (Pedagog\u00eda), Karla Alejandra D\u00edaz (Historia), Alejandra Libertad Rivera (Letras), V\u00edctor Manuel Rodr\u00edguez (Idiomas) y David Hern\u00e1ndez (Sociolog\u00eda). Ang\u00e9lica Su\u00e1rez, en nombre de los co-organizadores, expuso que fue mucho el aprendizaje adquirido en esta jornada de trabajo, desde su previa organizaci\u00f3n hasta el d\u00eda en que se desarroll\u00f3 el evento en s\u00ed.<\/p>\n<p class=\"Texto\">\u201cNuestra idea era llevar a los ponentes a la mayor\u00eda de las facultades posibles, para que nuestros dem\u00e1s compa\u00f1eros pudieran escuchar los puntos de vista de cada una de las disciplinas. Esperemos contar con el apoyo de todos ustedes para este proyecto, porque no queremos que se quede aqu\u00ed. Fue todo un \u00e9xito\u201d, dijo.<\/p>\n<p class=\"Texto\">Asimismo, reconoci\u00f3 que a todos ellos les dej\u00f3 conocimientos y la mente abierta pensando en los diversos temas analizados en las mesas de debate.<\/p>\n<p class=\"Texto\">Ella, en particular, consider\u00f3 que despu\u00e9s de esto habr\u00e1 muchas inquietudes para aplicar reformas a los programas de estudios, \u201cporque nos hacen falta muchas cosas para complementar nuestras carreras\u201d.<\/p>\n<p class=\"Texto\"><strong>Mesa redonda<\/strong><br \/>\nDurante la jornada se efectu\u00f3 la mesa redonda \u201cLa interdisciplinariedad en las ciencias sociales y las humanidades\u201d, en la que participaron los estudiantes: Arturo Al\u00ed Mayo Alarc\u00f3n, de la Facultad de Filosof\u00eda; N\u00e9stor de Jes\u00fas Morgado Orozco, de la Facultad de Idiomas, Mart\u00edn Correa Arce, de la Facultad de Historia, y Jes\u00fas David Ochoa Luna, de la Facultad de Derecho.<\/p>\n<p class=\"Texto\">Los universitarios coincidieron en se\u00f1alar que la interdisciplinariedad es una aproximaci\u00f3n a determinadas problem\u00e1ticas y objetos de estudio, y que en la actualidad persiste una divisi\u00f3n conceptual entre las ciencias sociales que es posible subsanar.<\/p>\n<p class=\"Texto\">La interdisciplinariedad permite el uso de herramientas de una disciplina en el \u00e1rea de estudio de otra, coment\u00f3 Mart\u00edn Correa al se\u00f1alar que el fil\u00f3sofo Edgar Morin propone repensar a las disciplinas acad\u00e9micas como campos que tienen la posibilidad de entrecruzarse en sus indagaciones.<\/p>\n<div id=\"attachment_5751\" style=\"width: 310px\" class=\"wp-caption alignright\"><a href=\"https:\/\/www.uv.mx\/universo\/files\/2015\/05\/602-infgral-006-Humanidades-3.jpg\"><img aria-describedby=\"caption-attachment-5751\" decoding=\"async\" loading=\"lazy\" class=\"size-medium wp-image-5751\" src=\"https:\/\/www.uv.mx\/universo\/files\/2015\/05\/602-infgral-006-Humanidades-3-300x185.jpg\" alt=\"El encuentro concluy\u00f3 con un recital de Ronda Jazz\" width=\"300\" height=\"185\" srcset=\"https:\/\/www.uv.mx\/universo\/files\/2015\/05\/602-infgral-006-Humanidades-3-300x185.jpg 300w, https:\/\/www.uv.mx\/universo\/files\/2015\/05\/602-infgral-006-Humanidades-3.jpg 700w\" sizes=\"(max-width: 300px) 100vw, 300px\" \/><\/a><p id=\"caption-attachment-5751\" class=\"wp-caption-text\">El encuentro concluy\u00f3 con un recital de Ronda Jazz<\/p><\/div>\n<p class=\"Texto\">\u201cGran parte del problema reside en conceptualizarlas como campos separados del conocimiento\u201d, apunt\u00f3. En ese sentido, Arturo Al\u00ed reconoci\u00f3 que t\u00e9cnicas como las historias de vida son recursos \u00fatiles para diversas investigaciones ya que el objeto de estudio primordial de las humanidades es la cultura.<\/p>\n<p class=\"Texto\">En tanto, Ochoa Luna precis\u00f3 que \u201clas ciencias sociales y las humanidades se encargan del estudio del ser humano como un ente social, poniendo \u00e9nfasis en las interacciones humanas y la cultura\u201d.<\/p>\n<p class=\"Texto\">Se\u00f1al\u00f3 que la interdisciplinariedad posibilita \u201cla construcci\u00f3n en el espacio fronterizo de una nueva ciencia, un grado m\u00e1s alto de interdisciplinariedad, lo cual est\u00e1 formando el nuevo conocimiento humano\u201d.<\/p>\n<p class=\"Texto\">Por su parte, Morgado Orozco hizo referencia al concepto planteado y advirti\u00f3 que \u201cno podemos crear una homogeneizaci\u00f3n; juntar los requerimientos necesarios para que sea una nueva ciencia, es tener los m\u00e9todos de las ciencias sociales pero no es un objeto de estudio\u201d.<\/p>\n","protected":false},"excerpt":{"rendered":"<p>El esfuerzo que los consejeros alumnos realizaron para organizar y llevar a cabo con \u00e9xito el \u201cD\u00eda de las Humanidades\u201d fue reconocido y celebrado por autoridades de la Universidad Veracruzana, encabezadas por la rectora Sara Ladr\u00f3n de Guevara, quienes se unieron a la demanda generalizada para que el evento se realice nuevamente y, de ser posible, con car\u00e1cter anual.<\/p>\n\r\n<div class=\"seriesmeta\">Contenido 1 de 45 del n\u00famero <a href=\"https:\/\/www.uv.mx\/universo\/numero\/602\/\" class=\"series-333\" title=\"602\">602<\/a><\/div>","protected":false},"author":1668,"featured_media":6986,"comment_status":"closed","ping_status":"closed","sticky":false,"template":"","format":"standard","meta":[],"categories":[278,1],"tags":[334],"series":[333],"_links":{"self":[{"href":"https:\/\/www.uv.mx\/universo\/wp-json\/wp\/v2\/posts\/5745"}],"collection":[{"href":"https:\/\/www.uv.mx\/universo\/wp-json\/wp\/v2\/posts"}],"about":[{"href":"https:\/\/www.uv.mx\/universo\/wp-json\/wp\/v2\/types\/post"}],"author":[{"embeddable":true,"href":"https:\/\/www.uv.mx\/universo\/wp-json\/wp\/v2\/users\/1668"}],"replies":[{"embeddable":true,"href":"https:\/\/www.uv.mx\/universo\/wp-json\/wp\/v2\/comments?post=5745"}],"version-history":[{"count":0,"href":"https:\/\/www.uv.mx\/universo\/wp-json\/wp\/v2\/posts\/5745\/revisions"}],"wp:featuredmedia":[{"embeddable":true,"href":"https:\/\/www.uv.mx\/universo\/wp-json\/wp\/v2\/media\/6986"}],"wp:attachment":[{"href":"https:\/\/www.uv.mx\/universo\/wp-json\/wp\/v2\/media?parent=5745"}],"wp:term":[{"taxonomy":"category","embeddable":true,"href":"https:\/\/www.uv.mx\/universo\/wp-json\/wp\/v2\/categories?post=5745"},{"taxonomy":"post_tag","embeddable":true,"href":"https:\/\/www.uv.mx\/universo\/wp-json\/wp\/v2\/tags?post=5745"},{"taxonomy":"series","embeddable":true,"href":"https:\/\/www.uv.mx\/universo\/wp-json\/wp\/v2\/series?post=5745"}],"curies":[{"name":"wp","href":"https:\/\/api.w.org\/{rel}","templated":true}]}}