{"id":5804,"date":"2015-03-17T07:59:56","date_gmt":"2015-03-17T13:59:56","guid":{"rendered":"https:\/\/www.uv.mx\/universo\/?p=5804"},"modified":"2015-10-27T17:59:45","modified_gmt":"2015-10-27T23:59:45","slug":"la-democracia-acepta-y-depende-de-la-desigualdad-emily-hind","status":"publish","type":"post","link":"https:\/\/www.uv.mx\/universo\/cultura\/la-democracia-acepta-y-depende-de-la-desigualdad-emily-hind\/","title":{"rendered":"La democracia acepta y depende de la desigualdad: Emily Hind"},"content":{"rendered":"<div class=\"seriesmeta noshow\">Contenido 4 de 45 del n\u00famero <a href=\"https:\/\/www.uv.mx\/universo\/numero\/594\/\" class=\"series-336\" title=\"594\">594<\/a><\/div>\r\n<p class=\"Encabezado\"><em><strong>Investigadora de la Universidad de Florida<\/strong><\/em><\/p>\n<div id=\"attachment_5790\" style=\"width: 214px\" class=\"wp-caption alignright\"><a href=\"https:\/\/www.uv.mx\/universo\/files\/2015\/05\/594-cultura-007.jpg\"><img aria-describedby=\"caption-attachment-5790\" decoding=\"async\" loading=\"lazy\" class=\"size-medium wp-image-5790\" src=\"https:\/\/www.uv.mx\/universo\/files\/2015\/05\/594-cultura-007-204x300.jpg\" alt=\"&quot;El sentimiento democr\u00e1tico se medita, no se narra\u201d\" width=\"204\" height=\"300\" \/><\/a><p id=\"caption-attachment-5790\" class=\"wp-caption-text\">\u00abEl sentimiento democr\u00e1tico se medita, no se narra\u201d<\/p><\/div>\n<p class=\"Autor\"><span style=\"font-size: 10pt\"><strong>David Sandoval Rodr\u00edguez<\/strong><\/span><\/p>\n<p class=\"Texto\">El Centro de Estudios de la Cultura y la Comunicaci\u00f3n (CECC) celebr\u00f3 sus seis a\u00f1os de fundaci\u00f3n con una conferencia magistral de Emily Hind, profesora del Departamento de Espa\u00f1ol y Portugu\u00e9s de la Universidad de Florida, quien charl\u00f3 acerca del sentimiento democr\u00e1tico y las implicaciones que tiene con la individualidad y la burocracia.<\/p>\n<p class=\"Texto\">Su \u00e1rea de investigaci\u00f3n son los estudios sobre M\u00e9xico desde la literatura, la cultura f\u00edlmica, la pol\u00edtica y la historia, y cuenta con varios libros de entrevistas con creadores y autores mexicanos. Con base en la postura anal\u00edtica de Leonard Davis, Emily Hind plante\u00f3 que la democracia no s\u00f3lo acepta la desigualdad sino que depende de ella: \u201cLa noci\u00f3n operativa de la igualdad, sobre todo como aplica a las clases obreras, es realmente una de intercambiabilidad, todos sus cuerpos funcionales son iguales a todos sus otros cuerpos funcionales porque son intercambiables\u201d, detall\u00f3.<\/p>\n<p class=\"Texto\">\u201cMi inter\u00e9s es en la historia de los sentimientos y el sentimiento democr\u00e1tico, me inspiro en la distinci\u00f3n que hace la soci\u00f3loga Eva Illouz de dividir la tarea de criticar de la tarea de comprender.\u201d Contra la pretendida aristocracia del siglo XX, el discurso democr\u00e1tico del siglo XXI abarca una informalidad que acepta el tema de los sentimientos y del cuerpo, adem\u00e1s de las experiencias desagradables, observ\u00f3.<\/p>\n<p class=\"Texto\">\u201cLa zona cero del sentimiento democr\u00e1tico tal vez se encuentra entre los individuos que se saben intercambiables sin alternativa, es la explicaci\u00f3n del programa televisivo de Oprah Winfrey, en el que se manipulaba conscientemente el sentimiento democr\u00e1tico para despu\u00e9s imponer una terapia asentada en la responsabilidad individual; ese lenguaje de terapia inculca la ilusi\u00f3n de alternativas que obedecen la voluntad de uno contra la democracia supuestamente forzosa.<\/p>\n<p class=\"Texto\">\u201d La investigadora plante\u00f3 una cuesti\u00f3n sobre la democracia y la burocracia al se\u00f1alar que \u201cel sentimiento democr\u00e1tico es saberse sin nada que narrar porque ya todos sabemos c\u00f3mo es; es tener un solo voto y lo que a veces se toma por apat\u00eda pol\u00edtica, \u00bfno ser\u00eda mejor tipificarlo como sentimiento democr\u00e1tico? La democracia que acepta las cosas como son porque no tiene problema, \u00bfno ser\u00e1 la burocracia?, que con cada nueva anormalidad que descubre busca soluciones que acaben en leyes, que institucionalizan la desigualdad\u201d.<\/p>\n<p class=\"Texto\">Apunt\u00f3 que \u201cen el instante en que el sentimiento democr\u00e1tico se tiene que narrar, contar como ficci\u00f3n, es un paso al vac\u00edo, el sentimiento democr\u00e1tico se medita, no se narra\u201d.<\/p>\n<p class=\"Texto\">CEEC, sexto aniversario Previo a la participaci\u00f3n de Hind, Celia del Palacio Montiel, coordinadora del CECC, expres\u00f3: \u201cEs un gran festejo estar cumpliendo seis a\u00f1os de vida, quiero agradecer a todas las personas que lo han hecho posible, principalmente a todos los investigadores, porque son las personas quienes hacen que una instituci\u00f3n marche bien\u201d.<\/p>\n<p class=\"Texto\">El primer objetivo de este centro ha sido fomentar la investigaci\u00f3n y la docencia de la mejor calidad posible, en ese sentido apunt\u00f3 que la UV se ha distinguido por una labor art\u00edstica y cultural sobresaliente, no obstante hac\u00eda falta un centro espec\u00edfico que se pudiera ocupar de la investigaci\u00f3n sobre la cultura, la creaci\u00f3n y las pr\u00e1cticas culturales de Veracruz y, en la misma medida, analizar los medios de comunicaci\u00f3n de la entidad.<\/p>\n<p class=\"Texto\">Reconoci\u00f3 tambi\u00e9n el trabajo de apoyo de los becarios de la Maestr\u00eda en Estudios de la Cultura y la Comunicaci\u00f3n, registrada en el Programa Nacional de Posgrados de Calidad (PNPC) del Consejo Nacional de Ciencia y Tecnolog\u00eda (Conacyt), de la cual han egresado dos generaciones, as\u00ed como del personal administrativo que hace posible la realizaci\u00f3n de las actividades al interior del CECC.<\/p>\n","protected":false},"excerpt":{"rendered":"<p>Investigadora de la Universidad de Florida David Sandoval Rodr\u00edguez El Centro de Estudios de la Cultura y la Comunicaci\u00f3n (CECC) celebr\u00f3 sus seis a\u00f1os de fundaci\u00f3n con una conferencia magistral de Emily Hind, profesora del Departamento de Espa\u00f1ol y Portugu\u00e9s de la Universidad de Florida, quien charl\u00f3 acerca del sentimiento democr\u00e1tico y las implicaciones que [&hellip;]<\/p>\n\r\n<div class=\"seriesmeta\">Contenido 4 de 45 del n\u00famero <a href=\"https:\/\/www.uv.mx\/universo\/numero\/594\/\" class=\"series-336\" title=\"594\">594<\/a><\/div>","protected":false},"author":1668,"featured_media":10662,"comment_status":"closed","ping_status":"closed","sticky":false,"template":"","format":"standard","meta":[],"categories":[5,278],"tags":[337],"series":[336],"_links":{"self":[{"href":"https:\/\/www.uv.mx\/universo\/wp-json\/wp\/v2\/posts\/5804"}],"collection":[{"href":"https:\/\/www.uv.mx\/universo\/wp-json\/wp\/v2\/posts"}],"about":[{"href":"https:\/\/www.uv.mx\/universo\/wp-json\/wp\/v2\/types\/post"}],"author":[{"embeddable":true,"href":"https:\/\/www.uv.mx\/universo\/wp-json\/wp\/v2\/users\/1668"}],"replies":[{"embeddable":true,"href":"https:\/\/www.uv.mx\/universo\/wp-json\/wp\/v2\/comments?post=5804"}],"version-history":[{"count":0,"href":"https:\/\/www.uv.mx\/universo\/wp-json\/wp\/v2\/posts\/5804\/revisions"}],"wp:featuredmedia":[{"embeddable":true,"href":"https:\/\/www.uv.mx\/universo\/wp-json\/wp\/v2\/media\/10662"}],"wp:attachment":[{"href":"https:\/\/www.uv.mx\/universo\/wp-json\/wp\/v2\/media?parent=5804"}],"wp:term":[{"taxonomy":"category","embeddable":true,"href":"https:\/\/www.uv.mx\/universo\/wp-json\/wp\/v2\/categories?post=5804"},{"taxonomy":"post_tag","embeddable":true,"href":"https:\/\/www.uv.mx\/universo\/wp-json\/wp\/v2\/tags?post=5804"},{"taxonomy":"series","embeddable":true,"href":"https:\/\/www.uv.mx\/universo\/wp-json\/wp\/v2\/series?post=5804"}],"curies":[{"name":"wp","href":"https:\/\/api.w.org\/{rel}","templated":true}]}}