{"id":5950,"date":"2015-01-26T07:59:21","date_gmt":"2015-01-26T13:59:21","guid":{"rendered":"https:\/\/www.uv.mx\/universo\/?p=5950"},"modified":"2015-12-14T20:13:28","modified_gmt":"2015-12-15T02:13:28","slug":"alumnos-aprovechan-cursos-de-futbol-soccer","status":"publish","type":"post","link":"https:\/\/www.uv.mx\/universo\/deportes\/alumnos-aprovechan-cursos-de-futbol-soccer\/","title":{"rendered":"Alumnos aprovechan cursos de Futbol Soccer"},"content":{"rendered":"<div class=\"seriesmeta noshow\">Contenido 38 de 41 del n\u00famero <a href=\"https:\/\/www.uv.mx\/universo\/numero\/587\/\" class=\"series-335\" title=\"587\">587<\/a><\/div>\r\n<div id=\"attachment_5649\" style=\"width: 310px\" class=\"wp-caption alignright\"><a href=\"https:\/\/www.uv.mx\/universo\/files\/2015\/05\/Temis_Universo-587_0052.jpg\"><img aria-describedby=\"caption-attachment-5649\" decoding=\"async\" loading=\"lazy\" class=\"size-medium wp-image-5649\" src=\"https:\/\/www.uv.mx\/universo\/files\/2015\/05\/Temis_Universo-587_0052-300x200.jpg\" alt=\"Gran respuesta en la versi\u00f3n intersemestral\" width=\"300\" height=\"200\" srcset=\"https:\/\/www.uv.mx\/universo\/files\/2015\/05\/Temis_Universo-587_0052-300x200.jpg 300w, https:\/\/www.uv.mx\/universo\/files\/2015\/05\/Temis_Universo-587_0052.jpg 722w\" sizes=\"(max-width: 300px) 100vw, 300px\" \/><\/a><p id=\"caption-attachment-5649\" class=\"wp-caption-text\">Gran respuesta en la versi\u00f3n intersemestral<\/p><\/div>\n<p><span style=\"font-size: 8pt\"><strong>Santiago Morales Ortiz<\/strong><\/span><\/p>\n<p>Los estudiantes de la Universidad Veracruzana que cursan el intersemestral de Futbol Soccer, que organiza la Direcci\u00f3n de Actividades Deportivas dentro del Modelo Educativo Integral y Flexible (MEIF), muestran gran compromiso durante los entrenamientos, se\u00f1al\u00f3 el instructor Bartolo Arg\u00fcelles Lara.<\/p>\n<p>Son m\u00e1s de 30 los asistentes al intersemestral, que en su primera parte se llev\u00f3 a cabo en diciembre y concluye el 23 de enero, con cuatro cr\u00e9ditos acad\u00e9micos para cada uno de los participantes. Las sesiones se llevan a cabo de 11:00 a 14:00 horas, en la Unidad Deportiva de la Universidad.<\/p>\n<p>\u201cLa respuesta de los muchachos ha sido muy buena, les gusta venir a practicar deporte y aprovechar los cr\u00e9ditos que se ofrecen en su formaci\u00f3n acad\u00e9mica.\u201d<\/p>\n<div id=\"attachment_5650\" style=\"width: 210px\" class=\"wp-caption alignright\"><a href=\"https:\/\/www.uv.mx\/universo\/files\/2015\/05\/Temis_Universo-587_0053.jpg\"><img aria-describedby=\"caption-attachment-5650\" decoding=\"async\" loading=\"lazy\" class=\"size-medium wp-image-5650\" src=\"https:\/\/www.uv.mx\/universo\/files\/2015\/05\/Temis_Universo-587_0053-200x300.jpg\" alt=\"Eva del Carmen G\u00f3mez\" width=\"200\" height=\"300\" srcset=\"https:\/\/www.uv.mx\/universo\/files\/2015\/05\/Temis_Universo-587_0053-200x300.jpg 200w, https:\/\/www.uv.mx\/universo\/files\/2015\/05\/Temis_Universo-587_0053.jpg 482w\" sizes=\"(max-width: 200px) 100vw, 200px\" \/><\/a><p id=\"caption-attachment-5650\" class=\"wp-caption-text\">Eva del Carmen G\u00f3mez<\/p><\/div>\n<p>Dijo que son cuatro semanas de actividad, durante las cuales los asistentes aprenden los fundamentos y reglas del deporte, adem\u00e1s de la disciplina y el respeto por los dem\u00e1s.<\/p>\n<p>Una de las participantes es Eva del Carmen G\u00f3mez Rivera, alumna del primer semestre de la Facultad de Medicina, quien dijo que el curso \u201ces muy din\u00e1mico, me gusta. En mi carrera poco puedo hacer ejercicio y aqu\u00ed tengo la oportunidad de hacerlo\u201d.<\/p>\n<p>Apunt\u00f3 que se trata de cuatro cr\u00e9ditos importantes en su formaci\u00f3n acad\u00e9mica, \u201cy en lo deportivo se aprende lo b\u00e1sico del futbol, as\u00ed como de acondicionamiento f\u00edsico\u201d.<\/p>\n<p>Sobre su gusto por el futbol apunt\u00f3 que desde chica le llam\u00f3 la atenci\u00f3n: \u201cNo soy muy buena jugando, me gusta verlo en la televisi\u00f3n, y quiero aprender m\u00e1s\u201d.<\/p>\n<p>Eva del Carmen se\u00f1al\u00f3 que le gustar\u00eda ser parte del equipo de Halcones, \u201cpero con base en un intenso entrenamiento podr\u00eda aspirar a ello\u201d.<\/p>\n<p>Aprovech\u00f3 para recomendar los cursos a todos los alumnos de la Universidad, en especial a los de nuevo ingreso.<\/p>\n<p>Para Gerardo Galindo Bonilla, del quinto semestre de Ingenier\u00eda Civil, se trata de un curso muy interesante en el que se aprende mucho: \u201cVemos las reglas del futbol, desde lo b\u00e1sico (toque de bal\u00f3n y pases), c\u00f3mo se desarrolla un juego, pues hay muchas formas de entender el futbol, no es lo mismo jugar en la calle que ser parte de un curso especial\u201d.<\/p>\n<div id=\"attachment_5651\" style=\"width: 210px\" class=\"wp-caption alignright\"><a href=\"https:\/\/www.uv.mx\/universo\/files\/2015\/05\/Temis_Universo-587_0054.jpg\"><img aria-describedby=\"caption-attachment-5651\" decoding=\"async\" loading=\"lazy\" class=\"size-medium wp-image-5651\" src=\"https:\/\/www.uv.mx\/universo\/files\/2015\/05\/Temis_Universo-587_0054-200x300.jpg\" alt=\"Gerardo Galindo Bonilla\" width=\"200\" height=\"300\" srcset=\"https:\/\/www.uv.mx\/universo\/files\/2015\/05\/Temis_Universo-587_0054-200x300.jpg 200w, https:\/\/www.uv.mx\/universo\/files\/2015\/05\/Temis_Universo-587_0054.jpg 482w\" sizes=\"(max-width: 200px) 100vw, 200px\" \/><\/a><p id=\"caption-attachment-5651\" class=\"wp-caption-text\">Gerardo Galindo Bonilla<\/p><\/div>\n<p>Respecto de los cr\u00e9ditos que otorga el MEIF, dijo que son importantes en la carrera, aunque \u201cel futbol siempre me ha gustado y lo disfruto mucho\u201d. Expres\u00f3 que le gustar\u00eda ser parte de la Selecci\u00f3n de Halcones, \u201cpero todo depende\u00a0del desempe\u00f1o. La verdad eso depende del entrenador, si me ve que soy buen jugador, podr\u00eda darse la oportunidad\u201d.<\/p>\n<p>En tanto, Beatriz Molina Hern\u00e1ndez, alumna del s\u00e9ptimo semestre de Bioan\u00e1lisis, apunt\u00f3 que se trata de un curso divertido e interesante: \u201cEl maestro lo hace muy ameno y din\u00e1mico, donde vemos reglas y t\u00e9cnica del futbol. El deporte siempre me ha gustado, adem\u00e1s de la importancia de los cr\u00e9ditos que nos otorgan para nuestra carrera\u201d.<\/p>\n<p>Agreg\u00f3 que desea seguir participando en los cursos, pues ayuda a mantener una buena condici\u00f3n f\u00edsica.<\/p>\n<p>Por su parte, Gelasio Garc\u00eda Morales, del quinto semestre de Ingenier\u00eda Civil, destac\u00f3 que se trata de una buena oferta que otorga la UV: \u201cEs una gran oportunidad para obtener cr\u00e9ditos, para tener una buena condici\u00f3n f\u00edsica y entretenernos\u201d.<\/p>\n<p>En lo personal indic\u00f3 que le llam\u00f3 la atenci\u00f3n la cuesti\u00f3n de los cr\u00e9ditos, \u201cpero el deporte es mi pasi\u00f3n, en especial el futbol, y me gustar\u00eda seguir entrenando\u201d.<\/p>\n","protected":false},"excerpt":{"rendered":"<p>Santiago Morales Ortiz Los estudiantes de la Universidad Veracruzana que cursan el intersemestral de Futbol Soccer, que organiza la Direcci\u00f3n de Actividades Deportivas dentro del Modelo Educativo Integral y Flexible (MEIF), muestran gran compromiso durante los entrenamientos, se\u00f1al\u00f3 el instructor Bartolo Arg\u00fcelles Lara. Son m\u00e1s de 30 los asistentes al intersemestral, que en su primera [&hellip;]<\/p>\n\r\n<div class=\"seriesmeta\">Contenido 38 de 41 del n\u00famero <a href=\"https:\/\/www.uv.mx\/universo\/numero\/587\/\" class=\"series-335\" title=\"587\">587<\/a><\/div>","protected":false},"author":1664,"featured_media":5649,"comment_status":"closed","ping_status":"closed","sticky":false,"template":"","format":"standard","meta":[],"categories":[7],"tags":[],"series":[335],"_links":{"self":[{"href":"https:\/\/www.uv.mx\/universo\/wp-json\/wp\/v2\/posts\/5950"}],"collection":[{"href":"https:\/\/www.uv.mx\/universo\/wp-json\/wp\/v2\/posts"}],"about":[{"href":"https:\/\/www.uv.mx\/universo\/wp-json\/wp\/v2\/types\/post"}],"author":[{"embeddable":true,"href":"https:\/\/www.uv.mx\/universo\/wp-json\/wp\/v2\/users\/1664"}],"replies":[{"embeddable":true,"href":"https:\/\/www.uv.mx\/universo\/wp-json\/wp\/v2\/comments?post=5950"}],"version-history":[{"count":0,"href":"https:\/\/www.uv.mx\/universo\/wp-json\/wp\/v2\/posts\/5950\/revisions"}],"wp:featuredmedia":[{"embeddable":true,"href":"https:\/\/www.uv.mx\/universo\/wp-json\/wp\/v2\/media\/5649"}],"wp:attachment":[{"href":"https:\/\/www.uv.mx\/universo\/wp-json\/wp\/v2\/media?parent=5950"}],"wp:term":[{"taxonomy":"category","embeddable":true,"href":"https:\/\/www.uv.mx\/universo\/wp-json\/wp\/v2\/categories?post=5950"},{"taxonomy":"post_tag","embeddable":true,"href":"https:\/\/www.uv.mx\/universo\/wp-json\/wp\/v2\/tags?post=5950"},{"taxonomy":"series","embeddable":true,"href":"https:\/\/www.uv.mx\/universo\/wp-json\/wp\/v2\/series?post=5950"}],"curies":[{"name":"wp","href":"https:\/\/api.w.org\/{rel}","templated":true}]}}