{"id":6090,"date":"2014-12-08T07:59:27","date_gmt":"2014-12-08T13:59:27","guid":{"rendered":"https:\/\/www.uv.mx\/universo\/?p=6090"},"modified":"2015-12-15T18:31:52","modified_gmt":"2015-12-16T00:31:52","slug":"la-veracruzana-entre-las-universidades-mas-solidas","status":"publish","type":"post","link":"https:\/\/www.uv.mx\/universo\/regiones\/la-veracruzana-entre-las-universidades-mas-solidas\/","title":{"rendered":"La Veracruzana, entre las universidades m\u00e1s s\u00f3lidas"},"content":{"rendered":"<div class=\"seriesmeta noshow\">Contenido 33 de 45 del n\u00famero <a href=\"https:\/\/www.uv.mx\/universo\/numero\/585\/\" class=\"series-338\" title=\"585\">585<\/a><\/div>\r\n<div id=\"attachment_6012\" style=\"width: 310px\" class=\"wp-caption alignright\"><a href=\"https:\/\/www.uv.mx\/universo\/files\/2015\/05\/Temis_Universo-585_0037.jpg\"><img aria-describedby=\"caption-attachment-6012\" decoding=\"async\" loading=\"lazy\" class=\"size-medium wp-image-6012\" src=\"https:\/\/www.uv.mx\/universo\/files\/2015\/05\/Temis_Universo-585_0037-300x260.jpg\" alt=\"Johanna Calle Trevi\u00f1o y Camilo Cort\u00e9s Useche\" width=\"300\" height=\"260\" srcset=\"https:\/\/www.uv.mx\/universo\/files\/2015\/05\/Temis_Universo-585_0037-300x260.jpg 300w, https:\/\/www.uv.mx\/universo\/files\/2015\/05\/Temis_Universo-585_0037.jpg 722w\" sizes=\"(max-width: 300px) 100vw, 300px\" \/><\/a><p id=\"caption-attachment-6012\" class=\"wp-caption-text\">Johanna Calle Trevi\u00f1o y Camilo Cort\u00e9s Useche<\/p><\/div>\n<p><em>Expresaron su orgullo por ser los primeros extranjeros en titularse en la FCBA<\/em><\/p>\n<p><span style=\"font-size: 8pt\"><strong>Poza Rica \u2022 Tuxpan<br \/>\nAlma Celia San Mart\u00edn<\/strong><\/span><\/p>\n<p>Egresados de la Maestr\u00eda en Manejo de Ecosistemas Marinos y Costeros de la Universidad Veracruzana (UV) consideran que \u00e9sta es una de las instituciones m\u00e1s s\u00f3lidas y acreditadas de M\u00e9xico por la calidad de sus posgrados. Camilo Cort\u00e9s Useche y Johanna Calle Trevi\u00f1o, licenciados en Biolog\u00eda Marina por la Universidad Jorge Tadeo Lozano, de Bogot\u00e1, destacaron la consistencia y rigor de los programas acad\u00e9micos, as\u00ed como la calidad humana de los profesores y estudiantes de la UV; dijeron tambi\u00e9n que se sintieron como verdaderos estudiantes veracruzanos.<\/p>\n<p>El programa de la Maestr\u00eda en Manejo de Ecosistemas Marinos y Costeros les dio la oportunidad de acceder a las becas nacionales otorgadas por el Consejo Nacional de Ciencia y Tecnolog\u00eda (Conacyt), para as\u00ed postularse al programa de becas mixtas.<\/p>\n<p>Por lo anterior representaron a la UV en estancias internacionales en Espa\u00f1a, Francia y Rep\u00fablica Dominicana. Algunos de los eventos donde participaron fueron: la Noche de los Investigadores en Andaluc\u00eda, las VIII Jornadas de \u00c9tica Profesional y Compromiso Social en Ciencias del Mar y Ambientales en C\u00e1diz, Espa\u00f1a. Adem\u00e1s representaron a la UV en el III Simposio de Becarios Conacyt en Europa.<\/p>\n<p>En el Parlamento Europeo en la ciudad de Estrasburgo, Francia, asistieron a eventos convocados por la Casa Universitaria Franco-Mexicana, el Conacyt y el propio Parlamento, as\u00ed como en el VIII Congreso de Biodiversidad del Caribe realizado en Santo Domingo, Rep\u00fablica Dominicana.<\/p>\n<p>Camilo Cort\u00e9s destac\u00f3 que en la maestr\u00eda resaltaron y reforzaron temas como el manejo de los ecosistemas marinos y costeros del norte del estado de Veracruz, la importancia ecol\u00f3gica y econ\u00f3mica de los arrecifes coralinos, caracter\u00edsticas biol\u00f3gicas, programas de monitoreo que se est\u00e1n realizando y propuestas para continuar con los esfuerzos de conservaci\u00f3n.<\/p>\n<p>Espec\u00edficamente su trabajo est\u00e1 orientado a conocer las caracter\u00edsticas f\u00edsicas y biol\u00f3gicas de los arrecifes no emergentes (Blake, Pantepec y Oro Verde), as\u00ed como los aspectos relevantes desde el punto ambiental de la zona, con el fin de generar herramientas para una modificaci\u00f3n del \u00c1rea de Protecci\u00f3n de Flora y Fauna Sistema Arrecifal Lobos-Tuxpan, que incluya los arrecifes mencionados y gane el valor econ\u00f3mico y social que merece, siendo un \u00e1rea efectiva biol\u00f3gicamente y estable a largo plazo.<\/p>\n<p>Por su parte Johanna Calle trabaj\u00f3 en la implementaci\u00f3n de un protocolo de monitoreo en sitios permanentes en el arrecife de Tuxpan, de manera tal que se d\u00e9 un seguimiento continuo que pueda inferir posibles cambios en los ecosistemas arrecifales norveracruzanos.<\/p>\n<p>Lo anterior servir\u00e1 para implementar de manera eficiente e interdisciplinar planes de manejo integrado adecuados para la zona costera del municipio.<\/p>\n<p>\u201cEn verdad es un orgullo ser los primeros estudiantes extranjeros en titularnos en la Facultad de Ciencias Biol\u00f3gicas y Agropecuarias de la Universidad Veracruzana\u201d, concluy\u00f3 Camilo Cort\u00e9s.<\/p>\n","protected":false},"excerpt":{"rendered":"<p>Expresaron su orgullo por ser los primeros extranjeros en titularse en la FCBA Poza Rica \u2022 Tuxpan Alma Celia San Mart\u00edn Egresados de la Maestr\u00eda en Manejo de Ecosistemas Marinos y Costeros de la Universidad Veracruzana (UV) consideran que \u00e9sta es una de las instituciones m\u00e1s s\u00f3lidas y acreditadas de M\u00e9xico por la calidad de [&hellip;]<\/p>\n\r\n<div class=\"seriesmeta\">Contenido 33 de 45 del n\u00famero <a href=\"https:\/\/www.uv.mx\/universo\/numero\/585\/\" class=\"series-338\" title=\"585\">585<\/a><\/div>","protected":false},"author":1664,"featured_media":6012,"comment_status":"closed","ping_status":"closed","sticky":false,"template":"","format":"standard","meta":[],"categories":[360],"tags":[],"series":[338],"_links":{"self":[{"href":"https:\/\/www.uv.mx\/universo\/wp-json\/wp\/v2\/posts\/6090"}],"collection":[{"href":"https:\/\/www.uv.mx\/universo\/wp-json\/wp\/v2\/posts"}],"about":[{"href":"https:\/\/www.uv.mx\/universo\/wp-json\/wp\/v2\/types\/post"}],"author":[{"embeddable":true,"href":"https:\/\/www.uv.mx\/universo\/wp-json\/wp\/v2\/users\/1664"}],"replies":[{"embeddable":true,"href":"https:\/\/www.uv.mx\/universo\/wp-json\/wp\/v2\/comments?post=6090"}],"version-history":[{"count":0,"href":"https:\/\/www.uv.mx\/universo\/wp-json\/wp\/v2\/posts\/6090\/revisions"}],"wp:featuredmedia":[{"embeddable":true,"href":"https:\/\/www.uv.mx\/universo\/wp-json\/wp\/v2\/media\/6012"}],"wp:attachment":[{"href":"https:\/\/www.uv.mx\/universo\/wp-json\/wp\/v2\/media?parent=6090"}],"wp:term":[{"taxonomy":"category","embeddable":true,"href":"https:\/\/www.uv.mx\/universo\/wp-json\/wp\/v2\/categories?post=6090"},{"taxonomy":"post_tag","embeddable":true,"href":"https:\/\/www.uv.mx\/universo\/wp-json\/wp\/v2\/tags?post=6090"},{"taxonomy":"series","embeddable":true,"href":"https:\/\/www.uv.mx\/universo\/wp-json\/wp\/v2\/series?post=6090"}],"curies":[{"name":"wp","href":"https:\/\/api.w.org\/{rel}","templated":true}]}}