{"id":6344,"date":"2014-11-10T07:59:44","date_gmt":"2014-11-10T13:59:44","guid":{"rendered":"https:\/\/www.uv.mx\/universo\/?p=6344"},"modified":"2016-01-04T16:23:45","modified_gmt":"2016-01-04T22:23:45","slug":"solo-la-ciudadania-puede-cambiar-a-mexico-lira-rocas","status":"publish","type":"post","link":"https:\/\/www.uv.mx\/universo\/general\/solo-la-ciudadania-puede-cambiar-a-mexico-lira-rocas\/","title":{"rendered":"S\u00f3lo la ciudadan\u00eda puede cambiar a M\u00e9xico: Lira Rocas"},"content":{"rendered":"<div class=\"seriesmeta noshow\">Contenido 16 de 49 del n\u00famero <a href=\"https:\/\/www.uv.mx\/universo\/numero\/581\/\" class=\"series-340\" title=\"581\">581<\/a><\/div>\r\n<div id=\"attachment_6266\" style=\"width: 310px\" class=\"wp-caption alignright\"><a href=\"https:\/\/www.uv.mx\/universo\/files\/2015\/05\/Temis_Universo-581_0013.jpg\"><img aria-describedby=\"caption-attachment-6266\" decoding=\"async\" loading=\"lazy\" class=\"size-medium wp-image-6266\" src=\"https:\/\/www.uv.mx\/universo\/files\/2015\/05\/Temis_Universo-581_0013-300x200.jpg\" alt=\"Egresados de los diplomados recibieron reconocimientos\" width=\"300\" height=\"200\" srcset=\"https:\/\/www.uv.mx\/universo\/files\/2015\/05\/Temis_Universo-581_0013-300x200.jpg 300w, https:\/\/www.uv.mx\/universo\/files\/2015\/05\/Temis_Universo-581_0013.jpg 722w\" sizes=\"(max-width: 300px) 100vw, 300px\" \/><\/a><p id=\"caption-attachment-6266\" class=\"wp-caption-text\">Egresados de los diplomados recibieron reconocimientos<\/p><\/div>\n<p><span style=\"font-size: 8pt\"><strong>Adriana Vivanco<\/strong><\/span><\/p>\n<p>El cambio que M\u00e9xico necesita no surgir\u00e1 de un decreto, una ley o una reforma, sino desde la ciudadan\u00eda y, particularmente, con servidores p\u00fablicos profesionalizados, asegur\u00f3 Ana Beatriz Lira Rocas, coordinadora general del programa de Gesti\u00f3n Municipal, durante la clausura de los diplomados en Pol\u00edticas P\u00fablicas y en Mercadotecnia Pol\u00edtica.<\/p>\n<p>El evento se llev\u00f3 a cabo el s\u00e1bado 25 de octubre en la Unidad de Servicios Bibliotecarios y de Informaci\u00f3n del campus Xalapa.<\/p>\n<p>Ah\u00ed, la funcionaria universitaria expres\u00f3: \u201cM\u00e9xico y Veracruz viven tiempos convulsos que no podemos dejar de lado, quiz\u00e1s estamos viviendo una de las transiciones m\u00e1s fuertes del Estado mexicano, una coyuntura que nos alcanza a todos, que supera los l\u00edmites de lo econ\u00f3mico, de nuestras preocupaciones cotidianas: la pobreza convertida en tragedia que se hace cada vez m\u00e1s visible\u201d.<\/p>\n<p>Desde su perspectiva, s\u00ed es posible que el pa\u00eds mejore pero esto no suceder\u00e1 \u201csin que los servidores p\u00fablicos, sin que los consultores que atienden al servicio p\u00fablico lo hagan con profesionalismo\u201d.<\/p>\n<p>A la ceremonia tambi\u00e9n asistieron: Am\u00e9rico Z\u00fa\u00f1iga Mart\u00ednez, presidente municipal de Xalapa; la diputada Mar\u00eda del Carmen Pont\u00f3n Villa; Edda Arrez Rebolledo, directora del Instituto Veracruzano de las Mujeres; la magistrada Emma Dom\u00ednguez Ca\u00f1ada, y V\u00edctor Serrano, director de Wish and Win.<\/p>\n<p>Este \u00faltimo destac\u00f3 el esfuerzo de la Universidad al lograr conjuntar el apoyo de otras universidades p\u00fablicas como la Benem\u00e9rita Universidad Aut\u00f3noma de Puebla y la Complutense de Madrid para reunir a especialistas internacionales, ofreciendo una alternativa de formaci\u00f3n de calidad que garantiza la igualdad de oportunidades educativas. \u201cEso tambi\u00e9n es hacer pol\u00edtica, es hacer pol\u00edtica p\u00fablica\u201d, destac\u00f3.<\/p>\n<p>Por su parte Am\u00e9rico Z\u00fa\u00f1iga enfatiz\u00f3 a los estudiantes: \u201cEl compromiso de todos ustedes para con el ejercicio de la pol\u00edtica, para con la comunicaci\u00f3n pol\u00edtica, para con la b\u00fasqueda de buenos resultados, el apoyo a cada una de las pol\u00edticas p\u00fablicas que les permitan ser mejores en lo que hacen, se hace patente en su inter\u00e9s por profesionalizarse. S\u00e9 que muchos est\u00e1n ya inmiscuidos en funciones y responsabilidades p\u00fablicas, lo que el d\u00eda de hoy significa que han venido a la Universidad a adquirir estrategias y herramientas para ser mejores, y eso es digno de felicitarse\u201d.<\/p>\n<p>Finalmente reconoci\u00f3 la iniciativa de esta casa de estudios al generar diplomados de calidad como los que concluyeron, para mejorar la formaci\u00f3n de los servidores p\u00fablicos.<\/p>\n","protected":false},"excerpt":{"rendered":"<p>Adriana Vivanco El cambio que M\u00e9xico necesita no surgir\u00e1 de un decreto, una ley o una reforma, sino desde la ciudadan\u00eda y, particularmente, con servidores p\u00fablicos profesionalizados, asegur\u00f3 Ana Beatriz Lira Rocas, coordinadora general del programa de Gesti\u00f3n Municipal, durante la clausura de los diplomados en Pol\u00edticas P\u00fablicas y en Mercadotecnia Pol\u00edtica. El evento se [&hellip;]<\/p>\n\r\n<div class=\"seriesmeta\">Contenido 16 de 49 del n\u00famero <a href=\"https:\/\/www.uv.mx\/universo\/numero\/581\/\" class=\"series-340\" title=\"581\">581<\/a><\/div>","protected":false},"author":1664,"featured_media":6266,"comment_status":"closed","ping_status":"closed","sticky":false,"template":"","format":"standard","meta":[],"categories":[1],"tags":[],"series":[340],"_links":{"self":[{"href":"https:\/\/www.uv.mx\/universo\/wp-json\/wp\/v2\/posts\/6344"}],"collection":[{"href":"https:\/\/www.uv.mx\/universo\/wp-json\/wp\/v2\/posts"}],"about":[{"href":"https:\/\/www.uv.mx\/universo\/wp-json\/wp\/v2\/types\/post"}],"author":[{"embeddable":true,"href":"https:\/\/www.uv.mx\/universo\/wp-json\/wp\/v2\/users\/1664"}],"replies":[{"embeddable":true,"href":"https:\/\/www.uv.mx\/universo\/wp-json\/wp\/v2\/comments?post=6344"}],"version-history":[{"count":0,"href":"https:\/\/www.uv.mx\/universo\/wp-json\/wp\/v2\/posts\/6344\/revisions"}],"wp:featuredmedia":[{"embeddable":true,"href":"https:\/\/www.uv.mx\/universo\/wp-json\/wp\/v2\/media\/6266"}],"wp:attachment":[{"href":"https:\/\/www.uv.mx\/universo\/wp-json\/wp\/v2\/media?parent=6344"}],"wp:term":[{"taxonomy":"category","embeddable":true,"href":"https:\/\/www.uv.mx\/universo\/wp-json\/wp\/v2\/categories?post=6344"},{"taxonomy":"post_tag","embeddable":true,"href":"https:\/\/www.uv.mx\/universo\/wp-json\/wp\/v2\/tags?post=6344"},{"taxonomy":"series","embeddable":true,"href":"https:\/\/www.uv.mx\/universo\/wp-json\/wp\/v2\/series?post=6344"}],"curies":[{"name":"wp","href":"https:\/\/api.w.org\/{rel}","templated":true}]}}