{"id":6352,"date":"2014-11-10T07:59:40","date_gmt":"2014-11-10T13:59:40","guid":{"rendered":"https:\/\/www.uv.mx\/universo\/?p=6352"},"modified":"2016-01-04T16:23:45","modified_gmt":"2016-01-04T22:23:45","slug":"microcuenca-del-rio-naolinco-en-riesgo-clementina-barrera","status":"publish","type":"post","link":"https:\/\/www.uv.mx\/universo\/general\/microcuenca-del-rio-naolinco-en-riesgo-clementina-barrera\/","title":{"rendered":"Microcuenca del r\u00edo Naolinco, en riesgo: Clementina Barrera"},"content":{"rendered":"<div class=\"seriesmeta noshow\">Contenido 20 de 49 del n\u00famero <a href=\"https:\/\/www.uv.mx\/universo\/numero\/581\/\" class=\"series-340\" title=\"581\">581<\/a><\/div>\r\n<p><em><a href=\"https:\/\/www.uv.mx\/universo\/files\/2015\/05\/Temis_Universo-581_0020.jpg\"><img decoding=\"async\" loading=\"lazy\" class=\"alignright size-medium wp-image-6273\" src=\"https:\/\/www.uv.mx\/universo\/files\/2015\/05\/Temis_Universo-581_0020-226x300.jpg\" alt=\"Temis_Universo-581_0020\" width=\"226\" height=\"300\" srcset=\"https:\/\/www.uv.mx\/universo\/files\/2015\/05\/Temis_Universo-581_0020-226x300.jpg 226w, https:\/\/www.uv.mx\/universo\/files\/2015\/05\/Temis_Universo-581_0020.jpg 543w\" sizes=\"(max-width: 226px) 100vw, 226px\" \/><\/a>Tala inmoderada, contaminaci\u00f3n y urbanizaci\u00f3n descontrolada, entre las causas\u00a0<\/em><\/p>\n<p><span style=\"font-size: 8pt\"><strong>Luis Enrique Romano P\u00e1ez\u00a0<\/strong><\/span><\/p>\n<p>La microcuenca de Naolinco tiene una importancia econ\u00f3mica, paisaj\u00edstica y cultural, expres\u00f3 Clementina Barrera Bernal, directora de la Facultad de Biolog\u00eda, durante la conferencia \u201cAn\u00e1lisis y perspectivas de la microcuenca de Naolinco\u201d, efectuada en el auditorio de la Facultad de Biolog\u00eda en el marco del Simposio de Oto\u00f1o Hidrobiol\u00f3gico.<\/p>\n<p>La universitaria explic\u00f3 la estructura jer\u00e1rquica de una cuenca hidrogr\u00e1fica, con la finalidad de aproximar a la comunidad estudiantil al an\u00e1lisis de la microcuenca de Naolinco: \u201cAl interior de cada subcuenca se ubican las microcuencas, sus l\u00edmites pueden incluir o no, l\u00edmites administrativos, como los de un ejido o municipio\u201d.<\/p>\n<p>Asimismo, Barrera Bernal expuso las bases del manejo integral de la cuenca: en primer lugar est\u00e1 el diagn\u00f3stico del problema; en segundo, la planeaci\u00f3n; en tercero, la implementaci\u00f3n; el cuarto lugar, la evaluaci\u00f3n de los resultados obtenidos.<\/p>\n<p>La trascendencia biol\u00f3gica de la microcuenca del r\u00edo Naolinco radica en que engloba el bosque mes\u00f3filo de monta\u00f1a (BMM), integrado por especies como Liquidambar, Quercus, Fagus, Alnus, Carpinus, y otras en el estrato arb\u00f3reo, helechos arborescentes, bromelias, orqu\u00eddeas y palmas en el sotobosque.<\/p>\n<p>Su importancia social responde a que genera agua para tres municipios: Naolinco, Miahuatl\u00e1n y Tonay\u00e1n, estos \u00faltimos con alto \u00edndice de marginaci\u00f3n.<\/p>\n<p>Clementina Barrera enlist\u00f3 algunos de los riesgos que enfrenta la microcuenca; por ejemplo, la tala inmoderada, p\u00e9rdida de zonas de BMM por avance de la ganader\u00eda, falta de alternativas econ\u00f3mico-productivas para la poblaci\u00f3n local, contaminaci\u00f3n de r\u00edos, erosi\u00f3n de suelos, extracci\u00f3n excesiva de agua, urbanizaci\u00f3n descontrolada hacia \u00e1reas de recarga y riesgo y la falta de un plan de ordenamiento conurbado entre Naolinco y Miahuatl\u00e1n.<\/p>\n<p>La Directora de la Facultad de Biolog\u00eda estableci\u00f3 las acciones diferenciadas para cuatro zonas, de acuerdo a la calidad del agua. La primera es donde se encuentran las aguas de buena calidad con alto porcentaje territorial de BMM; en la zona dos, aquellas con alto porcentaje territorial de potreros; en la tercera, las de mediana calidad con alto porcentaje territorial de cultivos, y la cuarta, las aguas de mala calidad con presencia de cultivos e infraestructura urbana.<\/p>\n<p>La Directora de la Facultad de Biolog\u00eda tambi\u00e9n abord\u00f3 el tratamiento de aguas residuales; la mayor parte de la materia org\u00e1nica del agua de drenaje proviene de la actividad quesera (ARQ), 95 por ciento de la materia org\u00e1nica ARQ proviene del lactosuelo y por cada litro de leche procesada se generan de uno a dos litros de ARQ y 0.5 a 0.6\u00a0litros de lactosuero.<\/p>\n<p>Barrera Bernal coment\u00f3 que el proyecto ejecutivo para la construcci\u00f3n de la planta de tratamiento de aguas residuales en la localidad de Miahuatl\u00e1n contempla, por parte del ayuntamiento, la construcci\u00f3n de dos colectores marginales y la rehabilitaci\u00f3n de la planta de tratamiento existente.<\/p>\n<p>Con la finalidad de dar a conocer la situaci\u00f3n en la microcuenca de Naolinco y otras regiones, se ha elaborado un texto titulado \u201cEspecies con potencial para reforestar la microcuenca del r\u00edo Naolinco\u201d.<\/p>\n<p>Por \u00faltimo exhort\u00f3 a la comunidad a trabajar en conjunto con los gobiernos locales y universidades para seguir adelante con este importante proyecto.<\/p>\n","protected":false},"excerpt":{"rendered":"<p>Tala inmoderada, contaminaci\u00f3n y urbanizaci\u00f3n descontrolada, entre las causas\u00a0 Luis Enrique Romano P\u00e1ez\u00a0 La microcuenca de Naolinco tiene una importancia econ\u00f3mica, paisaj\u00edstica y cultural, expres\u00f3 Clementina Barrera Bernal, directora de la Facultad de Biolog\u00eda, durante la conferencia \u201cAn\u00e1lisis y perspectivas de la microcuenca de Naolinco\u201d, efectuada en el auditorio de la Facultad de Biolog\u00eda en [&hellip;]<\/p>\n\r\n<div class=\"seriesmeta\">Contenido 20 de 49 del n\u00famero <a href=\"https:\/\/www.uv.mx\/universo\/numero\/581\/\" class=\"series-340\" title=\"581\">581<\/a><\/div>","protected":false},"author":1664,"featured_media":6273,"comment_status":"closed","ping_status":"closed","sticky":false,"template":"","format":"standard","meta":[],"categories":[1],"tags":[],"series":[340],"_links":{"self":[{"href":"https:\/\/www.uv.mx\/universo\/wp-json\/wp\/v2\/posts\/6352"}],"collection":[{"href":"https:\/\/www.uv.mx\/universo\/wp-json\/wp\/v2\/posts"}],"about":[{"href":"https:\/\/www.uv.mx\/universo\/wp-json\/wp\/v2\/types\/post"}],"author":[{"embeddable":true,"href":"https:\/\/www.uv.mx\/universo\/wp-json\/wp\/v2\/users\/1664"}],"replies":[{"embeddable":true,"href":"https:\/\/www.uv.mx\/universo\/wp-json\/wp\/v2\/comments?post=6352"}],"version-history":[{"count":0,"href":"https:\/\/www.uv.mx\/universo\/wp-json\/wp\/v2\/posts\/6352\/revisions"}],"wp:featuredmedia":[{"embeddable":true,"href":"https:\/\/www.uv.mx\/universo\/wp-json\/wp\/v2\/media\/6273"}],"wp:attachment":[{"href":"https:\/\/www.uv.mx\/universo\/wp-json\/wp\/v2\/media?parent=6352"}],"wp:term":[{"taxonomy":"category","embeddable":true,"href":"https:\/\/www.uv.mx\/universo\/wp-json\/wp\/v2\/categories?post=6352"},{"taxonomy":"post_tag","embeddable":true,"href":"https:\/\/www.uv.mx\/universo\/wp-json\/wp\/v2\/tags?post=6352"},{"taxonomy":"series","embeddable":true,"href":"https:\/\/www.uv.mx\/universo\/wp-json\/wp\/v2\/series?post=6352"}],"curies":[{"name":"wp","href":"https:\/\/api.w.org\/{rel}","templated":true}]}}