{"id":6364,"date":"2014-11-10T07:59:34","date_gmt":"2014-11-10T13:59:34","guid":{"rendered":"https:\/\/www.uv.mx\/universo\/?p=6364"},"modified":"2016-01-04T16:23:45","modified_gmt":"2016-01-04T22:23:45","slug":"qfb-participara-en-laboratorio-iberoamericano-de-innovacion","status":"publish","type":"post","link":"https:\/\/www.uv.mx\/universo\/general\/qfb-participara-en-laboratorio-iberoamericano-de-innovacion\/","title":{"rendered":"QFB participar\u00e1 en Laboratorio Iberoamericano de Innovaci\u00f3n"},"content":{"rendered":"<div class=\"seriesmeta noshow\">Contenido 26 de 49 del n\u00famero <a href=\"https:\/\/www.uv.mx\/universo\/numero\/581\/\" class=\"series-340\" title=\"581\">581<\/a><\/div>\r\n<div id=\"attachment_6278\" style=\"width: 310px\" class=\"wp-caption alignright\"><a href=\"https:\/\/www.uv.mx\/universo\/files\/2015\/05\/Temis_Universo-581_0025.jpg\"><img aria-describedby=\"caption-attachment-6278\" decoding=\"async\" loading=\"lazy\" class=\"size-medium wp-image-6278\" src=\"https:\/\/www.uv.mx\/universo\/files\/2015\/05\/Temis_Universo-581_0025-300x225.jpg\" alt=\"Yolanda G\u00f3mez y Jorge Manuel V\u00e1squez\" width=\"300\" height=\"225\" srcset=\"https:\/\/www.uv.mx\/universo\/files\/2015\/05\/Temis_Universo-581_0025-300x225.jpg 300w, https:\/\/www.uv.mx\/universo\/files\/2015\/05\/Temis_Universo-581_0025.jpg 722w\" sizes=\"(max-width: 300px) 100vw, 300px\" \/><\/a><p id=\"caption-attachment-6278\" class=\"wp-caption-text\">Yolanda G\u00f3mez y Jorge Manuel V\u00e1squez<\/p><\/div>\n<p><em>Estudiantes y profesores colaborar\u00e1n en el dise\u00f1o de nuevas herramientas, plataformas y acciones para 10 proyectos\u00a0<\/em><\/p>\n<p><span style=\"font-size: 8pt\"><strong>Paola Cort\u00e9s P\u00e9rez<\/strong><\/span><\/p>\n<p>Estudiantes y profesores miembros del n\u00facleo acad\u00e9mico Medicina Etnofitoterap\u00e9utica y Regenerativa, de la Facultad de Qu\u00edmica Farmac\u00e9utica Biol\u00f3gica (QFB), participar\u00e1n en el Laboratorio Iberoamericano de Innovaci\u00f3n Ciudadana, en el marco de la XXIV Cumbre Iberoamericana de Jefes y Jefas de Estado y del Gobierno 2014, a realizarse en la ciudad de Veracruz, del 23 de noviembre al 6 de diciembre.<\/p>\n<p>El evento es organizado por la Secretar\u00eda General Iberoamericana, a trav\u00e9s de la iniciativa Ciudadan\u00eda 2.0, en colaboraci\u00f3n con la Coordinaci\u00f3n de Estrategia Digital Nacional de la Oficina de la Presidencia de la Rep\u00fablica Mexicana y la Agencia Espa\u00f1ola de Cooperaci\u00f3n Internacional para el Desarrollo.<\/p>\n<p>La convocatoria cerr\u00f3 el 28 de septiembre y se recibieron 200 solicitudes, de las cuales s\u00f3lo fueron aceptadas 40 para residentes en M\u00e9xico y 40 para personas procedentes de Iberoam\u00e9rica.<\/p>\n<p>Entre los seleccionados est\u00e1n los estudiantes Yolanda G\u00f3mez Huesca, Arely B\u00e1ez Nava, Naslleli Garc\u00eda Escalante y Jorge Manuel V\u00e1squez P\u00e9rez, integrantes del Grupo LUMO.<\/p>\n<p>As\u00ed como los acad\u00e9micos Margarita Virginia Saavedra V\u00e9lez y Gabriel Arturo Soto Ojeda. En el Laboratorio Iberoamericano de Innovaci\u00f3n Ciudadana se dise\u00f1ar\u00e1n nuevas herramientas, plataformas y acciones para 10 proyectos seleccionados: Babyduino, CHQ Electoral Colectivo, Compostino (monitor de composteira com arduino), Hydroball, Imaginario inverso 0.1, Mapa participativo, Onodo (plataforma abierta para la creaci\u00f3n y visualizaci\u00f3n de informaci\u00f3n), Plataforma abierta de presupuesto participativo, Sistema de monitoreo y control de nutrientes (Nutamo) y Suelo, ciudad y alimento.<\/p>\n<p>Dichas actividades dentro del laboratorio tienen como finalidad adentrar a la sociedad en proyectos que intenten resolver problemas, o en su caso proponer tem\u00e1ticas de sustentabilidad para el beneficio de \u00e9sta.<\/p>\n<p>Por ello la convocatoria estuvo abierta para p\u00fablico en general, sin importar actividad, nivel socioecon\u00f3mico o conocimientos espec\u00edficos en alguno de los proyectos a desarrollar.<\/p>\n","protected":false},"excerpt":{"rendered":"<p>Estudiantes y profesores colaborar\u00e1n en el dise\u00f1o de nuevas herramientas, plataformas y acciones para 10 proyectos\u00a0 Paola Cort\u00e9s P\u00e9rez Estudiantes y profesores miembros del n\u00facleo acad\u00e9mico Medicina Etnofitoterap\u00e9utica y Regenerativa, de la Facultad de Qu\u00edmica Farmac\u00e9utica Biol\u00f3gica (QFB), participar\u00e1n en el Laboratorio Iberoamericano de Innovaci\u00f3n Ciudadana, en el marco de la XXIV Cumbre Iberoamericana de [&hellip;]<\/p>\n\r\n<div class=\"seriesmeta\">Contenido 26 de 49 del n\u00famero <a href=\"https:\/\/www.uv.mx\/universo\/numero\/581\/\" class=\"series-340\" title=\"581\">581<\/a><\/div>","protected":false},"author":1664,"featured_media":6278,"comment_status":"closed","ping_status":"closed","sticky":false,"template":"","format":"standard","meta":[],"categories":[1],"tags":[],"series":[340],"_links":{"self":[{"href":"https:\/\/www.uv.mx\/universo\/wp-json\/wp\/v2\/posts\/6364"}],"collection":[{"href":"https:\/\/www.uv.mx\/universo\/wp-json\/wp\/v2\/posts"}],"about":[{"href":"https:\/\/www.uv.mx\/universo\/wp-json\/wp\/v2\/types\/post"}],"author":[{"embeddable":true,"href":"https:\/\/www.uv.mx\/universo\/wp-json\/wp\/v2\/users\/1664"}],"replies":[{"embeddable":true,"href":"https:\/\/www.uv.mx\/universo\/wp-json\/wp\/v2\/comments?post=6364"}],"version-history":[{"count":0,"href":"https:\/\/www.uv.mx\/universo\/wp-json\/wp\/v2\/posts\/6364\/revisions"}],"wp:featuredmedia":[{"embeddable":true,"href":"https:\/\/www.uv.mx\/universo\/wp-json\/wp\/v2\/media\/6278"}],"wp:attachment":[{"href":"https:\/\/www.uv.mx\/universo\/wp-json\/wp\/v2\/media?parent=6364"}],"wp:term":[{"taxonomy":"category","embeddable":true,"href":"https:\/\/www.uv.mx\/universo\/wp-json\/wp\/v2\/categories?post=6364"},{"taxonomy":"post_tag","embeddable":true,"href":"https:\/\/www.uv.mx\/universo\/wp-json\/wp\/v2\/tags?post=6364"},{"taxonomy":"series","embeddable":true,"href":"https:\/\/www.uv.mx\/universo\/wp-json\/wp\/v2\/series?post=6364"}],"curies":[{"name":"wp","href":"https:\/\/api.w.org\/{rel}","templated":true}]}}