{"id":6465,"date":"2015-06-01T07:59:57","date_gmt":"2015-06-01T12:59:57","guid":{"rendered":"https:\/\/www.uv.mx\/universo\/?p=6465"},"modified":"2015-06-25T17:34:28","modified_gmt":"2015-06-25T22:34:28","slug":"uv-lidero-la-region-norteamerica-en-24h-de-innovacion","status":"publish","type":"post","link":"https:\/\/www.uv.mx\/universo\/general\/uv-lidero-la-region-norteamerica-en-24h-de-innovacion\/","title":{"rendered":"UV lider\u00f3 la regi\u00f3n Norteam\u00e9rica en \u201c24h de Innovaci\u00f3n\u201d"},"content":{"rendered":"<div class=\"seriesmeta noshow\">Contenido 3 de 44 del n\u00famero <a href=\"https:\/\/www.uv.mx\/universo\/numero\/603\/\" class=\"series-341\" title=\"603\">603<\/a><\/div>\r\n<div id=\"attachment_6440\" style=\"width: 310px\" class=\"wp-caption alignright\"><a href=\"https:\/\/www.uv.mx\/universo\/files\/2015\/06\/Temis_Universo-603_0016.jpg\"><img aria-describedby=\"caption-attachment-6440\" decoding=\"async\" loading=\"lazy\" class=\"size-medium wp-image-6440\" src=\"https:\/\/www.uv.mx\/universo\/files\/2015\/06\/Temis_Universo-603_0016-300x200.jpg\" alt=\"Integrantes del equipo triunfador con uno de los jurados locales\" width=\"300\" height=\"200\" srcset=\"https:\/\/www.uv.mx\/universo\/files\/2015\/06\/Temis_Universo-603_0016-300x200.jpg 300w, https:\/\/www.uv.mx\/universo\/files\/2015\/06\/Temis_Universo-603_0016.jpg 700w\" sizes=\"(max-width: 300px) 100vw, 300px\" \/><\/a><p id=\"caption-attachment-6440\" class=\"wp-caption-text\">Integrantes del equipo triunfador con uno de los jurados locales<\/p><\/div>\n<p><em>Paticiparon estudiantes de seis diferentes disciplinas, asesorados por maestros de los Talleres Libres de Arte<\/em><\/p>\n<p><em>Esta casa de estudios fue la segunda instituci\u00f3n con m\u00e1s participantes registrados a nivel mundial<\/em><\/p>\n<p><span style=\"font-size: 8pt\"><strong>Karina de la Paz Reyes<\/strong><\/span><\/p>\n<p>El evento \u201c24h de Innovaci\u00f3n\u201d, organizado por L\u2019\u00c9cole de Technologie Sup\u00e9rieure (ETS) de Montreal, Canad\u00e1, que en su edici\u00f3n 2015 se desarroll\u00f3 los d\u00edas 26 y 27 de mayo, tuvo como ganadores en la regi\u00f3n Norteam\u00e9rica a los representantes de la Universidad Veracruzana (UV).<\/p>\n<p>La competencia se desarroll\u00f3 de manera virtual en 20 pa\u00edses del mundo durante 24 horas consecutivas. La ma\u00f1ana del 26 de mayo, como el resto de las instituciones participantes, la UV \u2013en su primera incursi\u00f3n\u2013 conform\u00f3 siete equipos con los 70 participantes (20 acad\u00e9micos y 50 estudiantes) lo que, de inicio, la coloc\u00f3 como la segunda mayor delegaci\u00f3n, s\u00f3lo superada por la Universidad de Shanghai, China, que registr\u00f3 a 200 personas.<\/p>\n<p>A las 8:00 horas, el comit\u00e9 organizador internacional detall\u00f3 20 desaf\u00edos, y los equipos participantes eligieron el de mayor inter\u00e9s para trabajar en una soluci\u00f3n creativa durante las siguientes horas. A las 6:00 horas del mi\u00e9rcoles 27, un jurado calificador \u2013conformado por empresarios locales\u2013 eligi\u00f3 la propuesta que represent\u00f3 a la UV en las siguientes horas, ante un jurado calificador internacional.<\/p>\n<p>El representativo de la UV eligi\u00f3 el desaf\u00edo n\u00famero seis: Eco-friendly energy. Su propuesta de soluci\u00f3n fueron m\u00f3dulos recreativos autosustentables para generar energ\u00eda el\u00e9ctrica en sitios p\u00fablicos, por medio de juegos mec\u00e1nicos (el video se encuentra disponible en <a href=\"https:\/\/youtu.be\/8qGseclg1Nw?list=PLOXzJ0VWxycQiMjwg-735LKfsHtkJoxJB\">http:\/\/bit.ly\/1Fha0XF<\/a>).<\/p>\n<p>Estuvo integrado por F\u00e9lix Menier Villegas y Carlos Ernesto R\u00edos, coordinador y acad\u00e9mico de los Talleres Libres de Arte (TLA), campus Xalapa, respectivamente; as\u00ed como por los estudiantes Karla Ivonne Mart\u00ednez (Nutrici\u00f3n), Yolanda Hern\u00e1ndez Mella (Dise\u00f1o de la Comunicaci\u00f3n Visual), Estefan\u00eda Garc\u00eda Romero (Ingenier\u00eda Qu\u00edmica), Stephanie Marlenne Guti\u00e9rrez Simon\u00edn (Enfermer\u00eda), Omar Parra Mendoza (Arquitectura), Carlos Gabriel Morales Mart\u00ednez (Arquitectura), Alfredo Su\u00e1rez V\u00e1squez (Arquitectura) y Amaury Rafael L\u00f3pez (Teatro).<\/p>\n<p>Carlos Ernesto R\u00edos explic\u00f3 que se trata de estudiantes que cursan la experiencia educativa Dibujo Art\u00edstico en los TLA de Xalapa, y fue ah\u00ed que Menier Villegas y \u00e9l les exhortaron a participar en \u201cLas 24h de la Innovaci\u00f3n\u201d. \u201cLa idea era reunir un equipo de diversas facultades, porque no sab\u00edamos la problem\u00e1tica que desarrollar\u00edamos\u201d. Lo cual les result\u00f3 muy favorable, pues \u201ccada quien aport\u00f3 una piedrita\u201d.<\/p>\n<p>El estudiante Alfredo Su\u00e1rez subray\u00f3: \u201cTodo comenz\u00f3 con una visi\u00f3n humanista y de trabajo en equipo. Nuestro compa\u00f1ero Amaury (Teatro) comenz\u00f3 a enfocarnos en ese sentido. Realmente la tecnolog\u00eda no tiene por qu\u00e9 obedecer nada m\u00e1s al pudiente, a la persona que tiene dinero, tambi\u00e9n se debe pensar en aquellas personas que viven en comunidades alejadas. Entonces llegamos a pensar en soluciones que pudieran fomentar la cultura en un ni\u00f1o\u201d.<\/p>\n<p>La estudiante Yolanda Hern\u00e1ndez dijo sentirse una persona diferente, luego de 24 horas de trabajo interdisciplinario ininterrumpido: \u201cYo no ven\u00eda con la mentalidad de ganar, yo quer\u00eda la experiencia\u201d. Al preguntarle qu\u00e9 le dej\u00f3 trabajar\u00a0con personas de diversas disciplinas dijo: \u201cEs muy diferente a trabajar con mis compa\u00f1eros de Dise\u00f1o. Me llevo nuevas experiencias, pues lo que no sab\u00eda uno, lo sab\u00eda el otro y nos retroalimentamos entre todos\u201d.<\/p>\n<p>Uno de los integrantes del jurado calificador local, representante del Museo del Caf\u00e9 ubicado en Coatepec, Cuauht\u00e9moc Apan, refiri\u00f3 que la UV tiene mucho conocimiento en diferentes \u00e1reas y \u201cdebe participar tanto en foros nacionales como internacionales, pero tambi\u00e9n en todas las pol\u00edticas p\u00fablicas, para penetrar en ese tipo de administraci\u00f3n que a veces es muy improvisada y por eso es que hay deficiencia en los resultados\u201d.<\/p>\n<p>Para \u00e9l, como parte del jurado, la mayor\u00eda de las propuestas que presentaron los equipos de la UV fueron interesantes, pues cumplen con las necesidades actuales de la sociedad, no obstante eligieron el equipo ya descrito porque su proyecto es el que \u201cgenera un mayor impacto social\u201d.<\/p>\n<p>Celebr\u00f3 que se trate de una propuesta que incentive la actividad f\u00edsica y la recreaci\u00f3n en espacios p\u00fablicos \u2013tanto para la poblaci\u00f3n infantil como para la adulta\u2013 y a su vez se genere energ\u00eda.<\/p>\n<p>\u201cA m\u00ed me toc\u00f3 vivir una etapa sin tanta tecnolog\u00eda, pero si ahora no se aplica adecuadamente nos absorbe, es maravillosa, pero hay que saberla usar; y por otra parte, vivir la vida, apreciar los parques, los alimentos, la m\u00fasica, convivir con la familia.\u201d<\/p>\n<p><strong>Convocatoria super\u00f3 expectativas<\/strong><br \/>\nMinutos antes de iniciar la competencia, la rectora Sara Ladr\u00f3n de Guevara coment\u00f3: \u201cSin duda, esta experiencia permitir\u00e1 dar visibilidad a nivel mundial a la Universidad Veracruzana, a trav\u00e9s del capital intelectual que representan sus estudiantes y acad\u00e9micos, permitir\u00e1 fortalecer las metas de dimensi\u00f3n internacional del Programa de Trabajo Estrat\u00e9gico 2013-2017\u201d.<\/p>\n<p>Aclar\u00f3 que independientemente del resultado, la experiencia que se obtendr\u00eda \u201cya nos hace ganadores\u201d, toda vez que se pondr\u00eda en pr\u00e1ctica la capacidad de trabajo en equipo multidisciplinario de la instituci\u00f3n, as\u00ed como por \u201caceptar nuevos y mejores retos, por desarrollar nuestra creatividad y por competir con universidades de nivel internacional\u201d.<\/p>\n<p>Uno de los principales organizadores, \u00c1ngel Antonio Fern\u00e1ndez Montiel, coordinador de Cooperaci\u00f3n Acad\u00e9mica de la Direcci\u00f3n General de Relaciones Internacionales, coment\u00f3 que ten\u00edan la expectativa de recibir a 50 estudiantes, no obstante la cifra fue rebasada. \u201cTampoco es una competencia de ver qui\u00e9n inscribe m\u00e1s, pero creo que la capacidad de convocatoria es amplia\u201d.<\/p>\n<p>Coment\u00f3 que hasta el 22 de mayo, la Universidad de Shanghai ten\u00eda 200 inscritos y la UV 50 \u2013cifra que aument\u00f3 a 70 el mismo d\u00eda que inici\u00f3 el evento.<\/p>\n<p>Cabe se\u00f1alar que los ganadores internacionales fueron la Universidad Nacional del Sur, de Argentina; el Institut Sup\u00e9rieur de l\u2019\u00c9lectronique et du Num\u00e9rique, de Francia; y la Universidad Nacional de La Plata, tambi\u00e9n de Argentina.<\/p>\n<p>Por Asia, gan\u00f3 la Universidad de Shanghai, China; por Sudam\u00e9rica, Antel, Uruguay; por Europa, la Universit\u00e9 de Technologie de Troyes, Francia, y por \u00c1frica, la Universit\u00e9 M\u2019Hamed Bougara de Boumerd\u00e8s, Argelia.<\/p>\n","protected":false},"excerpt":{"rendered":"<p>El evento \u201c24h de Innovaci\u00f3n\u201d, organizado por L\u2019\u00c9cole de Technologie Sup\u00e9rieure (ETS) de Montreal, Canad\u00e1, que en su edici\u00f3n 2015 se desarroll\u00f3 los d\u00edas 26 y 27 de mayo, tuvo como ganadores en la regi\u00f3n Norteam\u00e9rica a los representantes de la Universidad Veracruzana (UV)<\/p>\n\r\n<div class=\"seriesmeta\">Contenido 3 de 44 del n\u00famero <a href=\"https:\/\/www.uv.mx\/universo\/numero\/603\/\" class=\"series-341\" title=\"603\">603<\/a><\/div>","protected":false},"author":1664,"featured_media":7337,"comment_status":"closed","ping_status":"closed","sticky":false,"template":"","format":"standard","meta":[],"categories":[278,1],"tags":[],"series":[341],"_links":{"self":[{"href":"https:\/\/www.uv.mx\/universo\/wp-json\/wp\/v2\/posts\/6465"}],"collection":[{"href":"https:\/\/www.uv.mx\/universo\/wp-json\/wp\/v2\/posts"}],"about":[{"href":"https:\/\/www.uv.mx\/universo\/wp-json\/wp\/v2\/types\/post"}],"author":[{"embeddable":true,"href":"https:\/\/www.uv.mx\/universo\/wp-json\/wp\/v2\/users\/1664"}],"replies":[{"embeddable":true,"href":"https:\/\/www.uv.mx\/universo\/wp-json\/wp\/v2\/comments?post=6465"}],"version-history":[{"count":0,"href":"https:\/\/www.uv.mx\/universo\/wp-json\/wp\/v2\/posts\/6465\/revisions"}],"wp:featuredmedia":[{"embeddable":true,"href":"https:\/\/www.uv.mx\/universo\/wp-json\/wp\/v2\/media\/7337"}],"wp:attachment":[{"href":"https:\/\/www.uv.mx\/universo\/wp-json\/wp\/v2\/media?parent=6465"}],"wp:term":[{"taxonomy":"category","embeddable":true,"href":"https:\/\/www.uv.mx\/universo\/wp-json\/wp\/v2\/categories?post=6465"},{"taxonomy":"post_tag","embeddable":true,"href":"https:\/\/www.uv.mx\/universo\/wp-json\/wp\/v2\/tags?post=6465"},{"taxonomy":"series","embeddable":true,"href":"https:\/\/www.uv.mx\/universo\/wp-json\/wp\/v2\/series?post=6465"}],"curies":[{"name":"wp","href":"https:\/\/api.w.org\/{rel}","templated":true}]}}