{"id":6483,"date":"2015-06-01T07:59:54","date_gmt":"2015-06-01T12:59:54","guid":{"rendered":"https:\/\/www.uv.mx\/universo\/?p=6483"},"modified":"2016-05-26T17:40:17","modified_gmt":"2016-05-26T22:40:17","slug":"cct-15-anos-de-estudiar-fenomenos-naturales","status":"publish","type":"post","link":"https:\/\/www.uv.mx\/universo\/destacadas\/cct-15-anos-de-estudiar-fenomenos-naturales\/","title":{"rendered":"CCT, 15 a\u00f1os de estudiar fen\u00f3menos naturales"},"content":{"rendered":"<div class=\"seriesmeta noshow\">Contenido 6 de 44 del n\u00famero <a href=\"https:\/\/www.uv.mx\/universo\/numero\/603\/\" class=\"series-341\" title=\"603\">603<\/a><\/div>\r\n<div id=\"attachment_6449\" style=\"width: 310px\" class=\"wp-caption alignright\"><a href=\"https:\/\/www.uv.mx\/universo\/files\/2015\/06\/Temis_Universo-603_0025.jpg\"><img aria-describedby=\"caption-attachment-6449\" decoding=\"async\" loading=\"lazy\" class=\"size-medium wp-image-6449\" src=\"https:\/\/www.uv.mx\/universo\/files\/2015\/06\/Temis_Universo-603_0025-300x168.jpg\" alt=\"Estaci\u00f3n de monitoreo en el Cofre de Perote\" width=\"300\" height=\"168\" srcset=\"https:\/\/www.uv.mx\/universo\/files\/2015\/06\/Temis_Universo-603_0025-300x168.jpg 300w, https:\/\/www.uv.mx\/universo\/files\/2015\/06\/Temis_Universo-603_0025.jpg 700w\" sizes=\"(max-width: 300px) 100vw, 300px\" \/><\/a><p id=\"caption-attachment-6449\" class=\"wp-caption-text\">Estaci\u00f3n de monitoreo en el Cofre de Perote<\/p><\/div>\n<p><em>Especialistas desarrollan investigaciones sobre sismos, erupciones volc\u00e1nicas, cambio clim\u00e1tico y ciclones, entre otros temas<\/em><\/p>\n<p><span style=\"font-size: 8pt\"><strong>Claudia Peralta V\u00e1zquez Fotos: Luis Fernando Fern\u00e1ndez Carrillo<\/strong><\/span><\/p>\n<p>A tres lustros de su creaci\u00f3n, el Centro de Ciencias de la Tierra (CCT) es considerado un referente a nivel nacional, dado su nivel y capacidad de estudio sobre fen\u00f3menos naturales y antr\u00f3picos que pueden llegar a generar un importante impacto en diversas regiones del estado de Veracruz.<\/p>\n<p>En el CCT, un grupo de especialistas diariamente se concentran en el desarrollo de investigaciones de sismos, erupciones volc\u00e1nicas, deslizamientos superficiales de tierra, ciclones, fluctuaciones clim\u00e1ticas, fen\u00f3menos meteorol\u00f3gicos y su relaci\u00f3n con la agricultura, disponibilidad del agua en cantidad y calidad, cuencas y la seguridad de los habitantes de la entidad veracruzana, entre otras.<\/p>\n<p>Bajo la coordinaci\u00f3n de Juan Cervantes P\u00e9rez, expertos en vulcanolog\u00eda, geolog\u00eda, geograf\u00eda, sismolog\u00eda, ciencias sociales y estad\u00edstica, trabajan en dichas l\u00edneas de investigaci\u00f3n, as\u00ed como en el manejo integral de cuencas, bioclimatolog\u00eda y contaminaci\u00f3n.<\/p>\n<p>Sin embargo, el CCT pretende continuar creciendo, toda vez que ya se han concretado pl\u00e1ticas con el Instituto de Astronom\u00eda de la Universidad Nacional Aut\u00f3noma de M\u00e9xico (UNAM), a fin de abrir una nueva l\u00ednea de estudio y an\u00e1lisis\u00a0sobre esta ciencia.<\/p>\n<p>Tambi\u00e9n se contempla anexar el tema de hidrogeolog\u00eda, dado que el agua es y seguir\u00e1 siendo un recurso natural muy importante para la especie humana.<\/p>\n<p><strong>Geolog\u00eda y vulcanolog\u00eda<\/strong><br \/>\nEl Centro de Ciencias de la Tierra desarrolla las l\u00edneas de investigaci\u00f3n Geolog\u00eda y Vulcanolog\u00eda, encabezadas por Katrin Sieron, vulcan\u00f3loga egresada de la UNAM.<\/p>\n<p>La geolog\u00eda es la ciencia que estudia la composici\u00f3n y estructura interna de la Tierra y los procesos a trav\u00e9s de los cuales ha ido evolucionando a lo largo del tiempo geol\u00f3gico, por lo que constituye la base fundamental para entender\u00a0el car\u00e1cter de varios tipos de peligros naturales.<\/p>\n<p>Por esta raz\u00f3n, el CCT promueve dicha l\u00ednea de investigaci\u00f3n con la finalidad de generar conocimientos que permitan una mejor comprensi\u00f3n de los fen\u00f3menos de la litosfera en el sector oriental del pa\u00eds, y que a su vez aporten elementos que puedan ser utilizados en el bienestar y protecci\u00f3n de la poblaci\u00f3n.<\/p>\n<p>Su labor se concentra en los procesos de remoci\u00f3n de masa, caracterizaci\u00f3n y estimaci\u00f3n del peligro dentro del territorio veracruzano. Actualmente se realizan proyectos interdisciplinarios en colaboraci\u00f3n con el Instituto de Ecolog\u00eda (Inecol).<\/p>\n<p>El estudio de los volcanes, de sus estructuras, dep\u00f3sitos, origen y el peligro relacionado con su actividad, no solamente es de inter\u00e9s cient\u00edfico sino tambi\u00e9n es cuesti\u00f3n de la seguridad de la poblaci\u00f3n.<\/p>\n<p>En el estado de Veracruz existe vulcanismo activo en las zonas centro y sur. El conocimiento detallado de los volcanes respecto a su historia eruptiva, estilos de erupci\u00f3n, distribuci\u00f3n espacial y caracterizaci\u00f3n de las fuentes de magma, entre otras, provee informaci\u00f3n necesaria para estimar el peligro asociado a la actividad volc\u00e1nica.<\/p>\n<p>Las nuevas tecnolog\u00edas, como los modelos computacionales y la simulaci\u00f3n de los diferentes fen\u00f3menos volc\u00e1nicos, es una parte importante de esta rama de investigaci\u00f3n.<\/p>\n<p>Adem\u00e1s del estudio del vulcanismo activo en la entidad veracruzana, complementado con aquel que va m\u00e1s all\u00e1 de los l\u00edmites estatales, el CCT apoyar\u00e1 al entendimiento de los mecanismos que controlan dichos fen\u00f3menos a lo largo de Cintur\u00f3n Volc\u00e1nico Transmexicano y proveer\u00e1 informaci\u00f3n valiosa para la comunidad cient\u00edfica.<\/p>\n<p>Proyectos de investigaci\u00f3n recientes incluyen la elaboraci\u00f3n de mapas de susceptibilidad y peligro del Volc\u00e1n San Mart\u00edn y del campo volc\u00e1nico Los Tuxtlas; el fechamiento de productos volc\u00e1nicos con m\u00e9todos alternativos como el paleomagnetismo, en colaboraci\u00f3n con la UNAM-Juriquilla; as\u00ed como estudios del Cintur\u00f3n Volc\u00e1nico Transmexicano, con apoyo del Instituto de Geof\u00edsica de la UNAM.<\/p>\n<p>Actualmente se establecen lazos internacionales a trav\u00e9s del intercambio de estudiantes de Francia y Alemania, as\u00ed como una posterior colaboraci\u00f3n.<\/p>\n<p>Por otra parte, desde 1998 se ha monitoreado el Pico de Orizaba a partir de la colocaci\u00f3n de sensores y se ha comprobado que no hay peligro eminente. Uno de los retos es hacer ejercicios tomogr\u00e1ficos para detectar la c\u00e1mara magm\u00e1tica del volc\u00e1n.<\/p>\n<p>Para ahondar m\u00e1s en el tema, Francisco C\u00f3rdoba Montiel, responsable de la Red S\u00edsmica de Veracruz (RSV), dio a conocer que ante la idea de tener un monitoreo efectivo de la sismicidad en el estado, actualmente se cuenta con seis estaciones que conforman la RSV, integradas al Servicio Sismol\u00f3gico Nacional (SSN) y ubicadas en la regi\u00f3n norte, en el municipio de Tempoal, y al sur, en Uxpanapa. A estos equipos se suman dos estaciones que pertenecen al SSN, situadas en Laguna Verde y en Tuzand\u00e9petl.<\/p>\n<p>Coment\u00f3 que existen antecedentes hist\u00f3ricos importantes como el sismo de 1920, cerca de Xalapa; el de 1973, en Orizaba; y el de 1959, en J\u00e1ltipan.<\/p>\n<p>Por acuerdo entre la UNAM y la UV, la Red S\u00edsmica de Veracruz se enlaza a la Red Nacional del Servicio Sismol\u00f3gico.<\/p>\n<p>En la actualidad, el Centro de Ciencias de la Tierra no s\u00f3lo recibe se\u00f1al de las ocho estaciones existentes en el estado, sino que adem\u00e1s capta informaci\u00f3n de otras entidades como Hidalgo, Tamaulipas, Puebla, Oaxaca y Chiapas.<\/p>\n<p>\u201cLos sismos no reconocen fronteras, nos podr\u00edan impactar tal y como sucedi\u00f3 en d\u00e9cadas anteriores, no ocurren directamente en Veracruz pero causan estragos importantes.\u201d<\/p>\n<p>C\u00f3rdoba Montiel apunt\u00f3 que los sismos se derivan de cuestiones tect\u00f3nicas. En la costa de Guerrero ocurre la subducci\u00f3n de la placa de Cocos debajo de la de Norteam\u00e9rica. \u201cAunque es la fuente de sismos en el pa\u00eds y los reflectores de los sism\u00f3logos est\u00e9n hacia las costas del Pac\u00edfico, no se descartan eventos importantes de este lado\u201d.<\/p>\n<p>En Veracruz, dijo, normalmente existen reportes provenientes del sur del estado, pero son eventos muy profundos a m\u00e1s de 100 kil\u00f3metros, lo cual implica distancia y por lo mismo se aten\u00faan.<\/p>\n<p>\u201cEn la entidad no necesitamos sismos grandes para que causen estragos. Los dos m\u00e1s da\u00f1inos en la Rep\u00fablica Mexicana, despu\u00e9s del registrado en 1985 en M\u00e9xico, D.F., son el de Xalapa en 1920 y el de Orizaba en 1973.\u201d<\/p>\n<p>Detall\u00f3 que en la regi\u00f3n de Los Tuxtlas, en la planicie costera de Veracruz, mediante ejercicios tomogr\u00e1ficos se ha visto que tiene espesores de sedimentos alrededor de los 16 kil\u00f3metros, lo cual implica terreno blando y amplifican las se\u00f1ales s\u00edsmicas.<\/p>\n<p>La ventaja de la zona sur es que no tiembla frecuentemente, sin embargo hay ciertas condiciones que se deben evaluar. \u201cEn Veracruz hay peligro, la regla b\u00e1sica es que donde tembl\u00f3 una vez puede temblar otra vez\u201d.<\/p>\n<p>En la Rep\u00fablica Mexicana, las entidades donde se registran m\u00e1s eventos de este tipo son: Guerrero, Oaxaca y Baja California.<\/p>\n<p><strong>Observatorio del Agua para el Estado de Veracruz\u00a0<\/strong><br \/>\nEl Observatorio del Agua para el Estado de Veracruz \u201cAgua, Bosques, Cuencas y Costas\u201d, centra su labor acad\u00e9mica de construcci\u00f3n de conocimientos, formaci\u00f3n de recursos humanos y transferencia de saberes, en un laboratorio para el dise\u00f1o y aplicaci\u00f3n de metodolog\u00edas interdisciplinarias en el marco de la gesti\u00f3n y manejo integrado de cuencas, cuyos objetos de estudio son concebidos como sistemas complejos.<\/p>\n<p>Mar\u00eda del Socorro Menchaca D\u00e1vila, encargada de esta l\u00ednea, ha desarrollado proyectos que se ubican en la microcuenca del r\u00edo Pixquiac y atienden problem\u00e1ticas relativas a los efectos del factor antr\u00f3pico en los servicios ambientales de bosques y cuencas hidrol\u00f3gicas.<\/p>\n<p>Sus actividades tambi\u00e9n se basan en la medici\u00f3n del \u00edndice de escasez del agua; percepci\u00f3n local relacionada con el seguimiento y evaluaci\u00f3n de pol\u00edticas p\u00fablicas, tales como disponibilidad del agua en cuanto a calidad y cantidad, cultura del agua; valor econ\u00f3mico del recurso h\u00eddrico y pago por servicios ambientales, entre otras.<\/p>\n<p>Los resultados de los proyectos indican que el agua est\u00e1 siendo contaminada significativamente, por ello se desarrollan dos metodolog\u00edas para su aplicaci\u00f3n. La primera, permite medir el riesgo del factor antr\u00f3pico y natural, el cual condiciona las causas de la contaminaci\u00f3n en las fuentes naturales de agua, as\u00ed como su implicaci\u00f3n en la vulnerabilidad relativa a la salud de la poblaci\u00f3n en t\u00e9rminos de exposici\u00f3n y susceptibilidad.<\/p>\n<p>La otra, se centra en la medici\u00f3n de la disponibilidad de agua en cantidad y calidad, y los usos consuntivos para la gesti\u00f3n y manejo integral del recurso h\u00eddrico en la microcuenca del r\u00edo Pixquiac.<\/p>\n<p>Sus principales r\u00edos son el Pixquiac, Ag\u00fcita Fr\u00eda, Xocoyolapan y Atopa. Esta cuenca trasciende los l\u00edmites pol\u00edticos y atraviesa los municipios de Perote, Acajete, Las Vigas, Tlalnelhuayocan y Coatepec. Es una de las fuentes de abasto de agua para la ciudad de Xalapa y el municipio de Coatepec.<\/p>\n<div id=\"attachment_6450\" style=\"width: 310px\" class=\"wp-caption alignright\"><a href=\"https:\/\/www.uv.mx\/universo\/files\/2015\/06\/Temis_Universo-603_0026.jpg\"><img aria-describedby=\"caption-attachment-6450\" decoding=\"async\" loading=\"lazy\" class=\"size-medium wp-image-6450\" src=\"https:\/\/www.uv.mx\/universo\/files\/2015\/06\/Temis_Universo-603_0026-300x200.jpg\" alt=\"Aspecto del glaciar Jamapa, en el Pico de Orizaba\" width=\"300\" height=\"200\" srcset=\"https:\/\/www.uv.mx\/universo\/files\/2015\/06\/Temis_Universo-603_0026-300x200.jpg 300w, https:\/\/www.uv.mx\/universo\/files\/2015\/06\/Temis_Universo-603_0026.jpg 700w\" sizes=\"(max-width: 300px) 100vw, 300px\" \/><\/a><p id=\"caption-attachment-6450\" class=\"wp-caption-text\">Aspecto del glaciar Jamapa, en el Pico de Orizaba<\/p><\/div>\n<p><strong>Ingenier\u00eda de riesgos naturales<\/strong><br \/>\nLa finalidad de la ingenier\u00eda de riesgos naturales es contar con evaluaciones probabilistas de riesgo ante amenazas naturales, considerando las caracter\u00edsticas de vulnerabilidad de la regi\u00f3n, \u00e1rea urbana o las estructuras por analizar.<\/p>\n<p>Las amenazas naturales estudiadas por esta \u00e1rea, encabezada por Gilbert Torres Morales, son principalmente sismos, inundaciones, huracanes, adem\u00e1s de deslizamientos y derrumbes (provocados por sismos y lluvia intensa). Tambi\u00e9n se analiza la vulnerabilidad de todo tipo de estructuras u obras de ingenier\u00eda.<\/p>\n<p>La identificaci\u00f3n de las amenazas que pueden afectar una regi\u00f3n, municipio o \u00e1rea urbana, constituye uno de los primeros pasos en el an\u00e1lisis de riesgos. El conocimiento de las condiciones regionales de ocurrencia, as\u00ed como las caracter\u00edsticas reportadas sobre eventos hist\u00f3ricos, proveen una primera idea del potencial de los fen\u00f3menos que perjudican una regi\u00f3n y permiten conocer, de manera preliminar y aproximada, los periodos de retorno.<\/p>\n<p>La delimitaci\u00f3n de las caracter\u00edsticas din\u00e1micas de los suelos, profundidad al estrato resistente, hidrograf\u00eda, hidrolog\u00eda, topograf\u00eda, etc., en las \u00e1reas donde se identifican las amenazas, es un paso muy importante en la evaluaci\u00f3n del riesgo.<\/p>\n<p>Una t\u00e9nica que condensa las caracter\u00edsticas m\u00e1s importantes en la zona de estudio es la microzonificaci\u00f3n, adem\u00e1s de que permite identificar intensidades para cada fen\u00f3meno natural y estandarizar esta informaci\u00f3n para el posterior an\u00e1lisis de la vulnerabilidad y el riesgo.<\/p>\n<p>Los avances actuales en el desarrollo y presentaci\u00f3n de la informaci\u00f3n geogr\u00e1fica y georreferenciada permiten adelantos importantes en la visualizaci\u00f3n y entendimiento de las amenazas y de los eventos que las generan.<\/p>\n<p>El manejo de esta informaci\u00f3n por medio de capas en los Sistemas de Informaci\u00f3n Geogr\u00e1fica (SIG) permite la automatizaci\u00f3n de los procesos de c\u00e1lculo de riesgo, as\u00ed como una visualizaci\u00f3n ambiciosa y comunicaci\u00f3n simple y \u00e1gil de resultados. Sin embargo, el c\u00e1lculo de las capas de amenaza generalmente recae en programas especializados que no necesariamente son parte de los SIG.<\/p>\n<p>Gilbert Torres, responsable del CA en consolidaci\u00f3n Ingenier\u00eda S\u00edsmica y Estructural, actualmente lleva a cabo el proyecto \u201cMicrozonificaci\u00f3n de peligros geol\u00f3gicos e hidrometeorol\u00f3gicos para las zonas conurbadas de las ciudades de Orizaba, Veracruz y las principales localidades ubicadas en las subcuencas La Antigua y Jamapa\u201d, con fondos mixtos del Consejo Nacional de Ciencia y Tecnolog\u00eda (Conacyt) y el gobierno del Estado de Veracruz.<\/p>\n<p><strong>Impactos locales y regionales del cambio global<\/strong><br \/>\nEl planeta Tierra funciona de manera sist\u00e9mica y org\u00e1nica, los componentes de los sistemas interact\u00faan en escalas temporales y espaciales diferentes, est\u00e1n sujetos a cambios abruptos generados por el hombre y la naturaleza; los impactos tienen lugar en el globo, en un continente, en una regi\u00f3n y hasta en una superficie muy peque\u00f1a, es por ello que el cambio global es un reto de investigaci\u00f3n, de apropiaci\u00f3n y de comunicaci\u00f3n en el siglo XXI.<\/p>\n<p>El calentamiento del sistema clim\u00e1tico es parte del cambio global,\u00a0el clima se ver\u00e1 alterado significativamente en el presente siglo como resultado del aumento de concentraciones de gases de efecto invernadero (GEI).<\/p>\n<p>Uno de los prop\u00f3sitos del CCT es\u00a0insertar al estado de Veracruz en las redes internacionales de estudio, vigilancia y prevenci\u00f3n de fen\u00f3menos hidrometeorol\u00f3gicos, lo que le permitir\u00e1 posicionarlo como un l\u00edder en capacidades sobre cambio clim\u00e1tico tanto t\u00e9cnicas como cient\u00edficas, a nivel nacional e internacional, y fortalecer a los grupos de investigaci\u00f3n sobre dicho tema en la entidad veracruzana.<\/p>\n<p>El coordinador de esta l\u00ednea, Carlos M. Welsh, trabaja en los siguientes proyectos: monitoreo atmosf\u00e9rico del glaciar Jamapa, Pico de Orizaba; monitoreo atmosf\u00e9rico del Cofre de Perote; inventario de emisiones de GEI de Tamaulipas, y Reuni\u00f3n Nacional de la Red de Desastres Asociados a Fen\u00f3menos Hidrometeorol\u00f3gicos y Clim\u00e1ticos (Redesclim).<\/p>\n<p>En el primero, la UV y la Universidad de Texas eval\u00faan las posibles causas que han incidido en la reducci\u00f3n del \u00e1rea del glaciar. Se estableci\u00f3 una red de sensores micro-meteorol\u00f3gicos en la zona del glaciar para observar los fen\u00f3menos que impactan directamente en \u00e9l; por otro lado, con m\u00e9todos indirectos se eval\u00faan los efectos potenciales de la reducci\u00f3n del glaciar en la cuenca a diferentes altitudes.<\/p>\n<p>El segundo proyecto tiene como prop\u00f3sito evaluar los dos sitios de mayor altura del estado de Veracruz; con la misma base tecnol\u00f3gica que se usa en el glaciar se eval\u00faan variables meteorol\u00f3gicas en el Cofre de Perote con la idea de observar los efectos potenciales de fen\u00f3menos de mediana escala y variabilidad clim\u00e1tica, as\u00ed como poder relacionar una posible correlaci\u00f3n entre situaciones de meso-escala entre ambas monta\u00f1as.<\/p>\n<p>El tercero est\u00e1 bajo la coordinaci\u00f3n de la consultora Global and Local Ideas y con la direcci\u00f3n del BID se desarroll\u00f3 el inventario de GEI 2010-2014 para el Gobierno de Tamaulipas como una herramienta para el dise\u00f1o, preparaci\u00f3n y elaboraci\u00f3n de estrategias de pol\u00edtica p\u00fablica.<\/p>\n<p>Por \u00faltimo, para el cuarto proyecto el Conacyt ha propiciado la creaci\u00f3n y establecimiento de redes tem\u00e1ticas que contribuyan a atender problem\u00e1ticas nacionales bajo un esquema de trabajo en red, en ese sentido la Redesclim tiene presencia en todo el pa\u00eds y ha construido un plan de acci\u00f3n para entender, atender y actuar ante esta clase de fen\u00f3menos.<\/p>\n<p>Cabe destacar que la reuni\u00f3n nacional de 2015 de la Redesclim se llevar\u00e1 a cabo la primera quincena de octubre en la UV, y el grupo de trabajo ser\u00e1 responsable local de las sesiones de trabajo.<\/p>\n<p><strong>Bioclimatolog\u00eda y contaminaci\u00f3n atmosf\u00e9rica<\/strong><br \/>\nLa bioclimatolog\u00eda se encarga de estudiar las relaciones entre los seres vivos y el clima, en una relaci\u00f3n bidireccional, esto es, las afectaciones del clima sobre los seres vivos y viceversa.<\/p>\n<p>En el estado de Veracruz, al igual que en el resto del pa\u00eds, los efectos de los seres vivos sobre el clima es una condici\u00f3n que ha adquirido importancia debido a los cambios que se est\u00e1n dando en el corto plazo.<\/p>\n<p>Por lo anterior, el objetivo es realizar investigaciones sobre el efecto del clima y sus elementos en los seres vivos (humanos, vegetaci\u00f3n y animales) a nivel local y regional, que permitan formar recursos humanos especializados en el \u00e1rea.<\/p>\n<p>He ah\u00ed la importancia de la vinculaci\u00f3n de estudiantes de programas educativos afines de nivel licenciatura (Ciencias Atmosf\u00e9ricas, Ingenier\u00eda Ambiental, Geograf\u00eda, Biolog\u00eda y Ciencias Agr\u00edcolas) y posgrado (Especialidad en Diagn\u00f3stico y Gesti\u00f3n Ambiental), tanto de la UV como de otras instituciones nacionales o internacionales relacionados con el \u00e1rea, en los proyectos de investigaci\u00f3n en el tema.<\/p>\n<p>Por otra parte, es un hecho que la contaminaci\u00f3n atmosf\u00e9rica tiene efectos importantes a nivel mundial, pero que inicia con actividades a nivel local. \u00c9sta es una rama muy relacionada con la bioclimatolog\u00eda, como es el caso de la salud.<\/p>\n<p>De esta forma, el objetivo es realizar investigaciones sobre causas y efectos de la contaminaci\u00f3n atmosf\u00e9rica a nivel local, regional y nacional. Los retos de investigaci\u00f3n a corto y mediano plazo recaen en los an\u00e1lisis combinados de cambios, efectos y medidas de mitigaci\u00f3n y adaptaci\u00f3n ante los fen\u00f3menos bioclimatol\u00f3gicos y de la contaminaci\u00f3n atmosf\u00e9rica.<\/p>\n<p><strong>Geohidrolog\u00eda<\/strong><br \/>\nLa hidrolog\u00eda subterr\u00e1nea o geohidrolog\u00eda tiene como objetivo el conocimiento y la evaluaci\u00f3n de los recursos h\u00eddricos existentes en el subsuelo, la posibilidad de su captaci\u00f3n y su explotaci\u00f3n en un contexto de gesti\u00f3n sostenible. Esto incluye el an\u00e1lisis del movimiento del agua, el conocimiento de sus propiedades y composici\u00f3n qu\u00edmica, el estudio de su origen dentro del ciclo hidrol\u00f3gico, y la consideraci\u00f3n de sus usos potenciales.<\/p>\n<p>El conocimiento completo del ciclo hidrol\u00f3gico, en particular en su parte de agua subterr\u00e1nea, es una l\u00ednea de investigaci\u00f3n cada vez m\u00e1s necesaria, aun en un estado como Veracruz por donde escurre casi una tercera parte del agua superficial del pa\u00eds.<\/p>\n<p>Como ejemplo de la importancia del desarrollo de esta l\u00ednea de investigaci\u00f3n, basta citar el hecho de que la zona conurbada Veracruz-Boca del R\u00edo obtiene un alto porcentaje del suministro del l\u00edquido a partir del agua subterr\u00e1nea.<\/p>\n<p>Existen desde luego otras zonas y centros urbanos con situaciones un tanto similares a la zona mencionada. Independientemente de lo anterior, es un hecho que cada vez se generan m\u00e1s problemas de tipo social, pol\u00edtico y econ\u00f3mico entre municipios donde el suministro de agua proviene de manantiales (finalmente agua subterr\u00e1nea).<\/p>\n<p>La interacci\u00f3n de esta l\u00ednea con aqu\u00e9llas interesadas en los fen\u00f3menos meteorol\u00f3gicos es indudable, considerando que entre las temporadas clim\u00e1ticas se tiene una de estiaje y muchas veces interaccionando casi en forma simult\u00e1nea con una de lluvias.<\/p>\n<p>As\u00ed, el conocimiento no s\u00f3lo de la cantidad y calidad del agua subterr\u00e1nea, sino tambi\u00e9n su din\u00e1mica a trav\u00e9s de los acu\u00edferos, es de suma importancia para un manejo adecuado de este recurso renovable pero cada vez m\u00e1s limitado en su disposici\u00f3n.<\/p>\n<p>Actualmente, el Centro de Ciencias de la Tierra participa en el proyecto: \u201cCharacterizing the sources for water supply in the central region of Veracruz\u201d, apoyado por el Organismo Internacional de Energ\u00eda At\u00f3mica y con la colaboraci\u00f3n de los Institutos de Geof\u00edsica y Geolog\u00eda de la UNAM.<\/p>\n","protected":false},"excerpt":{"rendered":"<p>A tres lustros de su creaci\u00f3n, el Centro de Ciencias de la Tierra (CCT) es considerado un referente a nivel nacional, dado su nivel y capacidad de estudio sobre fen\u00f3menos naturales y antr\u00f3picos que pueden llegar a generar un importante impacto en diversas regiones del estado de Veracruz<\/p>\n\r\n<div class=\"seriesmeta\">Contenido 6 de 44 del n\u00famero <a href=\"https:\/\/www.uv.mx\/universo\/numero\/603\/\" class=\"series-341\" title=\"603\">603<\/a><\/div>","protected":false},"author":1664,"featured_media":7338,"comment_status":"closed","ping_status":"closed","sticky":false,"template":"","format":"standard","meta":[],"categories":[278,343],"tags":[],"series":[341],"_links":{"self":[{"href":"https:\/\/www.uv.mx\/universo\/wp-json\/wp\/v2\/posts\/6483"}],"collection":[{"href":"https:\/\/www.uv.mx\/universo\/wp-json\/wp\/v2\/posts"}],"about":[{"href":"https:\/\/www.uv.mx\/universo\/wp-json\/wp\/v2\/types\/post"}],"author":[{"embeddable":true,"href":"https:\/\/www.uv.mx\/universo\/wp-json\/wp\/v2\/users\/1664"}],"replies":[{"embeddable":true,"href":"https:\/\/www.uv.mx\/universo\/wp-json\/wp\/v2\/comments?post=6483"}],"version-history":[{"count":0,"href":"https:\/\/www.uv.mx\/universo\/wp-json\/wp\/v2\/posts\/6483\/revisions"}],"wp:featuredmedia":[{"embeddable":true,"href":"https:\/\/www.uv.mx\/universo\/wp-json\/wp\/v2\/media\/7338"}],"wp:attachment":[{"href":"https:\/\/www.uv.mx\/universo\/wp-json\/wp\/v2\/media?parent=6483"}],"wp:term":[{"taxonomy":"category","embeddable":true,"href":"https:\/\/www.uv.mx\/universo\/wp-json\/wp\/v2\/categories?post=6483"},{"taxonomy":"post_tag","embeddable":true,"href":"https:\/\/www.uv.mx\/universo\/wp-json\/wp\/v2\/tags?post=6483"},{"taxonomy":"series","embeddable":true,"href":"https:\/\/www.uv.mx\/universo\/wp-json\/wp\/v2\/series?post=6483"}],"curies":[{"name":"wp","href":"https:\/\/api.w.org\/{rel}","templated":true}]}}