{"id":6491,"date":"2015-06-01T07:59:17","date_gmt":"2015-06-01T12:59:17","guid":{"rendered":"https:\/\/www.uv.mx\/universo\/?p=6491"},"modified":"2015-06-25T18:31:59","modified_gmt":"2015-06-25T23:31:59","slug":"alumnos-del-afel-satisfechos-con-el-curso-de-natacion","status":"publish","type":"post","link":"https:\/\/www.uv.mx\/universo\/deportes\/alumnos-del-afel-satisfechos-con-el-curso-de-natacion\/","title":{"rendered":"Alumnos del AFEL, satisfechos con el curso de nataci\u00f3n"},"content":{"rendered":"<div class=\"seriesmeta noshow\">Contenido 43 de 44 del n\u00famero <a href=\"https:\/\/www.uv.mx\/universo\/numero\/603\/\" class=\"series-341\" title=\"603\">603<\/a><\/div>\r\n<div id=\"attachment_6454\" style=\"width: 310px\" class=\"wp-caption alignright\"><a href=\"https:\/\/www.uv.mx\/universo\/files\/2015\/06\/Temis_Universo-603_0030.jpg\"><img aria-describedby=\"caption-attachment-6454\" decoding=\"async\" loading=\"lazy\" class=\"size-medium wp-image-6454\" src=\"https:\/\/www.uv.mx\/universo\/files\/2015\/06\/Temis_Universo-603_0030-300x200.jpg\" alt=\"El grupo con el maestro Santiago Gonz\u00e1lez\" width=\"300\" height=\"200\" srcset=\"https:\/\/www.uv.mx\/universo\/files\/2015\/06\/Temis_Universo-603_0030-300x200.jpg 300w, https:\/\/www.uv.mx\/universo\/files\/2015\/06\/Temis_Universo-603_0030.jpg 700w\" sizes=\"(max-width: 300px) 100vw, 300px\" \/><\/a><p id=\"caption-attachment-6454\" class=\"wp-caption-text\">El grupo con el maestro Santiago Gonz\u00e1lez<\/p><\/div>\n<p><em>Aprobaron y obtuvieron cr\u00e9ditos para su carrera<\/em><\/p>\n<p><span style=\"font-size: 8pt\"><strong>Santiago Morales Ortiz<\/strong><\/span><\/p>\n<p>Gran experiencia result\u00f3 el Curso de Nataci\u00f3n del \u00c1rea de Formaci\u00f3n y Elecci\u00f3n Libre (AFEL), que con \u00e9xito culmin\u00f3 en la Alberca \u201cMiguel \u00c1ngel R\u00edos\u201d, con la participaci\u00f3n de un buen n\u00famero de alumnos de esta casa de estudios, quienes adem\u00e1s de aprender aspectos b\u00e1sicos de la disciplina obtuvieron cr\u00e9ditos para sus carreras.<\/p>\n<p>Fueron nueve grupos de 25 alumnos cada uno, los que en horarios matutinos a partir de las 7:00 horas trabajaron bajo la coordinaci\u00f3n de los entrenadores Santiago Gonz\u00e1lez Serralde, Diego Valerio C\u00e1rdenas y Ger\u00f3nimo Guzm\u00e1n Salda\u00f1a.<\/p>\n<p>Sobre el desarrollo del curso, Gonz\u00e1lez Serralde destac\u00f3 la experiencia y el buen desempe\u00f1o de los alumnos: \u201cFue un buen curso donde los muchachos aprendieron las t\u00e9cnicas b\u00e1sicas de nataci\u00f3n. Recibimos alumnos desde los que empiezan de cero, hasta los que saben nadar\u201d.<\/p>\n<p>Apunt\u00f3 que a los alumnos se les ense\u00f1a a flotar, respirar y desplazarse, en los nados b\u00e1sicos de crawl y dorso, as\u00ed como en saltos y clavados. Dijo que lo m\u00e1s importante del curso no son los cr\u00e9ditos que a los alumnos se otorgan, \u201csino la facilidad de que a lo largo de la carrera lleven una disciplina que les d\u00e9 beneficios f\u00edsicos\u201d.<\/p>\n<div id=\"attachment_6455\" style=\"width: 210px\" class=\"wp-caption alignright\"><a href=\"https:\/\/www.uv.mx\/universo\/files\/2015\/06\/Temis_Universo-603_0031.jpg\"><img aria-describedby=\"caption-attachment-6455\" decoding=\"async\" loading=\"lazy\" class=\"size-medium wp-image-6455\" src=\"https:\/\/www.uv.mx\/universo\/files\/2015\/06\/Temis_Universo-603_0031-200x300.jpg\" alt=\"Ana Karen Bravo Barrera\" width=\"200\" height=\"300\" srcset=\"https:\/\/www.uv.mx\/universo\/files\/2015\/06\/Temis_Universo-603_0031-200x300.jpg 200w, https:\/\/www.uv.mx\/universo\/files\/2015\/06\/Temis_Universo-603_0031.jpg 467w\" sizes=\"(max-width: 200px) 100vw, 200px\" \/><\/a><p id=\"caption-attachment-6455\" class=\"wp-caption-text\">Ana Karen Bravo Barrera<\/p><\/div>\n<p>El entrenador destac\u00f3 la apertura de la fosa de clavados en el Complejo Deportivo de la Alberca \u201cEulalio R\u00edos\u201d, que facilita m\u00e1s el desarrollo del curso, y la pr\u00f3xima reapertura de la escuela de la especialidad.<\/p>\n<p>\u201cLa fosa es una instalaci\u00f3n muy buena que nos permite trabajar con los muchachos en los aspectos de flotaci\u00f3n, clavados y saltos.\u201d<\/p>\n<p>Cabe destacar que en la clausura del evento se llev\u00f3 a cabo una demostraci\u00f3n, donde los nueve grupos participantes mostraron lo aprendido, para cerrar con un agradable convivio.<\/p>\n<p><strong>Ana Karen Bravo Barrera<\/strong><br \/>\nLa alumna de octavo semestre de la Facultad de Ingenier\u00eda en Alimentos, Ana Karen Bravo Barrera, destac\u00f3 la celebraci\u00f3n del curso y se\u00f1al\u00f3 que se trata de algo positivo: \u201cAqu\u00ed encontramos qu\u00e9 hacer con nuestro tiempo y muchos compa\u00f1eros que no sab\u00edan nada sobre la nataci\u00f3n, aqu\u00ed aprendieron\u201d.<\/p>\n<p>Comparti\u00f3 que en lo personal aprendi\u00f3 distintas t\u00e9cnicas de nado como crawl y dorso, \u201csobre todo a hacer las t\u00e9cnicas de la manera correcta\u201d.<\/p>\n<p>Ana Karen dijo que le gustar\u00eda ser parte del representativo de Halcones, pero debido a que est\u00e1 en el cierre de su carrera no puede entregarse totalmente a los entrenamientos.<\/p>\n<p>Por \u00faltimo, resalt\u00f3 la importancia de los cr\u00e9ditos que se otorgan: \u201cSon muy buenos, pues te dan cinco cr\u00e9ditos, en otros deportes dan menos, y eso es importante tambi\u00e9n\u201d.<\/p>\n<p>Agreg\u00f3 que le gustar\u00eda invitar a otros alumnos de la UV para que formen parte del curso \u201cporque est\u00e1 muy divertido, aprendes muchas cosas y te relajas, algo que te ayuda para el estudio\u201d.<\/p>\n","protected":false},"excerpt":{"rendered":"<p>Gran experiencia result\u00f3 el Curso de Nataci\u00f3n del \u00c1rea de Formaci\u00f3n y Elecci\u00f3n Libre (AFEL), que con \u00e9xito culmin\u00f3 en la Alberca \u201cMiguel \u00c1ngel R\u00edos\u201d, con la participaci\u00f3n de un buen n\u00famero de alumnos de esta casa de estudios, quienes adem\u00e1s de aprender aspectos b\u00e1sicos de la disciplina obtuvieron cr\u00e9ditos para sus carreras<\/p>\n\r\n<div class=\"seriesmeta\">Contenido 43 de 44 del n\u00famero <a href=\"https:\/\/www.uv.mx\/universo\/numero\/603\/\" class=\"series-341\" title=\"603\">603<\/a><\/div>","protected":false},"author":1664,"featured_media":6454,"comment_status":"closed","ping_status":"closed","sticky":false,"template":"","format":"standard","meta":[],"categories":[7],"tags":[],"series":[341],"_links":{"self":[{"href":"https:\/\/www.uv.mx\/universo\/wp-json\/wp\/v2\/posts\/6491"}],"collection":[{"href":"https:\/\/www.uv.mx\/universo\/wp-json\/wp\/v2\/posts"}],"about":[{"href":"https:\/\/www.uv.mx\/universo\/wp-json\/wp\/v2\/types\/post"}],"author":[{"embeddable":true,"href":"https:\/\/www.uv.mx\/universo\/wp-json\/wp\/v2\/users\/1664"}],"replies":[{"embeddable":true,"href":"https:\/\/www.uv.mx\/universo\/wp-json\/wp\/v2\/comments?post=6491"}],"version-history":[{"count":0,"href":"https:\/\/www.uv.mx\/universo\/wp-json\/wp\/v2\/posts\/6491\/revisions"}],"wp:featuredmedia":[{"embeddable":true,"href":"https:\/\/www.uv.mx\/universo\/wp-json\/wp\/v2\/media\/6454"}],"wp:attachment":[{"href":"https:\/\/www.uv.mx\/universo\/wp-json\/wp\/v2\/media?parent=6491"}],"wp:term":[{"taxonomy":"category","embeddable":true,"href":"https:\/\/www.uv.mx\/universo\/wp-json\/wp\/v2\/categories?post=6491"},{"taxonomy":"post_tag","embeddable":true,"href":"https:\/\/www.uv.mx\/universo\/wp-json\/wp\/v2\/tags?post=6491"},{"taxonomy":"series","embeddable":true,"href":"https:\/\/www.uv.mx\/universo\/wp-json\/wp\/v2\/series?post=6491"}],"curies":[{"name":"wp","href":"https:\/\/api.w.org\/{rel}","templated":true}]}}