{"id":6495,"date":"2015-06-01T07:59:21","date_gmt":"2015-06-01T12:59:21","guid":{"rendered":"https:\/\/www.uv.mx\/universo\/?p=6495"},"modified":"2015-06-25T18:09:54","modified_gmt":"2015-06-25T23:09:54","slug":"macehuani-orquesta-representara-a-la-uv-en-encuentro-de-arte-popular","status":"publish","type":"post","link":"https:\/\/www.uv.mx\/universo\/cultura\/macehuani-orquesta-representara-a-la-uv-en-encuentro-de-arte-popular\/","title":{"rendered":"Macehuani Orquesta representar\u00e1 a la UV en encuentro de arte popular"},"content":{"rendered":"<div class=\"seriesmeta noshow\">Contenido 39 de 44 del n\u00famero <a href=\"https:\/\/www.uv.mx\/universo\/numero\/603\/\" class=\"series-341\" title=\"603\">603<\/a><\/div>\r\n<div id=\"attachment_6502\" style=\"width: 310px\" class=\"wp-caption alignright\"><a href=\"https:\/\/www.uv.mx\/universo\/files\/2015\/06\/603-cultura-007.jpg\"><img aria-describedby=\"caption-attachment-6502\" decoding=\"async\" loading=\"lazy\" class=\"wp-image-6502 size-medium\" src=\"https:\/\/www.uv.mx\/universo\/files\/2015\/06\/603-cultura-007-300x197.jpg\" alt=\"Eduardo Bouchez Toriz, vocalista\" width=\"300\" height=\"197\" srcset=\"https:\/\/www.uv.mx\/universo\/files\/2015\/06\/603-cultura-007-300x197.jpg 300w, https:\/\/www.uv.mx\/universo\/files\/2015\/06\/603-cultura-007.jpg 700w\" sizes=\"(max-width: 300px) 100vw, 300px\" \/><\/a><p id=\"caption-attachment-6502\" class=\"wp-caption-text\">Eduardo Bouchez Toriz, vocalista<\/p><\/div>\n<p class=\"Resumen\"><em>Su trabajo se centra en ritmos como salsa, timba y jazz latino<\/em><\/p>\n<p class=\"Autor\"><span style=\"font-size: 8pt\"><strong>Jorge V\u00e1zquez Pacheco<\/strong><\/span><\/p>\n<p class=\"Texto\">Macehuani Orquesta es una agrupaci\u00f3n musical integrada por estudiantes de diversas carreras de la Universidad Veracruzana (UV), que ha recibido invitaci\u00f3n para representar a M\u00e9xico en el XIII Encuentro de Arte Popular Latinoamericano, a celebrarse en la ciudad de Bogot\u00e1, Colombia, del 2 al 16 de agosto, inform\u00f3 Eduardo Bouchez Toriz, estudiante del octavo semestre en la Facultad de Pedagog\u00eda y vocalista del ensamble.<\/p>\n<p class=\"Texto\">La invitaci\u00f3n lleg\u00f3 a ellos como integrantes del ensamble denominado Combo, Tabaco y Ron, a trav\u00e9s de Christopher Tornero Cruz, bajista que ha asistido en diversas ediciones al encuentro mencionado como parte de otro tipo de espect\u00e1culos.<\/p>\n<p class=\"Texto\">Su actividad se enfoca b\u00e1sicamente a formas musicales como salsa, timba y latin-jazz, y esto fue lo que llam\u00f3 la atenci\u00f3n de los organizadores, quienes procedieron a formalizar y confirmar la invitaci\u00f3n.<\/p>\n<p class=\"Texto\">Para hacerse presentes en este acontecimiento, los elementos decidieron modificar el nombre de su conjunto para adoptar otro mayormente representativo.<\/p>\n<p class=\"Texto\">Fue as\u00ed que optaron por \u201cMacehuani\u201d, vocablo de uso com\u00fan en la lengua totonaca que significa \u201cbailar\u00edn\u201d. Bouchez Toriz indic\u00f3 que este adjetivo deriva de la lengua tolteca, con el mismo significado.<\/p>\n<p class=\"Texto\">El entrevistado considera que se encuentran en condiciones de desarrollar una aceptable labor representando a la escuela musical de Xalapa, particularmente la que se imparte en el Centro de Estudio de Jazz de la UV (Jazzuv), ya que muchos de los integrantes estudian en esta instituci\u00f3n.<\/p>\n<p class=\"Texto\">\u201cEn Colombia se encuentran varias de las mejores orquestas de salsa del mundo, y esto representa una magn\u00edfica oportunidad para nutrir la hoja curricular de nuestra agrupaci\u00f3n\u201d, indic\u00f3.<\/p>\n<p class=\"Texto\">Para los boletos de avi\u00f3n, han conseguido patrocinio de particulares, ya que el comit\u00e9 organizador del encuentro cubrir\u00e1 hospedaje, alimentos y traslados en Colombia. \u201cSomos 11 elementos, completamente xalape\u00f1os, y somos unos convencidos de la calidad art\u00edstica de los m\u00fasicos de nuestra Universidad.<\/p>\n<p class=\"Texto\">Nos interesa sonar y sonar bien, presentar buena m\u00fasica, representar dignamente a nuestra instituci\u00f3n y a M\u00e9xico. Somos el \u00fanico conjunto nacional invitado y Xalapa es cuna de buenos m\u00fasicos. Obtendremos buenos resultados.\u201d<\/p>\n","protected":false},"excerpt":{"rendered":"<p>Macehuani Orquesta es una agrupaci\u00f3n musical integrada por estudiantes de diversas carreras de la Universidad Veracruzana (UV), que ha recibido invitaci\u00f3n para representar a M\u00e9xico en el XIII Encuentro de Arte Popular Latinoamericano, a celebrarse en la ciudad de Bogot\u00e1, Colombia, del 2 al 16 de agosto, inform\u00f3 Eduardo Bouchez Toriz, estudiante del octavo semestre en la Facultad de Pedagog\u00eda y vocalista del ensamble<\/p>\n\r\n<div class=\"seriesmeta\">Contenido 39 de 44 del n\u00famero <a href=\"https:\/\/www.uv.mx\/universo\/numero\/603\/\" class=\"series-341\" title=\"603\">603<\/a><\/div>","protected":false},"author":1668,"featured_media":6502,"comment_status":"closed","ping_status":"closed","sticky":false,"template":"","format":"standard","meta":[],"categories":[5],"tags":[344],"series":[341],"_links":{"self":[{"href":"https:\/\/www.uv.mx\/universo\/wp-json\/wp\/v2\/posts\/6495"}],"collection":[{"href":"https:\/\/www.uv.mx\/universo\/wp-json\/wp\/v2\/posts"}],"about":[{"href":"https:\/\/www.uv.mx\/universo\/wp-json\/wp\/v2\/types\/post"}],"author":[{"embeddable":true,"href":"https:\/\/www.uv.mx\/universo\/wp-json\/wp\/v2\/users\/1668"}],"replies":[{"embeddable":true,"href":"https:\/\/www.uv.mx\/universo\/wp-json\/wp\/v2\/comments?post=6495"}],"version-history":[{"count":0,"href":"https:\/\/www.uv.mx\/universo\/wp-json\/wp\/v2\/posts\/6495\/revisions"}],"wp:featuredmedia":[{"embeddable":true,"href":"https:\/\/www.uv.mx\/universo\/wp-json\/wp\/v2\/media\/6502"}],"wp:attachment":[{"href":"https:\/\/www.uv.mx\/universo\/wp-json\/wp\/v2\/media?parent=6495"}],"wp:term":[{"taxonomy":"category","embeddable":true,"href":"https:\/\/www.uv.mx\/universo\/wp-json\/wp\/v2\/categories?post=6495"},{"taxonomy":"post_tag","embeddable":true,"href":"https:\/\/www.uv.mx\/universo\/wp-json\/wp\/v2\/tags?post=6495"},{"taxonomy":"series","embeddable":true,"href":"https:\/\/www.uv.mx\/universo\/wp-json\/wp\/v2\/series?post=6495"}],"curies":[{"name":"wp","href":"https:\/\/api.w.org\/{rel}","templated":true}]}}