{"id":6507,"date":"2015-06-01T07:59:22","date_gmt":"2015-06-01T12:59:22","guid":{"rendered":"https:\/\/www.uv.mx\/universo\/?p=6507"},"modified":"2015-06-25T18:09:16","modified_gmt":"2015-06-25T23:09:16","slug":"osx-interpretara-obras-de-johannes-brahms","status":"publish","type":"post","link":"https:\/\/www.uv.mx\/universo\/cultura\/osx-interpretara-obras-de-johannes-brahms\/","title":{"rendered":"OSX interpretar\u00e1 obras de Johannes Brahms"},"content":{"rendered":"<div class=\"seriesmeta noshow\">Contenido 38 de 44 del n\u00famero <a href=\"https:\/\/www.uv.mx\/universo\/numero\/603\/\" class=\"series-341\" title=\"603\">603<\/a><\/div>\r\n<div id=\"attachment_6501\" style=\"width: 223px\" class=\"wp-caption alignright\"><a href=\"https:\/\/www.uv.mx\/universo\/files\/2015\/06\/603-cultura-006.jpg\"><img aria-describedby=\"caption-attachment-6501\" decoding=\"async\" loading=\"lazy\" class=\"wp-image-6501 size-medium\" src=\"https:\/\/www.uv.mx\/universo\/files\/2015\/06\/603-cultura-006-213x300.jpg\" alt=\"Encarnaci\u00f3n V\u00e1zquez\" width=\"213\" height=\"300\" \/><\/a><p id=\"caption-attachment-6501\" class=\"wp-caption-text\">Encarnaci\u00f3n V\u00e1zquez<\/p><\/div>\n<p class=\"Resumen\"><em>Con Encarnaci\u00f3n V\u00e1zquez y el Coro de la UV como solistas<\/em><\/p>\n<p class=\"Autor\"><span style=\"font-size: 8pt\"><strong>Jorge V\u00e1zquez Pacheco<\/strong><\/span><\/p>\n<p class=\"Texto\">Con direcci\u00f3n de Lanfranco Marcelletti, la presencia de la mezzosoprano Encarnaci\u00f3n V\u00e1zquez y del Coro de la Universidad Veracruzana, la Orquesta Sinf\u00f3nica de Xalapa (OSX) recrear\u00e1 obras de Johannes Brahms (1833-1897), en un programa dedicado \u00edntegramente a la creatividad de este compositor alem\u00e1n nacido en el puerto de Hamburgo.<\/p>\n<p class=\"Texto\">Lo anterior se dar\u00e1 el viernes 5 de junio a las 20:30 horas, en la sala de conciertos del Complejo Cultural Tlaqn\u00e1, del Campus para la Cultura, las Artes y el Deporte. La audici\u00f3n ha sido denominada Las voces y Brahms e incluir\u00e1 Variaciones sobre un tema de Haydn, Gesang der Parzen para coro y orquesta, Rapsodia para contralto, N\u00e4nie para coro y orquesta y Schicksalslied, tambi\u00e9n con para coro y orquesta.<\/p>\n<p class=\"Texto\">Encarnaci\u00f3n V\u00e1zquez es una cantante dif\u00edcil de encasillar en alguna tesitura espec\u00edfica. Ha interpretado roles para soprano desde la Cio-Cio San para Madama Butterfly, hasta la parte para contralto en los Gurrelieder de Schoenberg, lo cual demuestra poseer una t\u00e9cnica que le permite transitar por pr\u00e1cticamente todos los estilos y formas de composici\u00f3n.<\/p>\n<p class=\"Texto\">Ganadora de premios en los concursos \u201cCarlo Morelli\u201d, \u201cOralia Dom\u00ednguez\u201d y \u201cFanny Anit\u00faa\u201d, V\u00e1zquez fue galardonada con la Medalla Mozart en su primera edici\u00f3n, de manos del presidente de M\u00e9xico. En tres ocasiones recibi\u00f3 el premio anual de la Uni\u00f3n de Cronistas de Teatro y M\u00fasica (1989, 1993 y 2000).<\/p>\n<p class=\"Texto\">Ha sido invitada a actuar en el Teatro Col\u00f3n de Buenos Aires, con la \u00d3pera Alemana de Berl\u00edn, la \u00d3pera de Dresde, Badisches Staatstheater de Karlsruhe, New York City Opera Nacional Company, Teatro \u201cTeresa Carre\u00f1o\u201d de Venezuela y la \u00d3pera Metz de Francia.<\/p>\n<p class=\"Texto\">Tambi\u00e9n se ha presentado en el Teatro \u201cP\u00e9rez Gald\u00f3s\u201d de las Islas Canarias, Gran Teatro Liceo de Barcelona y Teatro Col\u00f3n de Colombia. Ha sido invitada por la Sinf\u00f3nica de Dallas, la Sinf\u00f3nica de San Antonio y las principales orquestas de M\u00e9xico para interpretar obras de Gustav Mahler como Kindertotenlieder, Des Knaben Wunderhorn, R\u00fcckert lieder, Segunda, Tercera y Octava sinfon\u00edas. Tambi\u00e9n ha cantado, de Johann Sebastian Bach, las pasiones seg\u00fan San Mateo y San Juan, Misa en Si menor, el Oratorio de Navidad y Magnificat.<\/p>\n<p class=\"Texto\">Lo anterior es apenas una parte de su amplio repertorio. Esta jornada se establece como un acontecimiento cultural de inter\u00e9s, por lo que es altamente recomendable. Para mayores informes, llamar al tel\u00e9fono (228) 8180834, extensiones 107 y 108.<\/p>\n","protected":false},"excerpt":{"rendered":"<p>Con direcci\u00f3n de Lanfranco Marcelletti, la presencia de la mezzosoprano Encarnaci\u00f3n V\u00e1zquez y del Coro de la Universidad Veracruzana, la Orquesta Sinf\u00f3nica de Xalapa (OSX) recrear\u00e1 obras de Johannes Brahms (1833-1897), en un programa dedicado \u00edntegramente a la creatividad de este compositor alem\u00e1n nacido en el puerto de Hamburgo.<\/p>\n\r\n<div class=\"seriesmeta\">Contenido 38 de 44 del n\u00famero <a href=\"https:\/\/www.uv.mx\/universo\/numero\/603\/\" class=\"series-341\" title=\"603\">603<\/a><\/div>","protected":false},"author":1668,"featured_media":0,"comment_status":"closed","ping_status":"closed","sticky":false,"template":"","format":"standard","meta":[],"categories":[5],"tags":[344],"series":[341],"_links":{"self":[{"href":"https:\/\/www.uv.mx\/universo\/wp-json\/wp\/v2\/posts\/6507"}],"collection":[{"href":"https:\/\/www.uv.mx\/universo\/wp-json\/wp\/v2\/posts"}],"about":[{"href":"https:\/\/www.uv.mx\/universo\/wp-json\/wp\/v2\/types\/post"}],"author":[{"embeddable":true,"href":"https:\/\/www.uv.mx\/universo\/wp-json\/wp\/v2\/users\/1668"}],"replies":[{"embeddable":true,"href":"https:\/\/www.uv.mx\/universo\/wp-json\/wp\/v2\/comments?post=6507"}],"version-history":[{"count":0,"href":"https:\/\/www.uv.mx\/universo\/wp-json\/wp\/v2\/posts\/6507\/revisions"}],"wp:attachment":[{"href":"https:\/\/www.uv.mx\/universo\/wp-json\/wp\/v2\/media?parent=6507"}],"wp:term":[{"taxonomy":"category","embeddable":true,"href":"https:\/\/www.uv.mx\/universo\/wp-json\/wp\/v2\/categories?post=6507"},{"taxonomy":"post_tag","embeddable":true,"href":"https:\/\/www.uv.mx\/universo\/wp-json\/wp\/v2\/tags?post=6507"},{"taxonomy":"series","embeddable":true,"href":"https:\/\/www.uv.mx\/universo\/wp-json\/wp\/v2\/series?post=6507"}],"curies":[{"name":"wp","href":"https:\/\/api.w.org\/{rel}","templated":true}]}}