{"id":6908,"date":"2015-06-08T07:59:55","date_gmt":"2015-06-08T12:59:55","guid":{"rendered":"https:\/\/www.uv.mx\/universo\/?p=6908"},"modified":"2015-06-25T16:52:21","modified_gmt":"2015-06-25T21:52:21","slug":"alumno-de-facico-gano-concurso-nacional-de-periodismo-universitario","status":"publish","type":"post","link":"https:\/\/www.uv.mx\/universo\/destacadas\/alumno-de-facico-gano-concurso-nacional-de-periodismo-universitario\/","title":{"rendered":"Alumno de <em>Facico<\/em> gan\u00f3 concurso nacional de periodismo universitario"},"content":{"rendered":"<div class=\"seriesmeta noshow\">Contenido 5 de 52 del n\u00famero <a href=\"https:\/\/www.uv.mx\/universo\/numero\/604\/\" class=\"series-347\" title=\"604\">604<\/a><\/div>\r\n<p class=\"Autor\"><span style=\"font-size: 8pt\"><strong>Shuguey Enr\u00edquez Ambell<\/strong><\/span><\/p>\n<div id=\"attachment_6922\" style=\"width: 310px\" class=\"wp-caption alignright\"><a href=\"https:\/\/www.uv.mx\/universo\/files\/2015\/06\/604-campus-012.jpg\"><img aria-describedby=\"caption-attachment-6922\" decoding=\"async\" loading=\"lazy\" class=\"size-medium wp-image-6922\" src=\"https:\/\/www.uv.mx\/universo\/files\/2015\/06\/604-campus-012-300x198.jpg\" alt=\"Omar Efr\u00e9n Gonz\u00e1lez S\u00e1nchez\" width=\"300\" height=\"198\" srcset=\"https:\/\/www.uv.mx\/universo\/files\/2015\/06\/604-campus-012-300x198.jpg 300w, https:\/\/www.uv.mx\/universo\/files\/2015\/06\/604-campus-012.jpg 700w\" sizes=\"(max-width: 300px) 100vw, 300px\" \/><\/a><p id=\"caption-attachment-6922\" class=\"wp-caption-text\">Omar Efr\u00e9n Gonz\u00e1lez S\u00e1nchez<\/p><\/div>\n<p class=\"Texto\"><span style=\"font-size: 12pt\"><strong><span style=\"font-size: 10pt\">Veracruz-Boca del R\u00edo.-<\/span><\/strong><\/span><strong>\u00a0<\/strong>Omar Efr\u00e9n Gonz\u00e1lez S\u00e1nchez, alumno de la Facultad de Ciencias de la Comunicaci\u00f3n (<em>Facico<\/em>), obtuvo por segundo a\u00f1o consecutivo el primer lugar de la edici\u00f3n n\u00famero 12 del Concurso Nacional de Periodismo Universitario, en la categor\u00eda Video, evento organizado por el peri\u00f3dico <em>Entretodos<\/em>, universidades regionales y las presidencias municipales de Torre\u00f3n y G\u00f3mez Palacio, Durango.<\/p>\n<p class=\"Texto\">En entrevista, Omar Efr\u00e9n platic\u00f3 que la convocatoria consisti\u00f3 en la realizaci\u00f3n de un reportaje cient\u00edfico bajo los formatos de video, fotograf\u00eda, escrito o en radio. \u201cYo particip\u00e9 en la categor\u00eda Video con un proyecto que llam\u00e9 RAC, que es la reutilizaci\u00f3n de aguas climatizadas, es decir, el agua de los climas\u201d.<\/p>\n<p class=\"Texto\">Inform\u00f3 que en esta ocasi\u00f3n s\u00f3lo particip\u00f3 \u00e9l por el estado de Veracruz. \u201cA m\u00ed me gustan mucho este tipo de convocatorias, pues considero que no hay casi demanda en el periodismo cient\u00edfico y para m\u00ed signific\u00f3 un reto participar en ese rubro\u201d. Por ello contact\u00f3 a un profesor del Centro Tecnol\u00f3gico del Mar (<em>Cetmar<\/em>) Plantel 07, que tiene un proyecto consistente en la reutilizaci\u00f3n del agua que escurre de lo aires acondicionados de dicha escuela.<\/p>\n<p class=\"Texto\">Investig\u00f3 acerca de su uso y descubri\u00f3 que no es t\u00f3xica, por lo que decidi\u00f3 canalizarla por medio de tuber\u00edas de PVC a la zona de acuacultura del <em>Cetmar<\/em>, donde estudian a los peces. \u201cEn vez de usar agua potable utilizan la de los climas, entonces se ahorran agua potable\u201d, abund\u00f3 Omar.<\/p>\n<p class=\"Texto\">El proyecto de video RAC muestra toda la investigaci\u00f3n de manera visual, as\u00ed como sus resultados. La elaboraci\u00f3n incluy\u00f3 dos horas de entrevistas, tres de grabaci\u00f3n y varios d\u00edas en la edici\u00f3n.<\/p>\n<p class=\"Texto\">El reportaje ganador puede visualizarse en la direcci\u00f3n https:\/\/www.youtube.com\/watch?v=zQznNEPasMU El ganador por segunda ocasi\u00f3n aconsej\u00f3 a las generaciones venideras que \u201cparticipar en este tipo de convocatorias es una gran experiencia, hay mucha gente que tiene mucho potencial y talento, pero si no participa y se da a conocer, se queda ah\u00ed estancado\u201d.<\/p>\n<p class=\"Texto\">Por \u00faltimo, el alumno de la <em>Facico<\/em> inform\u00f3 que el premio fue un diploma y libros de la Universidad de Coahuila, entre otros, aunque sin duda lo mejor es el reconocimiento y la experiencia adquirida en este tipo de eventos.<\/p>\n","protected":false},"excerpt":{"rendered":"<p>Omar Efr\u00e9n Gonz\u00e1lez S\u00e1nchez, estudiante de la Facultad de Ciencias de la Comunicaci\u00f3n, obtuvo por segundo a\u00f1o consecutivo el primer lugar en el Concurso Nacional de Periodismo Universitario, en la categor\u00eda Video<\/p>\n\r\n<div class=\"seriesmeta\">Contenido 5 de 52 del n\u00famero <a href=\"https:\/\/www.uv.mx\/universo\/numero\/604\/\" class=\"series-347\" title=\"604\">604<\/a><\/div>","protected":false},"author":1668,"featured_media":7593,"comment_status":"closed","ping_status":"closed","sticky":false,"template":"","format":"standard","meta":[],"categories":[278,360],"tags":[348],"series":[347],"_links":{"self":[{"href":"https:\/\/www.uv.mx\/universo\/wp-json\/wp\/v2\/posts\/6908"}],"collection":[{"href":"https:\/\/www.uv.mx\/universo\/wp-json\/wp\/v2\/posts"}],"about":[{"href":"https:\/\/www.uv.mx\/universo\/wp-json\/wp\/v2\/types\/post"}],"author":[{"embeddable":true,"href":"https:\/\/www.uv.mx\/universo\/wp-json\/wp\/v2\/users\/1668"}],"replies":[{"embeddable":true,"href":"https:\/\/www.uv.mx\/universo\/wp-json\/wp\/v2\/comments?post=6908"}],"version-history":[{"count":0,"href":"https:\/\/www.uv.mx\/universo\/wp-json\/wp\/v2\/posts\/6908\/revisions"}],"wp:featuredmedia":[{"embeddable":true,"href":"https:\/\/www.uv.mx\/universo\/wp-json\/wp\/v2\/media\/7593"}],"wp:attachment":[{"href":"https:\/\/www.uv.mx\/universo\/wp-json\/wp\/v2\/media?parent=6908"}],"wp:term":[{"taxonomy":"category","embeddable":true,"href":"https:\/\/www.uv.mx\/universo\/wp-json\/wp\/v2\/categories?post=6908"},{"taxonomy":"post_tag","embeddable":true,"href":"https:\/\/www.uv.mx\/universo\/wp-json\/wp\/v2\/tags?post=6908"},{"taxonomy":"series","embeddable":true,"href":"https:\/\/www.uv.mx\/universo\/wp-json\/wp\/v2\/series?post=6908"}],"curies":[{"name":"wp","href":"https:\/\/api.w.org\/{rel}","templated":true}]}}