{"id":6940,"date":"2015-06-08T07:59:56","date_gmt":"2015-06-08T12:59:56","guid":{"rendered":"https:\/\/www.uv.mx\/universo\/?p=6940"},"modified":"2015-06-25T17:02:05","modified_gmt":"2015-06-25T22:02:05","slug":"estudiantes-triunfaron-en-concurso-nacional-de-mezclas-de-concreto","status":"publish","type":"post","link":"https:\/\/www.uv.mx\/universo\/destacadas\/estudiantes-triunfaron-en-concurso-nacional-de-mezclas-de-concreto\/","title":{"rendered":"Estudiantes triunfaron en Concurso Nacional de Mezclas de Concreto"},"content":{"rendered":"<div class=\"seriesmeta noshow\">Contenido 4 de 52 del n\u00famero <a href=\"https:\/\/www.uv.mx\/universo\/numero\/604\/\" class=\"series-347\" title=\"604\">604<\/a><\/div>\r\n<div id=\"attachment_6917\" style=\"width: 310px\" class=\"wp-caption alignright\"><a href=\"https:\/\/www.uv.mx\/universo\/files\/2015\/06\/604-campus-007.jpg\"><img aria-describedby=\"caption-attachment-6917\" decoding=\"async\" loading=\"lazy\" class=\"size-medium wp-image-6917\" src=\"https:\/\/www.uv.mx\/universo\/files\/2015\/06\/604-campus-007-300x225.jpg\" alt=\"Los universitarios con los acad\u00e9micos Antonio Molina y Jes\u00fas Santamar\u00eda\" width=\"300\" height=\"225\" \/><\/a><p id=\"caption-attachment-6917\" class=\"wp-caption-text\">Los universitarios con los acad\u00e9micos Antonio Molina y Jes\u00fas Santamar\u00eda<\/p><\/div>\n<p class=\"Autor\"><span style=\"font-size: 8pt\"><strong>Alma Mart\u00ednez y Shuguey Enr\u00edquez<\/strong><\/span><\/p>\n<p class=\"Texto\"><span style=\"font-size: 12pt\"><strong><span style=\"font-size: 10pt\">Veracruz-Boca del R\u00edo.-<\/span><\/strong><\/span><strong>\u00a0<\/strong>Estudiantes de la Facultad de Ingenier\u00eda obtuvieron el primer y tercer lugar del V Concurso Nacional de Dise\u00f1o de Mezclas de Concreto, organizado por el Instituto Mexicano del Cemento y del Concreto (IMCYC), la Asociaci\u00f3n Nacional de Facultades y Escuelas de Ingenier\u00eda, A.C. (ANFEI), y Concrete Show M\u00e9xico.<\/p>\n<p class=\"Texto\">Los estudiantes, pertenecientes al programa educativo de Ingenier\u00eda Civil, se organizaron en dos equipos asesorados y dirigidos por los acad\u00e9micos Antonio Molina Navarro y Jes\u00fas Mart\u00edn Santamar\u00eda L\u00f3pez. Molina Navarro explic\u00f3 que cumplieron con los requisitos de la convocatoria, logrando un resultado \u00f3ptimo en la fecha que les fue solicitada.<\/p>\n<p class=\"Texto\">Inform\u00f3 que es el cuarto a\u00f1o que la Universidad Veracruzana participa y coment\u00f3 que el equipo que gana es el que m\u00e1s se acerca a la marca que establece la convocatoria. \u201cLos muchachos tienen que elaborar una serie de ensayos para determinar el valor \u00f3ptimo que debe darle a la mezcla y llegar a los resultados deseados. La convocatoria sale aproximadamente tres meses antes del concurso\u201d.<\/p>\n<p class=\"Texto\">El alumno Jos\u00e9 Antonio Ruiz Cervantes manifest\u00f3: \u201cEs gratificante competir con una baraja de universidades de Hidalgo, de Guadalajara, de la UNAM, Aut\u00f3noma de Puebla, la Iberoamericana y una de Tijuana, el IPN, el ITESM\u201d.<\/p>\n<p class=\"Texto\">Indic\u00f3 que ambos equipos trabajaron de manera conjunta en el laboratorio de la Veracruzana. Rebeca Lagunes Torres comparti\u00f3: \u201cPara m\u00ed fue una experiencia muy grata participar en este concurso, ya que independientemente de obtener el primer y tercer lugar por encima de escuelas de muy alto prestigio, creo que lo m\u00e1s importante para nosotros fue habernos unido casi como una familia al estar participando en equipo\u201d.<\/p>\n<p class=\"Texto\">El\u00edas Arturo Ortiz Morales coincidi\u00f3 al declarar: \u201cFue una grata experiencia participar en un equipo muy unido, trabajamos de manera eficiente y obtuvimos un muy buen resultado, a pesar de las deficiencias que hay en el laboratorio\u201d.<\/p>\n<p class=\"Texto\">El acad\u00e9mico Santamar\u00eda L\u00f3pez exhort\u00f3 a los j\u00f3venes a continuar compitiendo porque su participaci\u00f3n les abre posibilidades y enriquecen su formaci\u00f3n personal y profesional. Al respecto, el estudiante \u00d3scar de Jes\u00fas \u00c1brego Salas dijo: \u201cEs una experiencia completamente distinta a la que puedes vivir en el aula, sin duda adquieres conocimientos, habilidades y la facilidad de interactuar con otras personas\u201d.<\/p>\n<p class=\"Texto\">Para Bernardo Cinta Lim\u00f3n, el principal trabajo fue el uso del m\u00e9todo cient\u00edfico, crear una hip\u00f3tesis, comprobarla y llegar a un resultado.<\/p>\n<p class=\"Texto\">\u201cEste m\u00e9todo se us\u00f3 constantemente para llegar a un resultado exitoso. El trabajo en equipo y la perseverancia rindieron frutos\u201d. Leslie Vanessa Uribe Chagal y Amanda Pelayo C\u00e1zares detallaron que invirtieron tres meses en el proyecto: \u201cEl esfuerzo, dedicaci\u00f3n y sacrificio vali\u00f3 la pena. Trabajar en equipo da buenos resultados\u201d.<\/p>\n","protected":false},"excerpt":{"rendered":"<p>La Facultad de Ingenier\u00eda obtuvo el primer y tercer lugar del V Concurso Nacional de Dise\u00f1o de Mezclas de Concreto, organizado por el Instituto Mexicano del Cemento y del Concreto, la Asociaci\u00f3n Nacional de Facultades y Escuelas de Ingenier\u00eda y Concrete Show M\u00e9xico<\/p>\n\r\n<div class=\"seriesmeta\">Contenido 4 de 52 del n\u00famero <a href=\"https:\/\/www.uv.mx\/universo\/numero\/604\/\" class=\"series-347\" title=\"604\">604<\/a><\/div>","protected":false},"author":1668,"featured_media":7590,"comment_status":"closed","ping_status":"closed","sticky":false,"template":"","format":"standard","meta":[],"categories":[278,360],"tags":[348],"series":[347],"_links":{"self":[{"href":"https:\/\/www.uv.mx\/universo\/wp-json\/wp\/v2\/posts\/6940"}],"collection":[{"href":"https:\/\/www.uv.mx\/universo\/wp-json\/wp\/v2\/posts"}],"about":[{"href":"https:\/\/www.uv.mx\/universo\/wp-json\/wp\/v2\/types\/post"}],"author":[{"embeddable":true,"href":"https:\/\/www.uv.mx\/universo\/wp-json\/wp\/v2\/users\/1668"}],"replies":[{"embeddable":true,"href":"https:\/\/www.uv.mx\/universo\/wp-json\/wp\/v2\/comments?post=6940"}],"version-history":[{"count":0,"href":"https:\/\/www.uv.mx\/universo\/wp-json\/wp\/v2\/posts\/6940\/revisions"}],"wp:featuredmedia":[{"embeddable":true,"href":"https:\/\/www.uv.mx\/universo\/wp-json\/wp\/v2\/media\/7590"}],"wp:attachment":[{"href":"https:\/\/www.uv.mx\/universo\/wp-json\/wp\/v2\/media?parent=6940"}],"wp:term":[{"taxonomy":"category","embeddable":true,"href":"https:\/\/www.uv.mx\/universo\/wp-json\/wp\/v2\/categories?post=6940"},{"taxonomy":"post_tag","embeddable":true,"href":"https:\/\/www.uv.mx\/universo\/wp-json\/wp\/v2\/tags?post=6940"},{"taxonomy":"series","embeddable":true,"href":"https:\/\/www.uv.mx\/universo\/wp-json\/wp\/v2\/series?post=6940"}],"curies":[{"name":"wp","href":"https:\/\/api.w.org\/{rel}","templated":true}]}}