{"id":6965,"date":"2015-06-08T07:59:30","date_gmt":"2015-06-08T12:59:30","guid":{"rendered":"https:\/\/www.uv.mx\/universo\/?p=6965"},"modified":"2015-06-25T16:54:46","modified_gmt":"2015-06-25T21:54:46","slug":"mercadologos-mostraron-oportunidades-de-negocios","status":"publish","type":"post","link":"https:\/\/www.uv.mx\/universo\/regiones\/mercadologos-mostraron-oportunidades-de-negocios\/","title":{"rendered":"Mercad\u00f3logos mostraron oportunidades de negocios"},"content":{"rendered":"<div class=\"seriesmeta noshow\">Contenido 30 de 52 del n\u00famero <a href=\"https:\/\/www.uv.mx\/universo\/numero\/604\/\" class=\"series-347\" title=\"604\">604<\/a><\/div>\r\n<div id=\"attachment_6912\" style=\"width: 310px\" class=\"wp-caption alignright\"><img aria-describedby=\"caption-attachment-6912\" decoding=\"async\" loading=\"lazy\" class=\"size-medium wp-image-6912\" src=\"https:\/\/www.uv.mx\/universo\/files\/2015\/06\/604-campus-002-300x205.jpg\" alt=\"El foro fue organizado por la Facultad de Administraci\u00f3n\" width=\"300\" height=\"205\" \/><p id=\"caption-attachment-6912\" class=\"wp-caption-text\">El foro fue organizado por la Facultad de Administraci\u00f3n<\/p><\/div>\n<p class=\"Autor\"><span style=\"font-size: 8pt\"><strong>Aracely Hern\u00e1ndez y Francisco Javier Cha\u00edn<\/strong><\/span><\/p>\n<p class=\"Texto\"><span style=\"font-size: 12pt\"><strong><span style=\"font-size: 10pt\">Veracruz-Boca del R\u00edo.-<\/span>\u00a0<\/strong>Jos\u00e9 Luis Rumbaut L\u00f3pez y Laura Margarita Santana Lauzurique, consultores y especialistas en mercadotecnia, impartieron la conferencia \u201cActualidad del mercado cubano, oportunidades para M\u00e9xico\u201d, como parte del Foro \u201cOportunidades de negocio para M\u00e9xico en el mercado cubano\u201d, organizado por la Facultad de Administraci\u00f3n, a trav\u00e9s de la Especializaci\u00f3n en Administraci\u00f3n del Comercio Exterior.<\/span><\/p>\n<p class=\"Texto\"><span style=\"font-size: 12pt\">El objetivo del evento fue dar a conocer las oportunidades que ofrece la apertura comercial de Cuba hacia el mundo. Rumbaut L\u00f3pez destac\u00f3 que hay un reajuste del modelo econ\u00f3mico cubano y se est\u00e1n desarrollando m\u00faltiples oportunidades.<\/span><\/p>\n<p class=\"Texto\"><span style=\"font-size: 12pt\">Asimismo sostuvo que \u201cel mercado mexicano tiene suficiente potencial tanto en variedad de producci\u00f3n y servicios, como calidad y precio\u201d. Resalt\u00f3 que para poder llevar estas empresas es necesario conocer el mercado cubano y sus particularidades, una de ellas es que Cuba es un pa\u00eds con dificultad para producir alimentos y M\u00e9xico es un gran productor de ellos.<\/span><\/p>\n<p class=\"Texto\"><span style=\"font-size: 12pt\">M\u00e9xico exporta a Cuba 450 millones de d\u00f3lares en productos y en los primeros cinco renglones no est\u00e1n los alimentos, \u201csin embargo sabemos que \u00e9stos se pierden, se dificulta much\u00edsimo la comercializaci\u00f3n interna en el pa\u00eds y la exportaci\u00f3n a otros pa\u00edses, aun as\u00ed \u00e9ste es uno de los ejemplos de lo que M\u00e9xico puede exportar a Cuba\u201d.<\/span><\/p>\n<p class=\"Texto\"><span style=\"font-size: 12pt\">El especialista en mercadotecnia mencion\u00f3 que actualmente hay 34 empresas mexicanas registradas en La Habana, \u201cson mucho menos que un tercio de las espa\u00f1olas y las italianas, que no tienen la cercan\u00eda ni la diversidad de productos y de calidad que hay en el estado de Veracruz o en M\u00e9xico en general\u201d.<\/span><\/p>\n<p class=\"Texto\"><span style=\"font-size: 12pt\">Dijo que esta apertura que est\u00e1 teniendo Cuba debe darnos la oportunidad de poder llevar nuestros productos all\u00e1. \u201cEs un mercado de 11 millones de habitantes que tiene un despunte muy grande en temas como el turismo, que demanda bienes, recursos, servicios; entonces es una gran oportunidad para los emprendedores y las empresas mexicanas\u201d.<\/span><\/p>\n<p class=\"Texto\"><span style=\"font-size: 12pt\">Por \u00faltimo, dijo que es importante apoyar el emprendimiento en los j\u00f3venes estudiantes porque M\u00e9xico es un pa\u00eds enorme y muy rico en productos. En la inauguraci\u00f3n del foro, Leydi Margarita L\u00f3pez Castro, directora de la Facultad, dio la bienvenida a estudiantes, empresarios y representantes de Cuba y manifest\u00f3 su inter\u00e9s por vincular a los estudiantes de los diferentes programas educativos con el sector comercial, industrial y de negocios.<\/span><\/p>\n<p class=\"Texto\"><span style=\"font-size: 12pt\">En el evento se mostr\u00f3 la apertura comercial que ha generado la reorganizaci\u00f3n cubana para poder hacer negocios con el mundo y \u201cesperemos que M\u00e9xico logre obtener esta vinculaci\u00f3n en los negocios y beneficiar a las empresas mexicanas y cubanas\u201d.<\/span><\/p>\n<p class=\"Texto\"><span style=\"font-size: 12pt\">Por su parte el vicerrector Alfonso P\u00e9rez Morales, a nombre de la rectora Sara Ladr\u00f3n de Guevara, dio un saludo a los asistentes y destac\u00f3: \u201cSiempre es grato participar en este tipo de eventos por dos aspectos importantes, uno de ellos es que estas actividades fortalecen la actividad acad\u00e9mica propia de nuestra Universidad, y dos, por la participaci\u00f3n de los alumnos presentes.<\/span><\/p>\n<p class=\"Texto\"><span style=\"font-size: 12pt\">En nuestra Universidad hay alumnos que realmente quieren estudiar y nuestro compromiso es darles una educaci\u00f3n de calidad\u201d. Agreg\u00f3 que \u201cvale la pena que los alumnos tomen en serio la generaci\u00f3n de negociaciones y planes de trabajo que en conjunto con nuestros distinguidos visitantes puedan gestar\u201d.<\/span><\/p>\n<p class=\"Texto\"><span style=\"font-size: 12pt\">Para concluir, exhort\u00f3 a los j\u00f3venes a aprovechar las oportunidades que ofrece la apertura comercial cada vez m\u00e1s intensa con Cuba en la que la relaci\u00f3n sea de ganar-ganar.<\/span><\/p>\n<p class=\"Texto\"><span style=\"font-size: 12pt\">A la inauguraci\u00f3n asistieron Carlos Lamothe Zavaleta, secretario Acad\u00e9mico regional; Rossy Lorena Laurencio Meza, coordinadora regional de Posgrado; Miguel Sosa Ruiz, coordinador de Posgrado en la Facultad de Administraci\u00f3n; Mar\u00eda Luisa Fern\u00e1ndez Eguilaz, c\u00f3nsul general de Cuba en Veracruz; Jos\u00e9 Luis Valencia Montano, presidente del Colegio de Profesionales en Negocios Internacionales y Comercio Exterior.<\/span><\/p>\n","protected":false},"excerpt":{"rendered":"<p>Jos\u00e9 Luis Rumbaut L\u00f3pez y Laura Margarita Santana Lauzurique, consultores y especialistas en mercadotecnia, impartieron la conferencia \u201cActualidad del mercado cubano, oportunidades para M\u00e9xico\u201d, como parte del Foro \u201cOportunidades de negocio para M\u00e9xico en el mercado cubano\u201d, organizado por la Facultad de Administraci\u00f3n, a trav\u00e9s de la Especializaci\u00f3n en Administraci\u00f3n del Comercio Exterior<\/p>\n\r\n<div class=\"seriesmeta\">Contenido 30 de 52 del n\u00famero <a href=\"https:\/\/www.uv.mx\/universo\/numero\/604\/\" class=\"series-347\" title=\"604\">604<\/a><\/div>","protected":false},"author":1668,"featured_media":0,"comment_status":"closed","ping_status":"closed","sticky":false,"template":"","format":"standard","meta":[],"categories":[360],"tags":[348],"series":[347],"_links":{"self":[{"href":"https:\/\/www.uv.mx\/universo\/wp-json\/wp\/v2\/posts\/6965"}],"collection":[{"href":"https:\/\/www.uv.mx\/universo\/wp-json\/wp\/v2\/posts"}],"about":[{"href":"https:\/\/www.uv.mx\/universo\/wp-json\/wp\/v2\/types\/post"}],"author":[{"embeddable":true,"href":"https:\/\/www.uv.mx\/universo\/wp-json\/wp\/v2\/users\/1668"}],"replies":[{"embeddable":true,"href":"https:\/\/www.uv.mx\/universo\/wp-json\/wp\/v2\/comments?post=6965"}],"version-history":[{"count":0,"href":"https:\/\/www.uv.mx\/universo\/wp-json\/wp\/v2\/posts\/6965\/revisions"}],"wp:attachment":[{"href":"https:\/\/www.uv.mx\/universo\/wp-json\/wp\/v2\/media?parent=6965"}],"wp:term":[{"taxonomy":"category","embeddable":true,"href":"https:\/\/www.uv.mx\/universo\/wp-json\/wp\/v2\/categories?post=6965"},{"taxonomy":"post_tag","embeddable":true,"href":"https:\/\/www.uv.mx\/universo\/wp-json\/wp\/v2\/tags?post=6965"},{"taxonomy":"series","embeddable":true,"href":"https:\/\/www.uv.mx\/universo\/wp-json\/wp\/v2\/series?post=6965"}],"curies":[{"name":"wp","href":"https:\/\/api.w.org\/{rel}","templated":true}]}}