{"id":6979,"date":"2015-06-08T07:59:32","date_gmt":"2015-06-08T12:59:32","guid":{"rendered":"https:\/\/www.uv.mx\/universo\/?p=6979"},"modified":"2015-06-25T15:06:50","modified_gmt":"2015-06-25T20:06:50","slug":"ninos-mostraron-su-capacidad-emprendedora","status":"publish","type":"post","link":"https:\/\/www.uv.mx\/universo\/general\/ninos-mostraron-su-capacidad-emprendedora\/","title":{"rendered":"Ni\u00f1os mostraron su capacidad emprendedora"},"content":{"rendered":"<div class=\"seriesmeta noshow\">Contenido 28 de 52 del n\u00famero <a href=\"https:\/\/www.uv.mx\/universo\/numero\/604\/\" class=\"series-347\" title=\"604\">604<\/a><\/div>\r\n<p class=\"Encabezado\">\n<div id=\"attachment_6977\" style=\"width: 310px\" class=\"wp-caption alignright\"><a href=\"https:\/\/www.uv.mx\/universo\/files\/2015\/06\/604-infgral-006-ninos.jpg\"><img aria-describedby=\"caption-attachment-6977\" decoding=\"async\" loading=\"lazy\" class=\"size-medium wp-image-6977\" src=\"https:\/\/www.uv.mx\/universo\/files\/2015\/06\/604-infgral-006-ninos-300x178.jpg\" alt=\"Hania Maldonado y sus compa\u00f1eros de la Escuela \u201cJaime Torres Bodet\u201d\" width=\"300\" height=\"178\" \/><\/a><p id=\"caption-attachment-6977\" class=\"wp-caption-text\">Hania Maldonado y sus compa\u00f1eros de la Escuela \u201cJaime Torres Bodet\u201d<\/p><\/div>\n<p class=\"Titulo\"><em>Se llev\u00f3 a cabo la V Feria de Ni\u00f1os Emprendedores 2015 \u201cSue\u00f1a, crea y aprende\u201d<\/em><\/p>\n<p class=\"Autor\"><span style=\"font-size: 8pt\"><strong>Claudia Peralta V\u00e1zquez<\/strong><\/span><\/p>\n<p class=\"Texto\">\u201cNos gusta ser emprendedores y vender nuestros productos\u201d, expres\u00f3 la ni\u00f1a Hania Maldonado S\u00e1nchez, alumna del quinto grado de la Escuela Primaria \u201cJaime Torres Bodet\u201d, al participar en la V Feria de Ni\u00f1os Emprendedores 2015 \u201cSue\u00f1a, crea y aprende\u201d, desarrollada por la Facultad de Contadur\u00eda y Administraci\u00f3n (FCyA) y la Fundaci\u00f3n Educaci\u00f3n Superior-Empresa (FESE).<\/p>\n<p class=\"Texto\">Hania y sus compa\u00f1eros de estudio expusieron los productos que elaboraron a lo largo de seis meses, cuando fueron invitados por la Universidad para participar en este evento. \u201cElaboramos alcanc\u00edas, brochetas, pantuflas, cajitas de regalo y bloc de notas.<\/p>\n<p class=\"Texto\">Yo soy administradora y mis compa\u00f1eros est\u00e1n al frente de las \u00e1reas de finanzas, mercadotecnia y producci\u00f3n. Nos gusta mucho ser emprendedores, porque trabajamos en equipo y nos llama la atenci\u00f3n\u201d, expres\u00f3 Hania. La directora de la FCyA, Patricia Arieta Melgarejo, destac\u00f3 que dichas actividades derivan de la convocatoria nacional hecha por la FESE, denominada \u201cMi Primera Empresa\u201d.<\/p>\n<p class=\"Texto\">En esta ocasi\u00f3n, el trabajo consisti\u00f3 en reunir a 110 estudiantes del quinto y sexto grado de primaria de las escuelas \u201cJaime Torres Bodet\u201d y \u201cNicol\u00e1s Bravo\u201d de la ciudad de Xalapa. Ellos presentaron 18 proyectos emprendedores. Sin embargo, a lo largo de cuatro a\u00f1os consecutivos se ha beneficiado a alrededor de 350 alumnos de diversos centros escolares.<\/p>\n<p class=\"Texto\">Detall\u00f3 que los participantes fueron asesorados por 16 estudiantes de la Licenciatura en Contadur\u00eda y Administraci\u00f3n, quienes a su vez trabajaron con dos tutores acad\u00e9micos de la carrera, a fin de generar ideas de negocios en los infantes.<\/p>\n<p class=\"Texto\">En el marco de esta actividad, efectuada en la explanada de la FCyA, Arieta Melgarejo reconoci\u00f3 el apoyo de los padres de familia, quienes han seguido y vivenciado junto con sus hijos este proceso de construcci\u00f3n de un sue\u00f1o que hoy se transforma en un logro.<\/p>\n<p class=\"Texto\">\u201cSe ha propiciado una visi\u00f3n de emprendimiento que forma un buen engranaje de voluntad, determinaci\u00f3n e ingenio, algo que hoy en d\u00eda se requiere ante la necesidad de crear unidades productivas que mejoren la calidad de vida\u201d, subray\u00f3. Durante el recorrido que las autoridades realizaron por los stands, la ni\u00f1a Itzel Dur\u00e1n Salas, alumna de sexto grado de la Escuela Primaria \u201cNicol\u00e1s Bravo\u201d, asegur\u00f3 haber aprendido mucho de esta experiencia: \u201cCreo que hemos sacado mucho provecho, hemos aprendido a hacer varias cosas y avanzado en conocimientos sobre administraci\u00f3n de empresas.<\/p>\n<p class=\"Texto\">\u201dNuestro proyecto consiste en hacer productos como bolsas, collares, pulseras y carteras a precios muy accesibles; en la elaboraci\u00f3n empleamos materiales con una gran variedad de colores y estilos\u201d, coment\u00f3. Johana Guadalupe G\u00f3mez L\u00f3pez, de la misma escuela, consider\u00f3 que esta labor les permiti\u00f3 desenvolverse y adquirir conocimientos acerca del trabajo de una empresa: \u201cLa actividad que hicimos est\u00e1 basada en la elaboraci\u00f3n de regalos para eventos especiales como Navidad y 14 de febrero. Elaboramos cojines de tela polar muy suave, a un precio accesible\u201d, explic\u00f3.<\/p>\n","protected":false},"excerpt":{"rendered":"<p>\u201cNos gusta ser emprendedores y vender nuestros productos\u201d, expres\u00f3 Hania Maldonado S\u00e1nchez, alumna de la Escuela Primaria \u201cJaime Torres Bodet\u201d, al participar en la V Feria de Ni\u00f1os Emprendedores 2015 \u201cSue\u00f1a, crea y aprende\u201d, desarrollada por la Facultad de Contadur\u00eda y Administraci\u00f3n <\/p>\n\r\n<div class=\"seriesmeta\">Contenido 28 de 52 del n\u00famero <a href=\"https:\/\/www.uv.mx\/universo\/numero\/604\/\" class=\"series-347\" title=\"604\">604<\/a><\/div>","protected":false},"author":1668,"featured_media":0,"comment_status":"closed","ping_status":"closed","sticky":false,"template":"","format":"standard","meta":[],"categories":[1],"tags":[348],"series":[347],"_links":{"self":[{"href":"https:\/\/www.uv.mx\/universo\/wp-json\/wp\/v2\/posts\/6979"}],"collection":[{"href":"https:\/\/www.uv.mx\/universo\/wp-json\/wp\/v2\/posts"}],"about":[{"href":"https:\/\/www.uv.mx\/universo\/wp-json\/wp\/v2\/types\/post"}],"author":[{"embeddable":true,"href":"https:\/\/www.uv.mx\/universo\/wp-json\/wp\/v2\/users\/1668"}],"replies":[{"embeddable":true,"href":"https:\/\/www.uv.mx\/universo\/wp-json\/wp\/v2\/comments?post=6979"}],"version-history":[{"count":0,"href":"https:\/\/www.uv.mx\/universo\/wp-json\/wp\/v2\/posts\/6979\/revisions"}],"wp:attachment":[{"href":"https:\/\/www.uv.mx\/universo\/wp-json\/wp\/v2\/media?parent=6979"}],"wp:term":[{"taxonomy":"category","embeddable":true,"href":"https:\/\/www.uv.mx\/universo\/wp-json\/wp\/v2\/categories?post=6979"},{"taxonomy":"post_tag","embeddable":true,"href":"https:\/\/www.uv.mx\/universo\/wp-json\/wp\/v2\/tags?post=6979"},{"taxonomy":"series","embeddable":true,"href":"https:\/\/www.uv.mx\/universo\/wp-json\/wp\/v2\/series?post=6979"}],"curies":[{"name":"wp","href":"https:\/\/api.w.org\/{rel}","templated":true}]}}