{"id":6983,"date":"2015-06-08T07:59:34","date_gmt":"2015-06-08T12:59:34","guid":{"rendered":"https:\/\/www.uv.mx\/universo\/?p=6983"},"modified":"2015-06-25T15:07:47","modified_gmt":"2015-06-25T20:07:47","slug":"universitarios-impartieron-curso-sobre-competencias-laborales","status":"publish","type":"post","link":"https:\/\/www.uv.mx\/universo\/general\/universitarios-impartieron-curso-sobre-competencias-laborales\/","title":{"rendered":"Universitarios impartieron curso sobre competencias laborales"},"content":{"rendered":"<div class=\"seriesmeta noshow\">Contenido 26 de 52 del n\u00famero <a href=\"https:\/\/www.uv.mx\/universo\/numero\/604\/\" class=\"series-347\" title=\"604\">604<\/a><\/div>\r\n<p class=\"Autor\"><span style=\"font-size: 8pt\"><strong>Adriana Vivanco<\/strong><\/span><\/p>\n<div id=\"attachment_6975\" style=\"width: 310px\" class=\"wp-caption alignright\"><a href=\"https:\/\/www.uv.mx\/universo\/files\/2015\/06\/604-infgral-004-Curso.jpg\"><img aria-describedby=\"caption-attachment-6975\" decoding=\"async\" loading=\"lazy\" class=\"size-medium wp-image-6975\" src=\"https:\/\/www.uv.mx\/universo\/files\/2015\/06\/604-infgral-004-Curso-300x189.jpg\" alt=\"Los facilitadores con el Director de Ingenier\u00eda Qu\u00edmica\" width=\"300\" height=\"189\" \/><\/a><p id=\"caption-attachment-6975\" class=\"wp-caption-text\">Los facilitadores con el Director de Ingenier\u00eda Qu\u00edmica<\/p><\/div>\n<p class=\"Texto\">Estudiantes de la Facultad de Ciencias Administrativas y Sociales (FCAS) impartieron el curso \u201cCompetencias laborales determinantes del desarrollo personal y equipos de trabajo\u201d a sus pares de las facultades de Ingenier\u00eda Qu\u00edmica, Ambiental, Alimentos, Mec\u00e1nica y El\u00e9ctrica, as\u00ed como de Administraci\u00f3n y de la Maestr\u00eda en Gesti\u00f3n de Calidad.<\/p>\n<p class=\"Texto\">Pedro Soto, Ana Karen D\u00edaz, Andrea Arcos e Iv\u00e1n Ortega impartieron el curso y abordaron cinco temas centrales: empleabilidad, curr\u00edculum vitae, selecci\u00f3n, entrevista y pruebas psicom\u00e9tricas.<\/p>\n<p class=\"Texto\">\u201cLos estudiantes identificaron sus competencias y conocieron t\u00e9cnicas \u00fatiles para ser agentes empleables y as\u00ed obtener una ventaja competitiva ante muchos profesionales\u201d, detall\u00f3 Soto, consejero alumno de la Licenciatura en Relaciones Industriales.<\/p>\n<p class=\"Texto\">\u201cEsta iniciativa surgi\u00f3 con la intenci\u00f3n de vincularnos a otras \u00e1reas de conocimiento y reforzar el hecho de que todos somos UV, por eso debemos apoyarnos unos a otros compartiendo lo que aprendemos en el aula\u201d, declar\u00f3 Ana Karen.<\/p>\n<p class=\"Texto\">Por su parte Andrea Arcos explic\u00f3: \u201cPlaticando con varios compa\u00f1eros nos dimos cuenta que en otras \u00e1reas ajenas a la nuestra los universitarios, a pesar de salir de la licenciatura muy bien preparados, no cuentan con las herramientas para hacerse empleables, lo cual es un \u00e1rea de oportunidad muy buena para establecer v\u00ednculos con compa\u00f1eros de otras \u00e1reas de la UV\u201d.<\/p>\n<p class=\"Texto\">Iv\u00e1n Ortega aclar\u00f3 que Daniel Soto Garc\u00eda, ex consejero alumno de la carrera de Relaciones Industriales, fue quien detect\u00f3 el \u00e1rea de oportunidad y estableci\u00f3 el v\u00ednculo entre las facultades: \u201cNosotros decidimos tomar la estafeta que dej\u00f3 y continuar con esta iniciativa para apoyar a nuestros pares a obtener estrategias, a fin de desarrollarse mejor en el \u00e1rea de recursos humanos que es necesaria en todas las carreras\u201d.<\/p>\n<p class=\"Texto\">Los cuatro estudiantes de la FCAS coincidieron en que la experiencia fue muy enriquecedora y buscar\u00e1n replicar el ejercicio en otras entidades acad\u00e9micas de la Universidad; hicieron hincapi\u00e9 en que esta iniciativa es un proyecto que surge de los estudiantes y es para los mismos.<\/p>\n<p class=\"Texto\">Tambi\u00e9n agradecieron a las autoridades universitarias que encabezan las facultades involucradas, ya que el curso no hubiera sido posible sin su apoyo log\u00edstico y material pues el taller fue gratuito y los materiales y el espacio fueron proporcionados por estas instancias universitarias.<\/p>\n<p class=\"Texto\">Para concluir el evento se cont\u00f3 con la participaci\u00f3n de los directores y jefes de carrera de las facultades involucradas, quienes colaboraron durante la entrega de reconocimientos a los participantes en el curso.<\/p>\n<p class=\"Texto\">En su oportunidad Rafael G\u00f3mez Rodr\u00edguez, director de la Facultad de Ingenier\u00eda Qu\u00edmica, opin\u00f3: \u201cPara nosotros fue muy interesante participar en esta iniciativa que tuvo muy buena respuesta de nuestro estudiantado, estoy seguro que quienes tomaron el curso salieron muy beneficiados pues como ingenieros reciben una formaci\u00f3n muy t\u00e9cnica pero muy poco se ven estos aspectos relacionados con la inserci\u00f3n laboral, que es una problem\u00e1tica que todos ellos tendr\u00e1n que enfrentar\u201d.<\/p>\n","protected":false},"excerpt":{"rendered":"<p>Estudiantes de la FCAS impartieron el curso \u201cCompetencias laborales determinantes del desarrollo personal y equipos de trabajo\u201d a sus pares de Ingenier\u00eda Qu\u00edmica, Ambiental, Alimentos, Mec\u00e1nica y El\u00e9ctrica, as\u00ed como de Administraci\u00f3n y de la Maestr\u00eda en Gesti\u00f3n de Calidad<\/p>\n\r\n<div class=\"seriesmeta\">Contenido 26 de 52 del n\u00famero <a href=\"https:\/\/www.uv.mx\/universo\/numero\/604\/\" class=\"series-347\" title=\"604\">604<\/a><\/div>","protected":false},"author":1668,"featured_media":0,"comment_status":"closed","ping_status":"closed","sticky":false,"template":"","format":"standard","meta":[],"categories":[1],"tags":[348],"series":[347],"_links":{"self":[{"href":"https:\/\/www.uv.mx\/universo\/wp-json\/wp\/v2\/posts\/6983"}],"collection":[{"href":"https:\/\/www.uv.mx\/universo\/wp-json\/wp\/v2\/posts"}],"about":[{"href":"https:\/\/www.uv.mx\/universo\/wp-json\/wp\/v2\/types\/post"}],"author":[{"embeddable":true,"href":"https:\/\/www.uv.mx\/universo\/wp-json\/wp\/v2\/users\/1668"}],"replies":[{"embeddable":true,"href":"https:\/\/www.uv.mx\/universo\/wp-json\/wp\/v2\/comments?post=6983"}],"version-history":[{"count":0,"href":"https:\/\/www.uv.mx\/universo\/wp-json\/wp\/v2\/posts\/6983\/revisions"}],"wp:attachment":[{"href":"https:\/\/www.uv.mx\/universo\/wp-json\/wp\/v2\/media?parent=6983"}],"wp:term":[{"taxonomy":"category","embeddable":true,"href":"https:\/\/www.uv.mx\/universo\/wp-json\/wp\/v2\/categories?post=6983"},{"taxonomy":"post_tag","embeddable":true,"href":"https:\/\/www.uv.mx\/universo\/wp-json\/wp\/v2\/tags?post=6983"},{"taxonomy":"series","embeddable":true,"href":"https:\/\/www.uv.mx\/universo\/wp-json\/wp\/v2\/series?post=6983"}],"curies":[{"name":"wp","href":"https:\/\/api.w.org\/{rel}","templated":true}]}}