{"id":7280,"date":"2015-01-26T07:59:31","date_gmt":"2015-01-26T13:59:31","guid":{"rendered":"https:\/\/www.uv.mx\/universo\/?p=7280"},"modified":"2015-12-14T19:42:17","modified_gmt":"2015-12-15T01:42:17","slug":"un-dia-de-campana","status":"publish","type":"post","link":"https:\/\/www.uv.mx\/universo\/regiones\/un-dia-de-campana\/","title":{"rendered":"Un d\u00eda de campa\u00f1a"},"content":{"rendered":"<div class=\"seriesmeta noshow\">Contenido 29 de 41 del n\u00famero <a href=\"https:\/\/www.uv.mx\/universo\/numero\/588\/\" class=\"series-350\" title=\"588\">588<\/a><\/div>\r\n<p class=\"Texto\">En octubre de 2014 el Centro de Salud pidi\u00f3 apoyo a la Brigada Universitaria en Servicio Social (BUSS) para la Segunda Campa\u00f1a Nacional de Salud.<\/p>\n<div id=\"attachment_7297\" style=\"width: 310px\" class=\"wp-caption alignright\"><a href=\"https:\/\/www.uv.mx\/universo\/files\/2015\/06\/588-campus-012.jpg\"><img aria-describedby=\"caption-attachment-7297\" decoding=\"async\" loading=\"lazy\" class=\"size-medium wp-image-7297\" src=\"https:\/\/www.uv.mx\/universo\/files\/2015\/06\/588-campus-012-300x225.jpg\" alt=\"La universitaria apoy\u00f3 al Centro de Salud de Tlaltetela\" width=\"300\" height=\"225\" srcset=\"https:\/\/www.uv.mx\/universo\/files\/2015\/06\/588-campus-012-300x225.jpg 300w, https:\/\/www.uv.mx\/universo\/files\/2015\/06\/588-campus-012.jpg 700w\" sizes=\"(max-width: 300px) 100vw, 300px\" \/><\/a><p id=\"caption-attachment-7297\" class=\"wp-caption-text\">La universitaria apoy\u00f3 al Centro de Salud de Tlaltetela<\/p><\/div>\n<p class=\"Texto\">En esta ocasi\u00f3n apoy\u00e9 al Centro de Salud de Tlaltetela en la aplicaci\u00f3n de vacunas, para ello asistimos a diferentes comunidades que pertenecen a dicho municipio. Todo empez\u00f3 una ma\u00f1ana que nos toc\u00f3 ir a la comunidad Buena Vista, llegamos al Centro de Salud a las ocho de la ma\u00f1ana para partir, ya que est\u00e1 un poco retirada y ten\u00edamos que pasar a dos comunidades m\u00e1s.<\/p>\n<p class=\"Texto\">En la primera comunidad hicimos una parada para aplicar vacunas a los ni\u00f1os, completamos esquemas de vacunaci\u00f3n y dimos desparasitantes.<\/p>\n<p class=\"Texto\">Lo mejor de todo fue que en agradecimiento nos dieron un elote hervido, pues era temporada. Pasamos a la siguiente comunidad llamada La Represa, en donde se aplicaron gotas de vitaminas, vacunas y desparasitantes; ah\u00ed nos esperaron con comida y tortillas hechas a mano, que degustamos despu\u00e9s de terminar nuestro trabajo.<\/p>\n<p class=\"Texto\">Al finalizar la breve estancia nos regalaron elotes asados y ni como decir que no, ya que la gente de las comunidades se ofende si alguien no acepta lo que ellos dan.<\/p>\n<p class=\"Texto\">Ten\u00edamos mucha hambre y quedamos muy llenos con la comida y con el segundo elote que nos comimos. Llegamos a la comunidad de Buena Vista como al medio d\u00eda, ah\u00ed hay muchos ni\u00f1os, por lo cual acudimos a las escuelas; est\u00e1bamos pasando a los salones cuando un ni\u00f1o al vernos llegar todos de blanco y con termos corri\u00f3 al monte para no ser vacunado, corri\u00f3 tan r\u00e1pido que por m\u00e1s que lo buscaron sus compa\u00f1eros no lo encontraron, lo m\u00e1s chistoso es que el ni\u00f1o era de 4\u00ba grado y ni siquiera le tocaba la vacuna, ya que s\u00f3lo era para infantes de seis y 12 a\u00f1os, y para las ni\u00f1as de quinto grado.<\/p>\n<div id=\"attachment_7296\" style=\"width: 310px\" class=\"wp-caption alignright\"><a href=\"https:\/\/www.uv.mx\/universo\/files\/2015\/06\/588-campus-011.jpg\"><img aria-describedby=\"caption-attachment-7296\" decoding=\"async\" loading=\"lazy\" class=\"size-medium wp-image-7296\" src=\"https:\/\/www.uv.mx\/universo\/files\/2015\/06\/588-campus-011-300x224.jpg\" alt=\"J\u00e9ssica aplic\u00f3 vacunas a ni\u00f1os de Buena Vista\" width=\"300\" height=\"224\" srcset=\"https:\/\/www.uv.mx\/universo\/files\/2015\/06\/588-campus-011-300x224.jpg 300w, https:\/\/www.uv.mx\/universo\/files\/2015\/06\/588-campus-011.jpg 700w\" sizes=\"(max-width: 300px) 100vw, 300px\" \/><\/a><p id=\"caption-attachment-7296\" class=\"wp-caption-text\">J\u00e9ssica aplic\u00f3 vacunas a ni\u00f1os de Buena Vista<\/p><\/div>\n<p class=\"Texto\">Despu\u00e9s de todo este rato de tratar de encontrar al ni\u00f1o, nos invitaron a comer, ya que en cada comunidad se organizan para atendernos despu\u00e9s de haber realizado nuestro trabajo.<\/p>\n<p class=\"Texto\">Comimos gorditas con salsa, frijoles, queso, agua de lim\u00f3n, elotes y para finalizar un tamal de elote. Acabamos tan llenos que cre\u00edmos que no comer\u00edamos en dos d\u00edas.<\/p>\n<p class=\"Texto\">En las tres ocasiones que particip\u00e9 apoyando al Centro de Salud me he dado cuenta que para salir a comunidad uno debe tener buen est\u00f3mago para comer lo que la gente nos ofrece.<\/p>\n<p class=\"Texto\">Pero lo m\u00e1s chistoso es que jam\u00e1s me hab\u00eda tocado ver que un ni\u00f1o corriera y se escondiera en el monte al vernos llegar.<\/p>\n<p class=\"Texto\"><span style=\"font-size: 10pt\"><strong><span class=\"Autor\">J\u00e9ssica Cruz Hern\u00e1ndez\u00a0<\/span><\/strong><\/span><br \/>\n<span style=\"font-size: 8pt\"><strong><span class=\"DescImagen\">Facultad de Enfermer\u00eda<br \/>\nRegi\u00f3n Orizaba-C\u00f3rdoba<\/span><\/strong><\/span><\/p>\n","protected":false},"excerpt":{"rendered":"<p>En octubre de 2014 el Centro de Salud pidi\u00f3 apoyo a la Brigada Universitaria en Servicio Social (BUSS) para la Segunda Campa\u00f1a Nacional de Salud. En esta ocasi\u00f3n apoy\u00e9 al Centro de Salud de Tlaltetela en la aplicaci\u00f3n de vacunas, para ello asistimos a diferentes comunidades que pertenecen a dicho municipio. Todo empez\u00f3 una ma\u00f1ana [&hellip;]<\/p>\n\r\n<div class=\"seriesmeta\">Contenido 29 de 41 del n\u00famero <a href=\"https:\/\/www.uv.mx\/universo\/numero\/588\/\" class=\"series-350\" title=\"588\">588<\/a><\/div>","protected":false},"author":1668,"featured_media":7296,"comment_status":"closed","ping_status":"closed","sticky":false,"template":"","format":"standard","meta":[],"categories":[360],"tags":[],"series":[350],"_links":{"self":[{"href":"https:\/\/www.uv.mx\/universo\/wp-json\/wp\/v2\/posts\/7280"}],"collection":[{"href":"https:\/\/www.uv.mx\/universo\/wp-json\/wp\/v2\/posts"}],"about":[{"href":"https:\/\/www.uv.mx\/universo\/wp-json\/wp\/v2\/types\/post"}],"author":[{"embeddable":true,"href":"https:\/\/www.uv.mx\/universo\/wp-json\/wp\/v2\/users\/1668"}],"replies":[{"embeddable":true,"href":"https:\/\/www.uv.mx\/universo\/wp-json\/wp\/v2\/comments?post=7280"}],"version-history":[{"count":0,"href":"https:\/\/www.uv.mx\/universo\/wp-json\/wp\/v2\/posts\/7280\/revisions"}],"wp:featuredmedia":[{"embeddable":true,"href":"https:\/\/www.uv.mx\/universo\/wp-json\/wp\/v2\/media\/7296"}],"wp:attachment":[{"href":"https:\/\/www.uv.mx\/universo\/wp-json\/wp\/v2\/media?parent=7280"}],"wp:term":[{"taxonomy":"category","embeddable":true,"href":"https:\/\/www.uv.mx\/universo\/wp-json\/wp\/v2\/categories?post=7280"},{"taxonomy":"post_tag","embeddable":true,"href":"https:\/\/www.uv.mx\/universo\/wp-json\/wp\/v2\/tags?post=7280"},{"taxonomy":"series","embeddable":true,"href":"https:\/\/www.uv.mx\/universo\/wp-json\/wp\/v2\/series?post=7280"}],"curies":[{"name":"wp","href":"https:\/\/api.w.org\/{rel}","templated":true}]}}