{"id":7401,"date":"2015-01-26T07:59:52","date_gmt":"2015-01-26T13:59:52","guid":{"rendered":"https:\/\/www.uv.mx\/universo\/?p=7401"},"modified":"2015-12-14T19:42:17","modified_gmt":"2015-12-15T01:42:17","slug":"idiomas-ofrece-ee-lengua-de-senas-mexicana","status":"publish","type":"post","link":"https:\/\/www.uv.mx\/universo\/general\/idiomas-ofrece-ee-lengua-de-senas-mexicana\/","title":{"rendered":"Idiomas ofrece EE Lengua de Se\u00f1as Mexicana"},"content":{"rendered":"<div class=\"seriesmeta noshow\">Contenido 8 de 41 del n\u00famero <a href=\"https:\/\/www.uv.mx\/universo\/numero\/588\/\" class=\"series-350\" title=\"588\">588<\/a><\/div>\r\n<p class=\"Encabezado\"><strong>A partir del 9 de febrero<\/strong><\/p>\n<div id=\"attachment_7363\" style=\"width: 310px\" class=\"wp-caption alignright\"><a href=\"https:\/\/www.uv.mx\/universo\/files\/2015\/06\/588-infgral-012.jpg\"><img aria-describedby=\"caption-attachment-7363\" decoding=\"async\" loading=\"lazy\" class=\"size-medium wp-image-7363\" src=\"https:\/\/www.uv.mx\/universo\/files\/2015\/06\/588-infgral-012-300x200.jpg\" alt=\"Alma de los \u00c1ngeles Cruz y Celia Cristina Contreras\" width=\"300\" height=\"200\" \/><\/a><p id=\"caption-attachment-7363\" class=\"wp-caption-text\">Alma de los \u00c1ngeles Cruz y Celia Cristina Contreras<\/p><\/div>\n<p class=\"Autor\"><span style=\"font-size: 10pt\"><strong>Paola Cort\u00e9s P\u00e9rez<\/strong><\/span><\/p>\n<p>La Facultad de Idiomas y el Programa Universitario para la Inclusi\u00f3n e Integraci\u00f3n de Personas con Discapacidad (PIIP), adscrito a la Direcci\u00f3n General de Investigaciones impartir\u00e1n la experiencia educativa (EE) Lengua de Se\u00f1as Mexicana, nivel b\u00e1sico, a partir del 9 de febrero.<\/p>\n<p>Alma de los \u00c1ngeles Cruz Ju\u00e1rez, coordinadora del PIIP, indic\u00f3 que consideraron pertinente y necesario impulsar esta lengua en la Universidad, sobre todo porque en dos de los ejes principales del Programa de Trabajo Estrat\u00e9gico 2013-2017, \u201cResponsabilidad social e Innovaci\u00f3n acad\u00e9mica\u201d, establece que la educaci\u00f3n tiene que impartirse con calidad, con \u00e9tica y tener una funci\u00f3n social.<\/p>\n<p>Destac\u00f3 que a nivel nacional la Veracruzana es la primera instituci\u00f3n de educaci\u00f3n superior que ofrece una materia de lengua de se\u00f1as mexicana, por lo que \u201cser\u00eda pionera al incorporarla en su curr\u00edcula, adem\u00e1s de que se pone en concordancia absoluta con los lineamientos jur\u00eddicos a nivel internacional, nacional y estatal, como lo es la Convenci\u00f3n Internacional para los Derechos de las Personas con Discapacidad\u201d.<\/p>\n<p>En relaci\u00f3n con la EE, Celia Cristina Contreras Asturias, directora de la Facultad de Idiomas, detall\u00f3 que pertenece al \u00c1rea de Formaci\u00f3n de Elecci\u00f3n Libre (AFEL) y se realizar\u00e1 a trav\u00e9s del Departamento de Lenguas Extranjeras (Delex).<\/p>\n<p>Mencion\u00f3 que lo impartir\u00e1 Mateo Nicol\u00e1s Mendoza, especialista en atenci\u00f3n a la diversidad, en el cub\u00edculo estudiantil de la Facultad, del 9 de febrero al 25 de mayo del presente a\u00f1o, de lunes a viernes de 18:00 a 20:00 horas, con un total de 150 horas de formaci\u00f3n.<\/p>\n<p>\u201cAl tratarse de un curso piloto no tendr\u00e1 costo alguno para los estudiantes y para el personal de la UV y p\u00fablico en general tendr\u00e1 un costo de mil 510 pesos.\u201d<\/p>\n<p>Por ser una EE adscrita al AFEL los estudiantes obtendr\u00e1n cr\u00e9ditos, y para el personal de la Universidad y p\u00fablico en general tendr\u00e1 valor curricular.<\/p>\n<p>Contreras Asturias dijo que las inscripciones concluyen el 6 de febrero, y se puede hacer directamente en el Delex. El cupo est\u00e1 limitado a 25 personas.<\/p>\n<p>Para mayor informaci\u00f3n sobre inscripciones comunicarse al Delex al tel\u00e9fono (228) 8421700, extensi\u00f3n 15154, de 8:00 a 15:00 y de 16:00 a 20:00 horas.<\/p>\n<p>Quienes deseen conocer los contenidos del curso pueden llamar a las oficinas del PIIP, (228) 8434467, de 9:00 a 14:00 horas, o escribir al correo electr\u00f3nico incluyente0709@gmail.com<\/p>\n<p><strong>Antecedentes<\/strong><br \/>\nLa lengua de se\u00f1as mexicana es definida por la Ley General para la Inclusi\u00f3n de las Personas con Discapacidad, como una serie de signos gestuales artificiales con las manos, ue est\u00e1n acompa\u00f1ados de movimientos corporales.<\/p>\n<p>Alma de los \u00c1ngeles Cruz mencion\u00f3 que se tiene registrado que en el siglo XVI un grupo de franciscanos sordos que utilizaba la lengua de signos para ense\u00f1ar a leer y escribir migr\u00f3 a Am\u00e9rica, por lo que se piensa que fue as\u00ed como lleg\u00f3 la lengua a estas tierras.<\/p>\n<p>Durante la presidencia de Benito Ju\u00e1rez, en 1861, apunt\u00f3 que se cre\u00f3 por decreto nacional la Escuela para Sordomudos y la Escuela Normal para Sordomudos, y a partir de ah\u00ed la lengua de se\u00f1as se empez\u00f3 a diseminar.<\/p>\n<p>En 2003, se\u00f1al\u00f3, se declar\u00f3 como una lengua nacional a la par que las lenguas ind\u00edgenas y el espa\u00f1ol, esto significa que es reconocida.<\/p>\n","protected":false},"excerpt":{"rendered":"<p>A partir del 9 de febrero Paola Cort\u00e9s P\u00e9rez La Facultad de Idiomas y el Programa Universitario para la Inclusi\u00f3n e Integraci\u00f3n de Personas con Discapacidad (PIIP), adscrito a la Direcci\u00f3n General de Investigaciones impartir\u00e1n la experiencia educativa (EE) Lengua de Se\u00f1as Mexicana, nivel b\u00e1sico, a partir del 9 de febrero. Alma de los \u00c1ngeles [&hellip;]<\/p>\n\r\n<div class=\"seriesmeta\">Contenido 8 de 41 del n\u00famero <a href=\"https:\/\/www.uv.mx\/universo\/numero\/588\/\" class=\"series-350\" title=\"588\">588<\/a><\/div>","protected":false},"author":1668,"featured_media":0,"comment_status":"closed","ping_status":"closed","sticky":false,"template":"","format":"standard","meta":[],"categories":[1],"tags":[],"series":[350],"_links":{"self":[{"href":"https:\/\/www.uv.mx\/universo\/wp-json\/wp\/v2\/posts\/7401"}],"collection":[{"href":"https:\/\/www.uv.mx\/universo\/wp-json\/wp\/v2\/posts"}],"about":[{"href":"https:\/\/www.uv.mx\/universo\/wp-json\/wp\/v2\/types\/post"}],"author":[{"embeddable":true,"href":"https:\/\/www.uv.mx\/universo\/wp-json\/wp\/v2\/users\/1668"}],"replies":[{"embeddable":true,"href":"https:\/\/www.uv.mx\/universo\/wp-json\/wp\/v2\/comments?post=7401"}],"version-history":[{"count":0,"href":"https:\/\/www.uv.mx\/universo\/wp-json\/wp\/v2\/posts\/7401\/revisions"}],"wp:attachment":[{"href":"https:\/\/www.uv.mx\/universo\/wp-json\/wp\/v2\/media?parent=7401"}],"wp:term":[{"taxonomy":"category","embeddable":true,"href":"https:\/\/www.uv.mx\/universo\/wp-json\/wp\/v2\/categories?post=7401"},{"taxonomy":"post_tag","embeddable":true,"href":"https:\/\/www.uv.mx\/universo\/wp-json\/wp\/v2\/tags?post=7401"},{"taxonomy":"series","embeddable":true,"href":"https:\/\/www.uv.mx\/universo\/wp-json\/wp\/v2\/series?post=7401"}],"curies":[{"name":"wp","href":"https:\/\/api.w.org\/{rel}","templated":true}]}}