{"id":7409,"date":"2015-01-26T07:59:59","date_gmt":"2015-01-26T13:59:59","guid":{"rendered":"https:\/\/www.uv.mx\/universo\/?p=7409"},"modified":"2015-12-14T19:52:27","modified_gmt":"2015-12-15T01:52:27","slug":"melgarejo-vivanco-figura-del-politico-que-ya-no-existe","status":"publish","type":"post","link":"https:\/\/www.uv.mx\/universo\/general\/melgarejo-vivanco-figura-del-politico-que-ya-no-existe\/","title":{"rendered":"Melgarejo Vivanco, figura del pol\u00edtico que ya no existe"},"content":{"rendered":"<div class=\"seriesmeta noshow\">Contenido 1 de 41 del n\u00famero <a href=\"https:\/\/www.uv.mx\/universo\/numero\/588\/\" class=\"series-350\" title=\"588\">588<\/a><\/div>\r\n<p class=\"Titulo\"><em>Fue austero, republicano, discreto, sencillo y culto: Ragueb Cha\u00edn<\/em><\/p>\n<div id=\"attachment_7346\" style=\"width: 310px\" class=\"wp-caption alignright\"><a href=\"https:\/\/www.uv.mx\/universo\/files\/2015\/06\/588-infgral-002.jpg\"><img aria-describedby=\"caption-attachment-7346\" decoding=\"async\" loading=\"lazy\" class=\"size-medium wp-image-7346\" src=\"https:\/\/www.uv.mx\/universo\/files\/2015\/06\/588-infgral-002-300x190.jpg\" alt=\"Ricardo Corzo, Mireya Toto, Magno Garcimarrero y Ragueb Cha\u00edn\" width=\"300\" height=\"190\" \/><\/a><p id=\"caption-attachment-7346\" class=\"wp-caption-text\">Ricardo Corzo, Mireya Toto, Magno Garcimarrero y Ragueb Cha\u00edn<\/p><\/div>\n<p class=\"Resumen\"><em>Hombre del renacimiento, constructor de instituciones, un estadista: Mireya Toto<\/em><\/p>\n<p class=\"Autor\"><span style=\"font-size: 10pt\"><strong>Karina de la Paz Reyes y David Sandoval Rodr\u00edguez<\/strong><\/span><\/p>\n<p class=\"Autor\">Jos\u00e9 Luis Melgarejo Vivanco, adem\u00e1s de poeta, historiador, antrop\u00f3logo y maestro, fue pol\u00edtico, pero de los que ya no hay, coincidieron Ragueb Cha\u00edn Revuelta, Mireya Toto Guti\u00e9rrez y Alfredo Magno Garcimarrero Ochoa, quienes tambi\u00e9n lo describieron como un hombre del renacimiento, un creador de instituciones, un estadista. \u00c9l no se preocupaba por los votos, sino por el desarrollo de su amado Veracruz.<\/p>\n<p>Las disertaciones sobre el que fue uno de los integrantes de la Primera Junta de Gobierno de la Universidad Veracruzana, se dieron en el marco del homenaje \u201cHombre de arte, ciencia y luz. Centenario y aniversario luctuoso 1914-2014\u201d, que se desarroll\u00f3 los d\u00edas 22 y 23 de enero.<\/p>\n<p>La primera mesa redonda de este homenaje, organizado por la actual Junta de Gobierno, se realiz\u00f3 en el Auditorio de Radio Universidad y llev\u00f3 por t\u00edtulo \u201cJ. L. Melgarejo Vivanco, hombre de gobierno\u201d.<\/p>\n<p>El secretario de la Junta de Gobierno, Ricardo Corzo Ram\u00edrez, quien fungi\u00f3 como moderador, habl\u00f3 sobre una faceta particular del homenajeado: \u201cNo fue ajeno a asumir las responsabilidades que implican la administraci\u00f3n, el control, la direcci\u00f3n del poder\u201d.<\/p>\n<p>Lo insert\u00f3 entre los intelectuales que forjaron el M\u00e9xico del siglo XX, pues contribuy\u00f3 a crear m\u00faltiples instituciones y organismos del M\u00e9xico moderno.<\/p>\n<p>Corzo Ram\u00edrez precis\u00f3 que en 1947 Melgarejo Vivanco fue titular del Departamento de Antropolog\u00eda en Veracruz; entre 1953 y 1957, director general de Asuntos Ind\u00edgenas de la Rep\u00fablica, en el Gobierno del presidente Adolfo Ruiz Cortines; de 1957 a 1962 Subsecretario de Gobierno del Estado de Veracruz en el sexenio de Antonio M. Quirasco; y de 1973 a 1976, diputado Federal por el Distrito de Xalapa.<\/p>\n<p>En esa legislatura, fue compa\u00f1ero de tres futuros gobernadores de la entidad: Rafael Hern\u00e1ndez Ochoa (1974-1980); Patricio Chirinos (1992-1998) y de Fidel Herrera (2004-2010). \u201cCon los dos primeros colabor\u00f3 oficial y extraoficialmente en propuestas sobre todo en una de sus preocupaciones fundamentales: comunicar a los pueblos marginados, a los pueblos rurales, a los pueblos en s\u00ed, y en la mejora de la agricultura de las zonas semi\u00e1ridas de Veracruz. De ah\u00ed que hoy en d\u00eda tambi\u00e9n se le reivindique como uno de los pioneros en la defensa del medio ambiente y la ecolog\u00eda\u201d, precis\u00f3 el historiador.<\/p>\n<p class=\"Autor\">El antrop\u00f3logo fue director del Centro de Estudios Econ\u00f3micos, Pol\u00edticos y Sociales del Partido Revolucionario Institucional; coordinador de Zonas Ind\u00edgenas y Deprimidas en el gobierno de Rafael Hern\u00e1ndez Ochoa; director del Museo de Antropolog\u00eda en el gobierno de Fernando Guti\u00e9rrez Barrios (1988-1992) y diputado local plurinominal en el Gobierno de Patricio Chirinos (1992-1995).<\/p>\n<p>Ragueb Cha\u00edn Revuelta, quien tambi\u00e9n integr\u00f3 la Primera Junta de Gobierno, relat\u00f3 algunas an\u00e9cdotas compartidas con el homenajeado. \u201cAprend\u00ed mucho m\u00e1s de su discreci\u00f3n, sobriedad, cortes\u00eda, sencillez, disciplina y austeridad republicana, por lo cual, y junto con todo lo anterior, puedo asegurar que me ense\u00f1\u00f3 y aprend\u00ed que \u00e9stas son las prendas que mejor visten a las personas\u201d.<\/p>\n<p class=\"Autor\">Adem\u00e1s, destac\u00f3: \u201cDesde mi particular punto de vista, el maestro Melgarejo es lo que ya no hay, es decir, funcionarios austeros, republicanos, discretos, sencillos, caballeros. Mucho menos los hay cultos, que conocen las localidades y municipios de su estado, que cuando menos hayan le\u00eddo desde peque\u00f1os el Periquillo Sarniento (como aseguran algunos fue la primera lectura del maestro Melgarejo) o Las mil y una noches (que yo s\u00e9 de buena fuente fue su primera lectura)\u201d.<\/p>\n<div id=\"attachment_7348\" style=\"width: 310px\" class=\"wp-caption alignright\"><a href=\"https:\/\/www.uv.mx\/universo\/files\/2015\/06\/588-infgral-003.jpg\"><img aria-describedby=\"caption-attachment-7348\" decoding=\"async\" loading=\"lazy\" class=\"size-medium wp-image-7348\" src=\"https:\/\/www.uv.mx\/universo\/files\/2015\/06\/588-infgral-003-300x200.jpg\" alt=\"Acad\u00e9micos reconocieron sus aportes a la poes\u00eda y la m\u00fasica\" width=\"300\" height=\"200\" \/><\/a><p id=\"caption-attachment-7348\" class=\"wp-caption-text\">Acad\u00e9micos reconocieron sus aportes a la poes\u00eda y la m\u00fasica<\/p><\/div>\n<p>En la mesa tambi\u00e9n participaron Mireya Toto Guti\u00e9rrez y Alfredo Magno Garcimarrero, quienes coincidieron con el homenajeado en la legislatura local. El primero destac\u00f3 la sabidur\u00eda, las ideas de largo aliento y el amplio conocimiento geogr\u00e1fico y cultural de la entidad. Un ejemplo vigente, dijo, es el libro Breviario Municipal.<\/p>\n<p>\u201cEso que hoy un chamaco puede ver en un instrumento modern\u00edsimo (computadora), que es un breviario municipal, lo hizo Jos\u00e9 Luis Melgarejo Vivanco y otro grupo de personas. Hicieron en aquella \u00e9poca (1977-1978) tres mil ejemplares. A m\u00ed me toc\u00f3 el 930. Es un bello documento con una representaci\u00f3n antropol\u00f3gica\u201d.<\/p>\n<p>Mireya Toto Guti\u00e9rrez, integrante del Instituto de Investigaciones Jur\u00eddicas de la UV, remarc\u00f3 que Jos\u00e9 Luis Melgarejo Vivanco fue un hombre de arte, de ciencia, de luz, \u201cy la luz no s\u00f3lo la llev\u00f3 al \u00e1mbito de la cultura y la academia, sino de la pol\u00edtica\u201d.<\/p>\n<p>Para ella, \u201cla visi\u00f3n del maestro es la de un hombre del renacimiento, que ten\u00eda una formaci\u00f3n m\u00faltiple. Lo que \u00e9l llev\u00f3 a la funci\u00f3n p\u00fablica fue precisamente su formaci\u00f3n acad\u00e9mica, su vocaci\u00f3n a la ciencia y a la investigaci\u00f3n\u201d.<\/p>\n<p>Es m\u00e1s, lo puso como el ejemplo de hombre pol\u00edtico, pues fue un constructor de instituciones. \u201cYo no lo veo simplemente como un hombre de gobierno, sino un estadista, porque mir\u00f3 a largo plazo, al futuro\u201d.<\/p>\n<p>No era una persona ret\u00f3rica, sino conceptual, de ideas y el ejemplo m\u00e1s tangible de que se trat\u00f3 de un estadista, remarc\u00f3, es que su obra es vigente.<\/p>\n<p>Narr\u00f3 que en aquella legislatura local, diputados de todos los partidos pol\u00edticos se acercaban a dialogar y consultarle, \u00e9l \u201cera una personalidad ecum\u00e9nica\u201d.<\/p>\n<p>Cuando Melgarejo Vivanco tuvo la oportunidad de incidir en la creaci\u00f3n de instituciones fue que se logr\u00f3 el Museo de Antropolog\u00eda de Xalapa, el Instituto de Antropolog\u00eda y la Facultad de Antropolog\u00eda, tres entidades de la UV, remat\u00f3. Entre los presentes estuvo Luisa Melgarejo Cruz, hija del homenajeado, autoridades gubernamentales del \u00e1mbito educativo, acad\u00e9micos, estudiantes universitarios y amistades.<\/p>\n<p><strong>Aportes a la m\u00fasica y la poes\u00eda<\/strong><\/p>\n<div id=\"attachment_7350\" style=\"width: 211px\" class=\"wp-caption alignright\"><a href=\"https:\/\/www.uv.mx\/universo\/files\/2015\/06\/588-infgral-004.jpg\"><img aria-describedby=\"caption-attachment-7350\" decoding=\"async\" loading=\"lazy\" class=\"size-medium wp-image-7350\" src=\"https:\/\/www.uv.mx\/universo\/files\/2015\/06\/588-infgral-004-201x300.jpg\" alt=\"Luisa Melgarejo, hija del homenajeado\" width=\"201\" height=\"300\" \/><\/a><p id=\"caption-attachment-7350\" class=\"wp-caption-text\">Luisa Melgarejo, hija del homenajeado<\/p><\/div>\n<p>Melgarejo Vivanco fue un sabio que se manifest\u00f3 a trav\u00e9s de la humildad, coincidieron acad\u00e9micos al abordar la amplia y a veces desconocida vena po\u00e9tica y musical del homenajeado.<\/p>\n<p>En la mesa redonda \u201cAportes de Jos\u00e9 Luis Melgarejo Vivanco a la poes\u00eda y la m\u00fasica\u201d, celebrada el 23 de enero en la terraza del Museo de Antropolog\u00eda de Xalapa, Agust\u00edn del Moral, quien fungi\u00f3 como moderador, y los investigadores Ra\u00fal Hern\u00e1ndez Viveros, del Instituto de Antropolog\u00eda; Efr\u00e9n Ortiz Dom\u00ednguez, del Instituto de Investigaciones Ling\u00fc\u00edstico-Literarias; Guillermo Cuevas Mora y Enrique Salmer\u00f3n C\u00f3rdoba, de la Facultad de M\u00fasica, hicieron un recuento de esta faceta del profesor veracruzano.<\/p>\n<p>Los asistentes conocieron parte del legado art\u00edstico de Melgarejo Vivanco con la lectura de poemas como\u00a0<em>Lumumba<\/em>\u00a0y\u00a0<em>Normalista<\/em>\u00a0y la interpretaci\u00f3n de canciones como\u00a0<em>Yo te voy a robar<\/em>.<\/p>\n","protected":false},"excerpt":{"rendered":"<p>Fue austero, republicano, discreto, sencillo y culto: Ragueb Cha\u00edn Hombre del renacimiento, constructor de instituciones, un estadista: Mireya Toto Karina de la Paz Reyes y David Sandoval Rodr\u00edguez Jos\u00e9 Luis Melgarejo Vivanco, adem\u00e1s de poeta, historiador, antrop\u00f3logo y maestro, fue pol\u00edtico, pero de los que ya no hay, coincidieron Ragueb Cha\u00edn Revuelta, Mireya Toto Guti\u00e9rrez [&hellip;]<\/p>\n\r\n<div class=\"seriesmeta\">Contenido 1 de 41 del n\u00famero <a href=\"https:\/\/www.uv.mx\/universo\/numero\/588\/\" class=\"series-350\" title=\"588\">588<\/a><\/div>","protected":false},"author":1668,"featured_media":12189,"comment_status":"closed","ping_status":"closed","sticky":false,"template":"","format":"standard","meta":[],"categories":[278,1],"tags":[],"series":[350],"_links":{"self":[{"href":"https:\/\/www.uv.mx\/universo\/wp-json\/wp\/v2\/posts\/7409"}],"collection":[{"href":"https:\/\/www.uv.mx\/universo\/wp-json\/wp\/v2\/posts"}],"about":[{"href":"https:\/\/www.uv.mx\/universo\/wp-json\/wp\/v2\/types\/post"}],"author":[{"embeddable":true,"href":"https:\/\/www.uv.mx\/universo\/wp-json\/wp\/v2\/users\/1668"}],"replies":[{"embeddable":true,"href":"https:\/\/www.uv.mx\/universo\/wp-json\/wp\/v2\/comments?post=7409"}],"version-history":[{"count":0,"href":"https:\/\/www.uv.mx\/universo\/wp-json\/wp\/v2\/posts\/7409\/revisions"}],"wp:featuredmedia":[{"embeddable":true,"href":"https:\/\/www.uv.mx\/universo\/wp-json\/wp\/v2\/media\/12189"}],"wp:attachment":[{"href":"https:\/\/www.uv.mx\/universo\/wp-json\/wp\/v2\/media?parent=7409"}],"wp:term":[{"taxonomy":"category","embeddable":true,"href":"https:\/\/www.uv.mx\/universo\/wp-json\/wp\/v2\/categories?post=7409"},{"taxonomy":"post_tag","embeddable":true,"href":"https:\/\/www.uv.mx\/universo\/wp-json\/wp\/v2\/tags?post=7409"},{"taxonomy":"series","embeddable":true,"href":"https:\/\/www.uv.mx\/universo\/wp-json\/wp\/v2\/series?post=7409"}],"curies":[{"name":"wp","href":"https:\/\/api.w.org\/{rel}","templated":true}]}}