{"id":7489,"date":"2015-01-12T07:59:34","date_gmt":"2015-01-12T13:59:34","guid":{"rendered":"https:\/\/www.uv.mx\/universo\/?p=7489"},"modified":"2015-12-14T20:44:36","modified_gmt":"2015-12-15T02:44:36","slug":"letras-juridicas-cumplio-15-anos","status":"publish","type":"post","link":"https:\/\/www.uv.mx\/universo\/general\/letras-juridicas-cumplio-15-anos\/","title":{"rendered":"<em>Letras Jur\u00eddicas<\/em> cumpli\u00f3 15 a\u00f1os"},"content":{"rendered":"<div class=\"seriesmeta noshow\">Contenido 26 de 41 del n\u00famero <a href=\"https:\/\/www.uv.mx\/universo\/numero\/586\/\" class=\"series-351\" title=\"586\">586<\/a><\/div>\r\n<p class=\"Encabezado\"><a href=\"https:\/\/www.uv.mx\/universo\/files\/2015\/06\/586-infgral-006-letras-juridicas.jpg\"><img decoding=\"async\" loading=\"lazy\" class=\"alignright size-full wp-image-7499\" src=\"https:\/\/www.uv.mx\/universo\/files\/2015\/06\/586-infgral-006-letras-juridicas.jpg\" alt=\"586-infgral-006-letras-juridicas\" width=\"200\" height=\"252\" \/><\/a><\/p>\n<p class=\"Autor\"><span class=\"Resumen\">En el n\u00famero del aniversario escriben Jorge Witker, Arturo Alvarado,<br \/>\nMar\u00eda del Rosario Huerta Lara, Arnaldo Platas, entre otros<\/span><\/p>\n<p class=\"Autor\"><span style=\"font-size: 10pt\"><strong>Paola Cort\u00e9s P\u00e9rez<\/strong><\/span><\/p>\n<p class=\"Texto\">La revista Letras Jur\u00eddicas cumpli\u00f3 15 a\u00f1os de contribuir en la difusi\u00f3n de la ciencia y conocimiento jur\u00eddico generado en el Centro de Estudios sobre Derecho, Globalizaci\u00f3n y Seguridad (Cedegs) y el Instituto de Investigaciones Jur\u00eddicas (IIJ).<\/p>\n<p class=\"Texto\">\u201cNuestro compromiso seguir\u00e1 siendo consolidar a la revista como un referente obligado del desarrollo y generaci\u00f3n del conocimiento desde la universidad p\u00fablica en M\u00e9xico\u201d, enfatiz\u00f3 Rebeca Elizabeth Contreras L\u00f3pez, directora de la revista, en el apartado de la presentaci\u00f3n del n\u00famero 30 de la publicaci\u00f3n.<\/p>\n<p class=\"Texto\">Para festejar el 15 aniversario, se incluyeron art\u00edculos de investigadores que han colaborado en la consolidaci\u00f3n de esta publicaci\u00f3n, entre los que se cuentan Jorge Witker, quien comparte una reflexi\u00f3n acerca del inter\u00e9s nacional y el Tratado de Libre Comercio de Am\u00e9rica del Norte. Asimismo participa Arturo Alvarado Mendoza, acad\u00e9mico de El Colegio de M\u00e9xico, con el escrito sobre las reformas a las instituciones de justicia en M\u00e9xico; y un grupo de acad\u00e9micos de la Benem\u00e9rita Universidad Aut\u00f3noma de Puebla, que abordan el tema del amparo en materia de trabajo.<\/p>\n<p class=\"Texto\">El IIJ tiene presencia con el art\u00edculo de Mar\u00eda del Rosario Huerta Lara, en el cual aborda el tema del \u201cDebido proceso administrativo y garant\u00eda de derechos sociales\u201d; y el de Arnaldo Platas Mart\u00ednez, titulado \u201cAxel Honneth. Una aproximaci\u00f3n desde el Derecho\u201d.<\/p>\n<p class=\"Texto\">En tanto, del Cedegs participan Ana Gamboa, Jaqueline Jongitud Zamora, Josefa Montalvo y Rebeca Contreras, quienes desarrollan temas diversos: la criminolog\u00eda y la criminal\u00edstica, la prevenci\u00f3n del delito, la Ley de Educaci\u00f3n Superior, el desempleo y su seguro, y la prevenci\u00f3n de la violencia y el delito en M\u00e9xico.<\/p>\n<p class=\"Texto\">Adem\u00e1s, este n\u00famero presenta dos rese\u00f1as; tres comentarios relevantes sobre la legislaci\u00f3n en telecomunicaciones, un protocolo de actuaci\u00f3n para quienes imparten justicia en casos que involucren orientaci\u00f3n sexual o identidad de g\u00e9nero y un derecho de petici\u00f3n en lengua ind\u00edgena; y un nuevo apartado dedicado a las noticias relevantes surgidas en el periodo julio-diciembre de 2014.<\/p>\n<p class=\"Texto\">Contreras L\u00f3pez subray\u00f3: \u201cLa revista se ha fortalecido con la experiencia, constancia y colaboraciones de expertos locales, nacionales e internacionales, quienes adem\u00e1s de enviar sus colaboraciones act\u00faan como \u00e1rbitros de calidad en cada n\u00famero de la revista\u201d.<\/p>\n<p class=\"Texto\">En esta ocasi\u00f3n el editorial de Letras Jur\u00eddicas habla sobre el caso de los 43 estudiantes de la Escuela Normal Rural \u201cRa\u00fal Isidro Burgos\u201d de Ayotzinapa, Guerrero; as\u00ed como de la violencia, de la corrupci\u00f3n, de la impunidad, la deshumanizaci\u00f3n y de la omisi\u00f3n que impera en todo el pa\u00eds.<\/p>\n<p class=\"Texto\">\u201cEstamos hartos de la corrupci\u00f3n, estamos hartos de la incapacidad pol\u00edtica en todos los niveles, estamos hartos de la inacci\u00f3n de la justicia, estamos hartos de que la vida se nos escape, de que seamos v\u00edctimas o victimarios y ya no es posible mirar a otra parte, ya no es posible ignorar, porque a donde miremos hay miseria y dolor\u201d, sentencia el editorial.<\/p>\n","protected":false},"excerpt":{"rendered":"<p>En el n\u00famero del aniversario escriben Jorge Witker, Arturo Alvarado, Mar\u00eda del Rosario Huerta Lara, Arnaldo Platas, entre otros Paola Cort\u00e9s P\u00e9rez La revista Letras Jur\u00eddicas cumpli\u00f3 15 a\u00f1os de contribuir en la difusi\u00f3n de la ciencia y conocimiento jur\u00eddico generado en el Centro de Estudios sobre Derecho, Globalizaci\u00f3n y Seguridad (Cedegs) y el Instituto [&hellip;]<\/p>\n\r\n<div class=\"seriesmeta\">Contenido 26 de 41 del n\u00famero <a href=\"https:\/\/www.uv.mx\/universo\/numero\/586\/\" class=\"series-351\" title=\"586\">586<\/a><\/div>","protected":false},"author":1668,"featured_media":7499,"comment_status":"closed","ping_status":"closed","sticky":false,"template":"","format":"standard","meta":[],"categories":[1],"tags":[],"series":[351],"_links":{"self":[{"href":"https:\/\/www.uv.mx\/universo\/wp-json\/wp\/v2\/posts\/7489"}],"collection":[{"href":"https:\/\/www.uv.mx\/universo\/wp-json\/wp\/v2\/posts"}],"about":[{"href":"https:\/\/www.uv.mx\/universo\/wp-json\/wp\/v2\/types\/post"}],"author":[{"embeddable":true,"href":"https:\/\/www.uv.mx\/universo\/wp-json\/wp\/v2\/users\/1668"}],"replies":[{"embeddable":true,"href":"https:\/\/www.uv.mx\/universo\/wp-json\/wp\/v2\/comments?post=7489"}],"version-history":[{"count":0,"href":"https:\/\/www.uv.mx\/universo\/wp-json\/wp\/v2\/posts\/7489\/revisions"}],"wp:featuredmedia":[{"embeddable":true,"href":"https:\/\/www.uv.mx\/universo\/wp-json\/wp\/v2\/media\/7499"}],"wp:attachment":[{"href":"https:\/\/www.uv.mx\/universo\/wp-json\/wp\/v2\/media?parent=7489"}],"wp:term":[{"taxonomy":"category","embeddable":true,"href":"https:\/\/www.uv.mx\/universo\/wp-json\/wp\/v2\/categories?post=7489"},{"taxonomy":"post_tag","embeddable":true,"href":"https:\/\/www.uv.mx\/universo\/wp-json\/wp\/v2\/tags?post=7489"},{"taxonomy":"series","embeddable":true,"href":"https:\/\/www.uv.mx\/universo\/wp-json\/wp\/v2\/series?post=7489"}],"curies":[{"name":"wp","href":"https:\/\/api.w.org\/{rel}","templated":true}]}}