{"id":7573,"date":"2015-01-12T07:59:52","date_gmt":"2015-01-12T13:59:52","guid":{"rendered":"https:\/\/www.uv.mx\/universo\/?p=7573"},"modified":"2015-12-14T20:44:35","modified_gmt":"2015-12-15T02:44:35","slug":"crece-participacion-en-movilidad-estudiantil","status":"publish","type":"post","link":"https:\/\/www.uv.mx\/universo\/general\/crece-participacion-en-movilidad-estudiantil\/","title":{"rendered":"Crece participaci\u00f3n en movilidad estudiantil"},"content":{"rendered":"<div class=\"seriesmeta noshow\">Contenido 8 de 41 del n\u00famero <a href=\"https:\/\/www.uv.mx\/universo\/numero\/586\/\" class=\"series-351\" title=\"586\">586<\/a><\/div>\r\n<p class=\"Encabezado\"><strong>Tema crucial para las universidades de Iberoam\u00e9rica<\/strong><\/p>\n<div id=\"attachment_7494\" style=\"width: 310px\" class=\"wp-caption alignright\"><a href=\"https:\/\/www.uv.mx\/universo\/files\/2015\/06\/586-infgral-003.jpg\"><img aria-describedby=\"caption-attachment-7494\" decoding=\"async\" loading=\"lazy\" class=\"size-medium wp-image-7494\" src=\"https:\/\/www.uv.mx\/universo\/files\/2015\/06\/586-infgral-003-300x189.jpg\" alt=\"La ceremonia de despedida se efectu\u00f3 en la USBI\" width=\"300\" height=\"189\" \/><\/a><p id=\"caption-attachment-7494\" class=\"wp-caption-text\">La ceremonia de despedida se efectu\u00f3 en la USBI<\/p><\/div>\n<p class=\"Titulo\"><em>Un total de 144 estudiantes realizar\u00e1n estancias semestrales y cortas: 85 en instituciones nacionales y 59 en el extranjero<\/em><\/p>\n<p class=\"Autor\"><span style=\"font-size: 8pt\"><strong>David Sandoval Rodr\u00edguez<\/strong><\/span><\/p>\n<p class=\"Autor\">La movilidad estudiantil nunca ha sido tan importante como en la actualidad, destac\u00f3 la rectora Sara Ladr\u00f3n de Guevara en la ceremonia en la que se despidi\u00f3 a los alumnos que cursar\u00e1n una experiencia dentro del Programa de Movilidad Estudiantil, a nivel nacional e internacional, que coordina la Direcci\u00f3n General de Relaciones Internacionales (DGRI).<\/p>\n<p>En total, 144 estudiantes realizar\u00e1n una estancia, 85 en movilidad nacional y 59 en movilidad internacional, pertenecientes a todos los campus de la instituci\u00f3n: 70 de Xalapa, 31 de Veracruz-Boca del R\u00edo, 20 de Orizaba-C\u00f3rdoba, 10 de Poza Rica-Tuxpan y 13 de Coatzacoalcos-Minatitl\u00e1n.<\/p>\n<p>Como se manifest\u00f3 en la Cumbre de Rectores y en la Cumbre Iberoamericana, realizadas en septiembre y diciembre de 2014 en la entidad, el tema de la movilidad estudiantil es de gran importancia para las instituciones de educaci\u00f3n superior, expres\u00f3 la Rectora.<\/p>\n<p>\u201cLos programas educativos y las diferentes entidades de nuestra instituci\u00f3n se muestran cada vez m\u00e1s sensibles a la relevancia de establecer acciones de internacionalizaci\u00f3n. Sin duda alguna, todas estas acciones habr\u00e1n de redundar a corto, mediano y largo plazo en una mejor formaci\u00f3n de nuestros estudiantes y, de esa manera, en una mayor aportaci\u00f3n de la Veracruzana al desarrollo econ\u00f3mico y social de nuestro estado y del pa\u00eds\u201d, puntualiz\u00f3.<\/p>\n<p>Ladr\u00f3n de Guevara detall\u00f3: \u201cHoy despedimos a 144 alumnos de esta casa de estudios que realizar\u00e1n estancias semestrales y cortas a nivel nacional e internacional. Participan alumnos de las cinco regiones y de las seis \u00e1reas acad\u00e9micas. En 2014 este programa se increment\u00f3 de manera sustancial, en t\u00e9rminos generales cada semestre el n\u00famero de solicitudes aument\u00f3 por lo menos 20 por ciento. Este hecho se debe a la difusi\u00f3n y promoci\u00f3n que la DGRI, las direcciones de \u00e1rea, las vicerrector\u00edas, las coordinaciones regionales, las facultades y los programas educativos hacen en todas las regiones\u201d.<\/p>\n<p>\u00c1ngela Mar\u00eda Poblano Prieto, estudiante de Publicidad y Relaciones P\u00fablicas, habl\u00f3 de su experiencia en la Universidad Nacional Aut\u00f3noma de M\u00e9xico (UNAM): \u201cExpand\u00ed mis \u00e1reas de conocimiento. La Veracruzana es reconocida dentro de la UNAM y les gusta mucho la investigaci\u00f3n que los estudiantes llegan a hacer\u201d.<\/p>\n<p>Gracias a esta experiencia, dijo, \u201caprend\u00ed a vivir sola, a conocer amigos y recib\u00ed invitaciones para ir a Colombia, Chile, Espa\u00f1a, Australia; es muy bonito porque sal\u00ed de la burbuja en la que viv\u00eda en Xalapa\u201d.<\/p>\n<p>Christian Leonel Vidal Rodr\u00edguez, estudiante de Negocios Internacionales, coment\u00f3 acerca de su experiencia en la Universidad T\u00e9cnica Particular de Loja, Ecuador, y resalt\u00f3 la experiencia de vida que significa estudiar en otro pa\u00eds.<\/p>\n<p class=\"Autor\">Por su parte, Magdalena Hern\u00e1ndez Alarc\u00f3n, titular de la DGRI, detall\u00f3 algunos de los avances del programa durante 2014; se\u00f1al\u00f3 que durante tres semestres 536 universitarios han participado en el programa, 296 en movilidad nacional y 240 en movilidad internacional.<\/p>\n<p>\u201cA la fecha han participado alumnos de todas las \u00e1reas acad\u00e9micas y de manera creciente de todos los campus universitarios.\u201d<\/p>\n<p>Detall\u00f3 que se han recibido cuatro millones 403 mil 500 pesos por parte de la instituci\u00f3n para becas, que sumados a los m\u00faltiples apoyos obtenidos por la Coordinaci\u00f3n de Movilidad hacen un total de 12 millones 754 mil 15 pesos.<\/p>\n<p>En el evento, realizado en la Unidad de Servicios Bibliotecarios y de Informaci\u00f3n (USBI), se cont\u00f3 con la presencia de Leticia Rodr\u00edguez Audirac, secretaria acad\u00e9mica.<\/p>\n<p>Por videoconferencia estuvieron los vicerrectores Alfonso P\u00e9rez Morales, del campus Veracruz-Boca del R\u00edo; Jorge Alberto Andaverde Arredondo, de Coatzacoalcos-Minatitl\u00e1n; Aurora Galicia Badillo, secretaria acad\u00e9mica de Poza Rica-Tuxpan, y las coordinadoras de Movilidad regional, Teresa Romero y Claudia Mar\u00edn, al igual que los estudiantes de cada regi\u00f3n que participar\u00e1n en el programa.<\/p>\n","protected":false},"excerpt":{"rendered":"<p>La movilidad estudiantil nunca ha sido tan importante como en la actualidad, destac\u00f3 la rectora Sara Ladr\u00f3n de Guevara en la ceremonia en la que se despidi\u00f3 a los alumnos que cursar\u00e1n una experiencia dentro del Programa de Movilidad Estudiantil, a nivel nacional e internacional, que coordina la Direcci\u00f3n General de Relaciones Internacionales (DGRI).<\/p>\n\r\n<div class=\"seriesmeta\">Contenido 8 de 41 del n\u00famero <a href=\"https:\/\/www.uv.mx\/universo\/numero\/586\/\" class=\"series-351\" title=\"586\">586<\/a><\/div>","protected":false},"author":1668,"featured_media":0,"comment_status":"closed","ping_status":"closed","sticky":false,"template":"","format":"standard","meta":[],"categories":[1],"tags":[],"series":[351],"_links":{"self":[{"href":"https:\/\/www.uv.mx\/universo\/wp-json\/wp\/v2\/posts\/7573"}],"collection":[{"href":"https:\/\/www.uv.mx\/universo\/wp-json\/wp\/v2\/posts"}],"about":[{"href":"https:\/\/www.uv.mx\/universo\/wp-json\/wp\/v2\/types\/post"}],"author":[{"embeddable":true,"href":"https:\/\/www.uv.mx\/universo\/wp-json\/wp\/v2\/users\/1668"}],"replies":[{"embeddable":true,"href":"https:\/\/www.uv.mx\/universo\/wp-json\/wp\/v2\/comments?post=7573"}],"version-history":[{"count":0,"href":"https:\/\/www.uv.mx\/universo\/wp-json\/wp\/v2\/posts\/7573\/revisions"}],"wp:attachment":[{"href":"https:\/\/www.uv.mx\/universo\/wp-json\/wp\/v2\/media?parent=7573"}],"wp:term":[{"taxonomy":"category","embeddable":true,"href":"https:\/\/www.uv.mx\/universo\/wp-json\/wp\/v2\/categories?post=7573"},{"taxonomy":"post_tag","embeddable":true,"href":"https:\/\/www.uv.mx\/universo\/wp-json\/wp\/v2\/tags?post=7573"},{"taxonomy":"series","embeddable":true,"href":"https:\/\/www.uv.mx\/universo\/wp-json\/wp\/v2\/series?post=7573"}],"curies":[{"name":"wp","href":"https:\/\/api.w.org\/{rel}","templated":true}]}}