{"id":7692,"date":"2014-12-01T07:59:36","date_gmt":"2014-12-01T13:59:36","guid":{"rendered":"https:\/\/www.uv.mx\/universo\/?p=7692"},"modified":"2015-12-15T19:45:09","modified_gmt":"2015-12-16T01:45:09","slug":"estudiantes-de-arquitectura-instalaron-estructuras-flexibles","status":"publish","type":"post","link":"https:\/\/www.uv.mx\/universo\/regiones\/estudiantes-de-arquitectura-instalaron-estructuras-flexibles\/","title":{"rendered":"Estudiantes de Arquitectura instalaron estructuras flexibles"},"content":{"rendered":"<div class=\"seriesmeta noshow\">Contenido 24 de 43 del n\u00famero <a href=\"https:\/\/www.uv.mx\/universo\/numero\/584\/\" class=\"series-352\" title=\"584\">584<\/a><\/div>\r\n<p class=\"Autor\"><span style=\"font-size: 8pt\"><strong>Alma Celia San Mart\u00edn<\/strong><\/span><\/p>\n<div id=\"attachment_7674\" style=\"width: 310px\" class=\"wp-caption alignright\"><a href=\"https:\/\/www.uv.mx\/universo\/files\/2015\/06\/584-campus-006.jpg\"><img aria-describedby=\"caption-attachment-7674\" decoding=\"async\" loading=\"lazy\" class=\"size-medium wp-image-7674\" src=\"https:\/\/www.uv.mx\/universo\/files\/2015\/06\/584-campus-006-300x169.jpg\" alt=\"El objetivo fue cubrir un claro de 10 metros\" width=\"300\" height=\"169\" \/><\/a><p id=\"caption-attachment-7674\" class=\"wp-caption-text\">El objetivo fue cubrir un claro de 10 metros<\/p><\/div>\n<p class=\"Texto\"><strong>Poza Rica, Ver.-\u00a0<\/strong>Estudiantes de la Facultad de Arquitectura dise\u00f1aron, elaboraron e instalaron una velaria en esa entidad acad\u00e9mica, como parte de las actividades de la experiencia educativa (EE) Dise\u00f1o Arquitect\u00f3nico: Detalles.<\/p>\n<p class=\"Texto\">Al respecto, la estudiante Ana de los Santos Mel\u00e9ndez coment\u00f3 que la velaria fue creada con elementos flexibles, adem\u00e1s cuenta con puntos r\u00edgidos que soportan la tensi\u00f3n de la estructura.<\/p>\n<p class=\"Texto\">Es una superficie que soporta las cargas a trav\u00e9s del desarrollo de esfuerzos, tensi\u00f3n y fracci\u00f3n; las velarias con membranas textiles tienen dos curvaturas en direcciones opuestas, lo que da el dise\u00f1o y la forma de su estabilidad tridimensional, tambi\u00e9n llamada forma anticl\u00e1sica; matem\u00e1ticamente se le conoce como una paraboloide hiperboloide.<\/p>\n<p class=\"Texto\">Se compone de elementos flexibles: la membrana textil y los cables, que dan la rigidez al m\u00e1stil, y los anclajes que soportan la tensi\u00f3n; de esta manera se forma un sistema basado en la flexibilidad y la tensi\u00f3n.<\/p>\n<p class=\"Texto\">Agreg\u00f3 que las formas deben seguir el recorrido de las cargas y las uniones tienen que permitir giros y desplazamientos para aplicar y mantener el pretensado. Por su parte, Leopoldo P\u00e9rez Hern\u00e1ndez, quien junto con 26 estudiantes particip\u00f3 en el proyecto, dijo que el objetivo fue cubrir un claro de 10 metros, para ello realizaron el dise\u00f1o con base en una malla sombra con circulaciones met\u00e1licas y estructura.<\/p>\n<p class=\"Texto\">Otro de los participantes, Rogelio Eugenio Hern\u00e1ndez Mauricio, coment\u00f3 que construir la velaria les llev\u00f3 alrededor de un mes y medio; empezaron con la cimentaci\u00f3n y realizaron los dise\u00f1os con base en los tubos y las alturas.<\/p>\n<p class=\"Texto\">\u201cTuvimos que contemplar que una persona de m\u00e1s o menos dos metros de altura pudiera entrar libremente, hicimos el dise\u00f1o para que fuera funcional, realizamos los postes y las placas para que todo fuera articulado. Nos tom\u00f3 entre dos y tres horas realizar la colocaci\u00f3n. Instalar y transportar una cubierta as\u00ed es realmente muy f\u00e1cil; lo complicado fue el proceso de dise\u00f1o.\u201d<\/p>\n<p class=\"Texto\">Sobre la utilidad de este tipo de cubiertas, Jos\u00e9 Luis Cruz V\u00e1zquez coment\u00f3 que pueden emplearse en estacionamientos, playas e incluso en fachadas, ya que se pueden instalar r\u00e1pidamente y si ya no son necesarias se pueden desarmar por completo.<\/p>\n<p class=\"Texto\">De momento, precis\u00f3, la velaria se instal\u00f3 cerca de la cafeter\u00eda de la Facultad. Jos\u00e9 Hern\u00e1ndez Rica\u00f1o, quien tambi\u00e9n particip\u00f3, dijo que al hacer los recortes de tela se puede jugar con la forma que se observar\u00e1 en la estructura. Por \u00faltimo, coment\u00f3 que la finalidad del ejercicio fue conocer el proceso, la metodolog\u00eda, la planeaci\u00f3n y la ejecuci\u00f3n.<\/p>\n","protected":false},"excerpt":{"rendered":"<p>Estudiantes de la Facultad de Arquitectura dise\u00f1aron, elaboraron e instalaron una velaria en esa entidad acad\u00e9mica, como parte de las actividades de la experiencia educativa (EE) Dise\u00f1o Arquitect\u00f3nico: Detalles.<\/p>\n\r\n<div class=\"seriesmeta\">Contenido 24 de 43 del n\u00famero <a href=\"https:\/\/www.uv.mx\/universo\/numero\/584\/\" class=\"series-352\" title=\"584\">584<\/a><\/div>","protected":false},"author":1668,"featured_media":0,"comment_status":"closed","ping_status":"closed","sticky":false,"template":"","format":"standard","meta":[],"categories":[360],"tags":[],"series":[352],"_links":{"self":[{"href":"https:\/\/www.uv.mx\/universo\/wp-json\/wp\/v2\/posts\/7692"}],"collection":[{"href":"https:\/\/www.uv.mx\/universo\/wp-json\/wp\/v2\/posts"}],"about":[{"href":"https:\/\/www.uv.mx\/universo\/wp-json\/wp\/v2\/types\/post"}],"author":[{"embeddable":true,"href":"https:\/\/www.uv.mx\/universo\/wp-json\/wp\/v2\/users\/1668"}],"replies":[{"embeddable":true,"href":"https:\/\/www.uv.mx\/universo\/wp-json\/wp\/v2\/comments?post=7692"}],"version-history":[{"count":0,"href":"https:\/\/www.uv.mx\/universo\/wp-json\/wp\/v2\/posts\/7692\/revisions"}],"wp:attachment":[{"href":"https:\/\/www.uv.mx\/universo\/wp-json\/wp\/v2\/media?parent=7692"}],"wp:term":[{"taxonomy":"category","embeddable":true,"href":"https:\/\/www.uv.mx\/universo\/wp-json\/wp\/v2\/categories?post=7692"},{"taxonomy":"post_tag","embeddable":true,"href":"https:\/\/www.uv.mx\/universo\/wp-json\/wp\/v2\/tags?post=7692"},{"taxonomy":"series","embeddable":true,"href":"https:\/\/www.uv.mx\/universo\/wp-json\/wp\/v2\/series?post=7692"}],"curies":[{"name":"wp","href":"https:\/\/api.w.org\/{rel}","templated":true}]}}