{"id":7696,"date":"2014-12-01T07:59:38","date_gmt":"2014-12-01T13:59:38","guid":{"rendered":"https:\/\/www.uv.mx\/universo\/?p=7696"},"modified":"2015-12-15T19:45:09","modified_gmt":"2015-12-16T01:45:09","slug":"odontometria-contribuye-a-investigacion-forense","status":"publish","type":"post","link":"https:\/\/www.uv.mx\/universo\/regiones\/odontometria-contribuye-a-investigacion-forense\/","title":{"rendered":"Odontometr\u00eda contribuye a investigaci\u00f3n forense"},"content":{"rendered":"<div class=\"seriesmeta noshow\">Contenido 22 de 43 del n\u00famero <a href=\"https:\/\/www.uv.mx\/universo\/numero\/584\/\" class=\"series-352\" title=\"584\">584<\/a><\/div>\r\n<p><em>Egresado de la Maestr\u00eda en Medicina Forense present\u00f3 estudio innovador de la t\u00e9cnica odontom\u00e9trica de Carrea<\/em><\/p>\n<div id=\"attachment_7670\" style=\"width: 310px\" class=\"wp-caption alignright\"><a href=\"https:\/\/www.uv.mx\/universo\/files\/2015\/06\/584-campus-002.jpg\"><img aria-describedby=\"caption-attachment-7670\" decoding=\"async\" loading=\"lazy\" class=\"size-medium wp-image-7670\" src=\"https:\/\/www.uv.mx\/universo\/files\/2015\/06\/584-campus-002-300x225.jpg\" alt=\"Jaime Gonz\u00e1lez con Guadalupe Melo y Patricia Denis\" width=\"300\" height=\"225\" \/><\/a><p id=\"caption-attachment-7670\" class=\"wp-caption-text\">Jaime Gonz\u00e1lez con Guadalupe Melo y Patricia Denis<\/p><\/div>\n<p class=\"Autor\"><span style=\"font-size: 8pt\"><strong>Francisco Javier Cha\u00edn Revuelta<\/strong><\/span><\/p>\n<p class=\"Texto\"><strong>Veracruz, Ver.-<\/strong>\u00a0Jaime Gonz\u00e1lez G\u00f3mez, egresado de la Maestr\u00eda en Medicina Forense, present\u00f3 una tesis innovadora que rescata la t\u00e9cnica odontom\u00e9trica de Carrea aplicada a los cad\u00e1veres y que al ser utilizada puede determinar por v\u00eda dental la talla de las personas, as\u00ed como facilitar la identificaci\u00f3n de las mismas.<\/p>\n<p class=\"Texto\">\u201cEstudio compactivo entre la talla real de la poblaci\u00f3n mestiza mexicana y t\u00e9cnica odontom\u00e9trica de Carrea en cad\u00e1veres\u201d es la tesis que present\u00f3 Jaime Gonz\u00e1lez y que est\u00e1 basada en la t\u00e9cnica del odont\u00f3logo, ortodontista y perito forense argentino Juan Ubaldo Carrea y Zelaschi, quien estableci\u00f3 que habr\u00eda una relaci\u00f3n entre las medidas de ciertos dientes y la estatura del individuo, adem\u00e1s cre\u00f3 una f\u00f3rmula que tristemente est\u00e1 en desuso, pues casi no se difunde y por lo mismo no se aplica.<\/p>\n<p class=\"Texto\">La situaci\u00f3n es que a un Servicio M\u00e9dico Forense (Semefo) puede llegar una persona mutilada o \u00fanicamente la parte superior de un individuo que tenga sus dientes o que le falten huesos largos, con esos datos se puede determinar, por ejemplo, el sexo y su edad pero no la talla, sin embargo a veces esta \u00faltima puede ser la diferencia para orientar una investigaci\u00f3n.<\/p>\n<p class=\"Texto\">La f\u00f3rmula estad\u00edstica que Gonz\u00e1lez G\u00f3mez determin\u00f3 a partir de investigaciones pasadas, da luz a la medicina forense en cuanto a la identificaci\u00f3n de cad\u00e1veres y contribuye a los avances de las investigaciones periciales. Jaime cuenta con Licenciatura en Odontolog\u00eda y Maestr\u00eda en Medicina Forense.<\/p>\n<p class=\"Texto\">Cumpli\u00f3 una estancia de un a\u00f1o en la Direcci\u00f3n de Servicios Periciales de Xalapa; en enero realiz\u00f3 una estancia en el Semefo del Tribunal Superior de Justicia del Distrito Federal. Actualmente se desempe\u00f1a en la consulta privada y colabora en la cuesti\u00f3n forense en el Instituto de Medicina Forense (Inmefo) de la Universidad.<\/p>\n<p class=\"Texto\"><strong>T\u00e9cnica odontom\u00e9trica en cad\u00e1veres\u00a0<\/strong><br \/>\nAntes de inscribirse en la Maestr\u00eda en Medicina Forense, Jaime realiz\u00f3 una prueba piloto a trav\u00e9s de un muestreo cl\u00ednico en consultorio dental, comparando la estatura real de las personas con la estatura obtenida a trav\u00e9s de la medida de los dientes con la t\u00e9cnica de Carrea, observando la existencia de una correlaci\u00f3n.<\/p>\n<p class=\"Texto\">En los par\u00e1metros que utiliz\u00f3 para que la prueba fuera confiable y cient\u00edfica a nivel significativamente estad\u00edstico, necesit\u00f3, para obtener la talla, los tres dientes que se\u00f1ala el doctor Carrea o media mand\u00edbula (si se conserva) y adem\u00e1s contar con la talla real del cad\u00e1ver.<\/p>\n<p class=\"Texto\">Es decir, que el cad\u00e1ver no estuviera alterado o modificado en su talla ni en la medida de los tres dientes. El \u201cest\u00e1ndar de oro\u201d de su investigaci\u00f3n fue la talla del cad\u00e1ver, sin esa duda aplic\u00f3 la t\u00e9cnica odontom\u00e9trica de Carrea para obtener la talla por v\u00eda dental, compar\u00f3 e hizo el an\u00e1lisis.<\/p>\n","protected":false},"excerpt":{"rendered":"<p>Jaime Gonz\u00e1lez G\u00f3mez, egresado de la Maestr\u00eda en Medicina Forense, present\u00f3 una tesis innovadora que rescata la t\u00e9cnica odontom\u00e9trica de Carrea aplicada a los cad\u00e1veres y que al ser utilizada puede determinar por v\u00eda dental la talla de las personas, as\u00ed como facilitar la identificaci\u00f3n de las mismas.<\/p>\n\r\n<div class=\"seriesmeta\">Contenido 22 de 43 del n\u00famero <a href=\"https:\/\/www.uv.mx\/universo\/numero\/584\/\" class=\"series-352\" title=\"584\">584<\/a><\/div>","protected":false},"author":1668,"featured_media":0,"comment_status":"closed","ping_status":"closed","sticky":false,"template":"","format":"standard","meta":[],"categories":[360],"tags":[],"series":[352],"_links":{"self":[{"href":"https:\/\/www.uv.mx\/universo\/wp-json\/wp\/v2\/posts\/7696"}],"collection":[{"href":"https:\/\/www.uv.mx\/universo\/wp-json\/wp\/v2\/posts"}],"about":[{"href":"https:\/\/www.uv.mx\/universo\/wp-json\/wp\/v2\/types\/post"}],"author":[{"embeddable":true,"href":"https:\/\/www.uv.mx\/universo\/wp-json\/wp\/v2\/users\/1668"}],"replies":[{"embeddable":true,"href":"https:\/\/www.uv.mx\/universo\/wp-json\/wp\/v2\/comments?post=7696"}],"version-history":[{"count":0,"href":"https:\/\/www.uv.mx\/universo\/wp-json\/wp\/v2\/posts\/7696\/revisions"}],"wp:attachment":[{"href":"https:\/\/www.uv.mx\/universo\/wp-json\/wp\/v2\/media?parent=7696"}],"wp:term":[{"taxonomy":"category","embeddable":true,"href":"https:\/\/www.uv.mx\/universo\/wp-json\/wp\/v2\/categories?post=7696"},{"taxonomy":"post_tag","embeddable":true,"href":"https:\/\/www.uv.mx\/universo\/wp-json\/wp\/v2\/tags?post=7696"},{"taxonomy":"series","embeddable":true,"href":"https:\/\/www.uv.mx\/universo\/wp-json\/wp\/v2\/series?post=7696"}],"curies":[{"name":"wp","href":"https:\/\/api.w.org\/{rel}","templated":true}]}}