{"id":7773,"date":"2014-12-01T07:59:55","date_gmt":"2014-12-01T13:59:55","guid":{"rendered":"https:\/\/www.uv.mx\/universo\/?p=7773"},"modified":"2015-12-15T19:45:08","modified_gmt":"2015-12-16T01:45:08","slug":"uv-ya-tiene-capitulo-estudiantil-de-la-spie","status":"publish","type":"post","link":"https:\/\/www.uv.mx\/universo\/general\/uv-ya-tiene-capitulo-estudiantil-de-la-spie\/","title":{"rendered":"UV ya tiene Cap\u00edtulo Estudiantil de la SPIE"},"content":{"rendered":"<div class=\"seriesmeta noshow\">Contenido 5 de 43 del n\u00famero <a href=\"https:\/\/www.uv.mx\/universo\/numero\/584\/\" class=\"series-352\" title=\"584\">584<\/a><\/div>\r\n<p class=\"Encabezado\"><strong>Para realizar actividades de divulgaci\u00f3n cient\u00edfica<\/strong><\/p>\n<div id=\"attachment_7726\" style=\"width: 310px\" class=\"wp-caption alignright\"><a href=\"https:\/\/www.uv.mx\/universo\/files\/2015\/06\/584-infgral-009.jpg\"><img aria-describedby=\"caption-attachment-7726\" decoding=\"async\" loading=\"lazy\" class=\"size-medium wp-image-7726\" src=\"https:\/\/www.uv.mx\/universo\/files\/2015\/06\/584-infgral-009-300x200.jpg\" alt=\"Est\u00e1 conformado por estudiantes de la FFIA y la FIME\" width=\"300\" height=\"200\" \/><\/a><p id=\"caption-attachment-7726\" class=\"wp-caption-text\">Est\u00e1 conformado por estudiantes de la FFIA y la FIME<\/p><\/div>\n<p class=\"Titulo\"><em>Es una sociedad internacional para el intercambio y difusi\u00f3n de conocimientos en \u00f3ptica, fot\u00f3nica e ingenier\u00eda de la imagen<\/em><\/p>\n<p class=\"Autor\"><span style=\"font-size: 8pt\"><strong>Karina de la Paz Reyes<\/strong><\/span><\/p>\n<p class=\"Autor\">Estudiantes de las facultades de F\u00edsica e Inteligencia Artificial (FFIA) y de Ingenier\u00eda Mec\u00e1nica y El\u00e9ctrica (FIME), campus Xalapa, presentaron el Cap\u00edtulo Estudiantil de la Sociedad Internacional de la \u00d3ptica y la Fot\u00f3nica (SPIE, siglas en ingl\u00e9s de la International Society for Optics and Photonics) de esta casa de estudios. Adem\u00e1s convocaron a m\u00e1s estudiantes interesados en estos temas a incorporarse.<\/p>\n<p>La ceremonia de presentaci\u00f3n se desarroll\u00f3 el 14 de noviembre en el sal\u00f3n de usos m\u00faltiples de la FFIA. Ah\u00ed, los integrantes del comit\u00e9 explicaron que el Cap\u00edtulo Estudiantil (tambi\u00e9n llamado Student Chapter of SPIE-UV) es el n\u00famero 13 del pa\u00eds y el \u00fanico de la entidad.<\/p>\n<p>Jenny Emmanuelle Hern\u00e1ndez Zavala, profesora-investigadora de la FIME y estudiante del Doctorado en Ingenier\u00eda de la misma entidad acad\u00e9mica, en calidad de presidenta del cap\u00edtulo precis\u00f3 que la SPIE los acept\u00f3 oficialmente el 27 de octubre.<\/p>\n<p>\u201cEs una buena oportunidad de prepararse para lo que realmente es la vida profesional. Normalmente no hay oportunidades de \u00e9stas, nadie nos prepara para la vida real, vamos muy bien preparados en la parte te\u00f3rica, pero tenemos que ir m\u00e1s all\u00e1.\u201d<\/p>\n<p>El vicepresidente, Jes\u00fas G\u00f3mez Santana, estudiante de la FFIA, habl\u00f3 de los beneficios que permite ser parte del SPIE, como percibir becas y asistir a congresos internacionales.<\/p>\n<p>Gerardo Morales Navarrete, tesorero, mencion\u00f3 otros beneficios: tener acceso a la librer\u00eda y art\u00edculos digitales de la SPIE, cursos en l\u00ednea gratuitos o a bajo costo, suscripci\u00f3n a revistas de la sociedad, boletines, entre otros.<\/p>\n<p>A\u00f1adi\u00f3 que la SPIE otorga apoyo econ\u00f3mico para asistir a conferencias a otros pa\u00edses o para que cient\u00edficos especializados en \u00f3ptica, fot\u00f3nica e ingenier\u00eda de la imagen vengan a impartir una charla a la instituci\u00f3n.<\/p>\n<p>Morales Navarrete subray\u00f3 que si bien hay beneficios al tener membres\u00eda de la SPIE, son mayores<br \/>\nsi se es parte de un Student Chapter. Precisamente, a manera de darles la bienvenida a la asociaci\u00f3n, los universitarios recibieron un kit de \u00f3ptica.<\/p>\n<p>\u201cLos recursos salen de la misma organizaci\u00f3n y de lo que se conoce como la membres\u00eda\u201d, aclar\u00f3.<\/p>\n<p>Otra de las integrantes del Student Chapter of SPIE-UV es Cintia Roxana Miranda Mendoza de la FIME, en calidad de secretaria. Adem\u00e1s, determinaron los comit\u00e9s de Conferencias, Dise\u00f1o Experimental, Divulgaci\u00f3n y Vinculaci\u00f3n, los cuales tendr\u00e1n tareas espec\u00edficas a desarrollar.<\/p>\n<p>Por ejemplo, Marco Carrillo explic\u00f3 que en el caso del Comit\u00e9 de Conferencias, el prop\u00f3sito es nutrir la formaci\u00f3n acad\u00e9mica de los estudiantes, con \u00e9nfasis en luz, \u00f3ptica, fot\u00f3nica, entre otros temas. Para ello tienen planeado organizar visitas de conferencistas y desarrollar talleres colaborativos entre la propia comunidad estudiantil, por ejemplo para leer art\u00edculos cient\u00edficos en el idioma franco de la ciencia, el ingl\u00e9s.<\/p>\n<p>Aclararon que no porque se trate de una asociaci\u00f3n enfocada a la \u00f3ptica, su trabajo de divulgaci\u00f3n ser\u00e1 s\u00f3lo sobre esta \u00e1rea de la f\u00edsica, sino que abundar\u00e1n en otras disciplinas afines como la medicina y la biolog\u00eda.<\/p>\n<p>Adelantaron que 2015 es el A\u00f1o Internacional de la Luz y de las Tecnolog\u00edas Basadas en la Luz, para lo cual preparar\u00e1n una serie de actividades. Adem\u00e1s, a prop\u00f3sito del tema, la SPIE dar\u00e1 becas importantes.<\/p>\n<p>\u201cLo que la SPIE pretende con el A\u00f1o Internacional de la Luz es tratar de llegar a todos los rincones y explicar cu\u00e1l es la practicidad de la \u00f3ptica, y sobre todo llegar a la gente que no tiene un dominio de este tema. Est\u00e1 ofreciendo becas para llegar a esos sectores\u201d, remarc\u00f3 Jenny Emmanuelle.<\/p>\n<p>Los estudiantes reiteraron la invitaci\u00f3n a toda la comunidad estudiantil interesada en integrarse al Student Chapter of SPIE-UV.<\/p>\n<p>Profesores-investigadores como H\u00e9ctor Hugo Cerecedo N\u00fa\u00f1ez, del Laboratorio de \u00d3ptica Aplicada del Departamento de F\u00edsica de la FFIA, celebraron esta iniciativa de los estudiantes.<\/p>\n<p>\u201cLa importancia radica en compartir con la sociedad conceptos f\u00edsicos b\u00e1sicos que aparentemente son complicados de comprender, pero que son \u00fatiles para nuestra vida cotidiana.\u201d<\/p>\n","protected":false},"excerpt":{"rendered":"<p>Estudiantes de las facultades de F\u00edsica e Inteligencia Artificial (FFIA) y de Ingenier\u00eda Mec\u00e1nica y El\u00e9ctrica (FIME), campus Xalapa, presentaron el Cap\u00edtulo Estudiantil de la Sociedad Internacional de la \u00d3ptica y la Fot\u00f3nica (SPIE, siglas en ingl\u00e9s de la International Society for Optics and Photonics) de esta casa de estudios. Adem\u00e1s convocaron a m\u00e1s estudiantes interesados en estos temas a incorporarse.<\/p>\n\r\n<div class=\"seriesmeta\">Contenido 5 de 43 del n\u00famero <a href=\"https:\/\/www.uv.mx\/universo\/numero\/584\/\" class=\"series-352\" title=\"584\">584<\/a><\/div>","protected":false},"author":1668,"featured_media":0,"comment_status":"closed","ping_status":"closed","sticky":false,"template":"","format":"standard","meta":[],"categories":[1],"tags":[],"series":[352],"_links":{"self":[{"href":"https:\/\/www.uv.mx\/universo\/wp-json\/wp\/v2\/posts\/7773"}],"collection":[{"href":"https:\/\/www.uv.mx\/universo\/wp-json\/wp\/v2\/posts"}],"about":[{"href":"https:\/\/www.uv.mx\/universo\/wp-json\/wp\/v2\/types\/post"}],"author":[{"embeddable":true,"href":"https:\/\/www.uv.mx\/universo\/wp-json\/wp\/v2\/users\/1668"}],"replies":[{"embeddable":true,"href":"https:\/\/www.uv.mx\/universo\/wp-json\/wp\/v2\/comments?post=7773"}],"version-history":[{"count":0,"href":"https:\/\/www.uv.mx\/universo\/wp-json\/wp\/v2\/posts\/7773\/revisions"}],"wp:attachment":[{"href":"https:\/\/www.uv.mx\/universo\/wp-json\/wp\/v2\/media?parent=7773"}],"wp:term":[{"taxonomy":"category","embeddable":true,"href":"https:\/\/www.uv.mx\/universo\/wp-json\/wp\/v2\/categories?post=7773"},{"taxonomy":"post_tag","embeddable":true,"href":"https:\/\/www.uv.mx\/universo\/wp-json\/wp\/v2\/tags?post=7773"},{"taxonomy":"series","embeddable":true,"href":"https:\/\/www.uv.mx\/universo\/wp-json\/wp\/v2\/series?post=7773"}],"curies":[{"name":"wp","href":"https:\/\/api.w.org\/{rel}","templated":true}]}}