{"id":7965,"date":"2014-11-18T07:59:22","date_gmt":"2014-11-18T13:59:22","guid":{"rendered":"https:\/\/www.uv.mx\/universo\/?p=7965"},"modified":"2016-01-04T19:34:52","modified_gmt":"2016-01-05T01:34:52","slug":"pedagogia-festejo-el-dia-nacional-del-libro","status":"publish","type":"post","link":"https:\/\/www.uv.mx\/universo\/cultura\/pedagogia-festejo-el-dia-nacional-del-libro\/","title":{"rendered":"Pedagog\u00eda festej\u00f3 el D\u00eda Nacional del Libro"},"content":{"rendered":"<div class=\"seriesmeta noshow\">Contenido 38 de 43 del n\u00famero <a href=\"https:\/\/www.uv.mx\/universo\/numero\/582\/\" class=\"series-353\" title=\"582\">582<\/a><\/div>\r\n<p><em>Organiz\u00f3 foro abierto de lectura, taller de fomento a la lectura y Caf\u00e9 Mundial \u201cViolencia de g\u00e9nero\u201d<\/em><\/p>\n<p class=\"Autor\"><span style=\"font-size: 8pt\"><strong>Paola Cort\u00e9s P\u00e9rez<\/strong><\/span><\/p>\n<div id=\"attachment_12296\" style=\"width: 310px\" class=\"wp-caption alignright\"><a href=\"https:\/\/www.uv.mx\/universo\/files\/2016\/01\/582-p27-2.jpg\"><img aria-describedby=\"caption-attachment-12296\" decoding=\"async\" loading=\"lazy\" class=\"wp-image-12296 size-medium\" src=\"https:\/\/www.uv.mx\/universo\/files\/2016\/01\/582-p27-2-300x200.jpg\" alt=\"Los universitarios compartieron sus libros favoritos\" width=\"300\" height=\"200\" srcset=\"https:\/\/www.uv.mx\/universo\/files\/2016\/01\/582-p27-2-300x200.jpg 300w, https:\/\/www.uv.mx\/universo\/files\/2016\/01\/582-p27-2.jpg 800w\" sizes=\"(max-width: 300px) 100vw, 300px\" \/><\/a><p id=\"caption-attachment-12296\" class=\"wp-caption-text\">Los universitarios compartieron sus libros favoritos<\/p><\/div>\n<p class=\"Texto\">La Facultad de Pedagog\u00eda se uni\u00f3 a las actividades que esta casa de estudios organiz\u00f3 para festejar el D\u00eda Nacional del Libro e implement\u00f3 por primera vez el programa \u201cLeyendo a la USBI en Pedagog\u00eda\u201d, coordinado por Roc\u00edo Liliana Gonz\u00e1lez Guerrero, directora de la entidad acad\u00e9mica, y el profesor Uzziel Maldonado Vela.<\/p>\n<p class=\"Texto\">A decir de Gonz\u00e1lez Guerrero, el fomento a la lectura es una estrategia y asignatura pendiente del sistema educativo, en especial en la educaci\u00f3n superior, por ello \u201cpara la Facultad de Pedagog\u00eda tiene una doble importancia, especialmente porque en el futuro los egresados ser\u00e1n formadores\u201d.<\/p>\n<p class=\"Texto\">Laura Ter\u00e1n Delgado, secretaria acad\u00e9mica de la Facultad, mencion\u00f3 que las actividades planeadas por la Unidad de Servicios Bibliotecarios y de Informaci\u00f3n (USBI), y en las que decidieron participar activamente, aluden al nacimiento de Sor Juana In\u00e9s de la Cruz, religiosa y escritora novohispana.<\/p>\n<p class=\"Texto\">En tanto, Maldonado Vela detall\u00f3 que el programa \u201cLeyendo a la USBI en Pedagog\u00eda\u201d incluy\u00f3 el taller de fomento a la lectura, el foro abierto de lectura y el Caf\u00e9 Mundial \u201cViolencia de g\u00e9nero\u201d. \u201cLa USBI de Xalapa organiz\u00f3 diferentes eventos, y la Facultad de Pedagog\u00eda tuvo a bien integrarse a este programa para interesar a los estudiantes, para que lean m\u00e1s all\u00e1 del material que se les proporciona para su formaci\u00f3n disciplinar\u201d, reiter\u00f3.<\/p>\n<p class=\"Texto\">El taller de fomento a la lectura, apunt\u00f3, fue impartido por Elsa Mar\u00eda D\u00edaz Carvajal, quien con ayuda de peque\u00f1as din\u00e1micas pretende que los j\u00f3venes fomenten la lectura al momento de hacer su servicio social, estancia acad\u00e9mica, pr\u00e1cticas profesionales.<\/p>\n<p class=\"Texto\">\u201cEsperamos que en el futuro sean punta de lanza para generar h\u00e1bitos lectores en los espacios donde laboren\u201d. Con relaci\u00f3n al Caf\u00e9 Mundial \u201cViolencia de g\u00e9nero\u201d, Mayra Ger\u00f3n Cruz, del Centro para el Desarrollo Humano e Integral para los Universitarios, dijo que consisti\u00f3 en presentar cinco preguntas relacionadas con la violencia de g\u00e9nero, cada una reflexionada y discutida en equipo durante 20 minutos, mientras disfrutaban de un caf\u00e9, de ah\u00ed el nombre de la actividad.<\/p>\n<p class=\"Texto\">Dijo que \u00e9sta fue organizada en coordinaci\u00f3n con el Centro de Estudios de G\u00e9nero de esta casa de estudios, y se llev\u00f3 a cabo en otras facultades. Finalmente, Uzziel Maldonado adelant\u00f3 que pretenden realizar c\u00edrculos de lectura constantes y con valor crediticio, para ello buscar\u00e1n gestionar ante las instancias universitarias pertinentes la aprobaci\u00f3n de dicho proyecto.<\/p>\n","protected":false},"excerpt":{"rendered":"<p>La Facultad de Pedagog\u00eda se uni\u00f3 a las actividades que esta casa de estudios organiz\u00f3 para festejar el D\u00eda Nacional del Libro e implement\u00f3 por primera vez el programa \u201cLeyendo a la USBI en Pedagog\u00eda\u201d, coordinado por Roc\u00edo Liliana Gonz\u00e1lez Guerrero, directora de la entidad acad\u00e9mica, y el profesor Uzziel Maldonado Vela.<\/p>\n\r\n<div class=\"seriesmeta\">Contenido 38 de 43 del n\u00famero <a href=\"https:\/\/www.uv.mx\/universo\/numero\/582\/\" class=\"series-353\" title=\"582\">582<\/a><\/div>","protected":false},"author":1668,"featured_media":12296,"comment_status":"closed","ping_status":"closed","sticky":false,"template":"","format":"standard","meta":[],"categories":[5],"tags":[],"series":[353],"_links":{"self":[{"href":"https:\/\/www.uv.mx\/universo\/wp-json\/wp\/v2\/posts\/7965"}],"collection":[{"href":"https:\/\/www.uv.mx\/universo\/wp-json\/wp\/v2\/posts"}],"about":[{"href":"https:\/\/www.uv.mx\/universo\/wp-json\/wp\/v2\/types\/post"}],"author":[{"embeddable":true,"href":"https:\/\/www.uv.mx\/universo\/wp-json\/wp\/v2\/users\/1668"}],"replies":[{"embeddable":true,"href":"https:\/\/www.uv.mx\/universo\/wp-json\/wp\/v2\/comments?post=7965"}],"version-history":[{"count":0,"href":"https:\/\/www.uv.mx\/universo\/wp-json\/wp\/v2\/posts\/7965\/revisions"}],"wp:featuredmedia":[{"embeddable":true,"href":"https:\/\/www.uv.mx\/universo\/wp-json\/wp\/v2\/media\/12296"}],"wp:attachment":[{"href":"https:\/\/www.uv.mx\/universo\/wp-json\/wp\/v2\/media?parent=7965"}],"wp:term":[{"taxonomy":"category","embeddable":true,"href":"https:\/\/www.uv.mx\/universo\/wp-json\/wp\/v2\/categories?post=7965"},{"taxonomy":"post_tag","embeddable":true,"href":"https:\/\/www.uv.mx\/universo\/wp-json\/wp\/v2\/tags?post=7965"},{"taxonomy":"series","embeddable":true,"href":"https:\/\/www.uv.mx\/universo\/wp-json\/wp\/v2\/series?post=7965"}],"curies":[{"name":"wp","href":"https:\/\/api.w.org\/{rel}","templated":true}]}}