{"id":8073,"date":"2014-11-18T07:59:48","date_gmt":"2014-11-18T13:59:48","guid":{"rendered":"https:\/\/www.uv.mx\/universo\/?p=8073"},"modified":"2015-12-15T20:26:50","modified_gmt":"2015-12-16T02:26:50","slug":"posgrados-uv-destacan-en-evaluacion-del-conacyt","status":"publish","type":"post","link":"https:\/\/www.uv.mx\/universo\/general\/posgrados-uv-destacan-en-evaluacion-del-conacyt\/","title":{"rendered":"Posgrados UV destacan en evaluaci\u00f3n del Conacyt"},"content":{"rendered":"<div class=\"seriesmeta noshow\">Contenido 12 de 43 del n\u00famero <a href=\"https:\/\/www.uv.mx\/universo\/numero\/582\/\" class=\"series-353\" title=\"582\">582<\/a><\/div>\r\n<p class=\"Titulo\"><a href=\"https:\/\/www.uv.mx\/universo\/files\/2015\/06\/582-infgral-010.jpg\"><img decoding=\"async\" loading=\"lazy\" class=\"alignright size-full wp-image-8055\" src=\"https:\/\/www.uv.mx\/universo\/files\/2015\/06\/582-infgral-010.jpg\" alt=\"582-infgral-010\" width=\"200\" height=\"217\" \/><\/a><\/p>\n<p class=\"Texto\">Siete programas de posgrado de la Universidad Veracruzana (UV) fueron evaluados por el Consejo Nacional de Ciencia y Tecnolog\u00eda (Conacyt), logro muy importante, ya que pertenecer al Programa Nacional de Posgrados de Calidad (PNPC) conlleva el compromiso de mejora y actualizaci\u00f3n constante para alcanzar mejores niveles de desarrollo.<\/p>\n<p>En esta ocasi\u00f3n la Maestr\u00eda en Salud P\u00fablica fue calificada con nivel de habilitaci\u00f3n Internacional; Medicina Forense, con nivel Consolidado, y las maestr\u00edas en Ingenier\u00eda de Corrosi\u00f3n, Manejo y Explotaci\u00f3n de los Agrosistemas de la Ca\u00f1a de Az\u00facar, Ciencias en Procesos Biol\u00f3gicos y Artes Esc\u00e9nicas, con nivel en Desarrollo.<\/p>\n<p class=\"Texto\">La calificaci\u00f3n alcanzada demuestra que estos posgrados contin\u00faan con una l\u00ednea de calidad y mejoramiento que distingue a los posgrados de la Veracruzana.<\/p>\n<p>El Conacyt cataloga a los programas acreditados en los siguientes niveles: los de competencia Internacional son aquellos que tienen colaboraciones en el \u00e1mbito internacional a trav\u00e9s de convenios que incluyen la movilidad de estudiantes y profesores, la codirecci\u00f3n de tesis y proyectos de investigaci\u00f3n conjuntos.<\/p>\n<p>Los Consolidados tienen reconocimiento nacional por la pertinencia e impacto en la formaci\u00f3n de recursos humanos de alto nivel, en la productividad acad\u00e9mica y en la colaboraci\u00f3n con otros sectores de la sociedad; en Desarrollo, son los de prospecci\u00f3n acad\u00e9mica positiva sustentada en su plan de mejora y en las metas factibles de alcanzar en el mediano plazo; en tanto, los de Reciente Creaci\u00f3n satisfacen los criterios y est\u00e1ndares b\u00e1sicos del marco de referencia del PNPC.<\/p>\n<p>Los beneficios que reciben son: reconocimiento por la Secretar\u00eda de Educaci\u00f3n P\u00fablica y el Conacyt a los programas acad\u00e9micos por su calidad acad\u00e9mica; becas para los estudiantes de tiempo completo que cursan los programas acad\u00e9micos registrados en la modalidad presencial; becas mixtas para los estudiantes de programas registrados en el PNPC en cualquier modalidad; becas posdoctorales a los egresados de programas de doctorado registrados en el PNPC.<\/p>\n<p>La principal meta de la Direcci\u00f3n de General de la Unidad de Estudios de Posgrado es mantener y mejorar los niveles de cada uno de sus programas acreditados para as\u00ed consolidar la calidad de los estudios de posgrado de la Universidad.<\/p>\n<p><strong>Posgrados de calidad<\/strong><br \/>\nLa UV tambi\u00e9n particip\u00f3 en la 6\u00aa Feria Mesoamericana de Posgrados Mexicanos de Calidad, realizada en la ciudad de Panam\u00e1, Panam\u00e1, los d\u00edas del 29 y 30 de octubre. En el evento se promovieron los 80 posgrados con reconocimiento de calidad por el Conacyt, y se atendieron a m\u00e1s de 800 interesados en las posibilidades de apoyo que se ofrecen al ingresar a un programa de calidad de esta casa de estudios.<\/p>\n<p>A la feria asistieron como expositores 60 instituciones mexicanas de educaci\u00f3n superior y seis m\u00e1s de Brasil, Chile, Costa Rica y Panam\u00e1.<\/p>\n<p>En el marco de la Feria Mesoamericana se llev\u00f3 a cabo la exposici\u00f3n Expr\u00e9salo con un p\u00f3ster, donde estudiantes de posgrado, becarios del Conacyt, presentaron resultados de investigaciones.<\/p>\n<p>La Veracruzana se destac\u00f3 por el n\u00famero y diversidad de trabajos presentados. El Doctorado en Investigaci\u00f3n Educativa present\u00f3 la integraci\u00f3n de las TIC en los diferentes niveles de concreci\u00f3n curricular de las licenciaturas de la m\u00e1xima casa de estudios del estado.<\/p>\n<p>Por el Doctorado en Biotecnolog\u00eda y Ecolog\u00eda, se present\u00f3 el tema \u00abInfluencia del incremento de la COA sobre la producci\u00f3n de metano en un CSTR a partir de lodos fisicoqu\u00edmicos generados en un rastro de aves\u00bb.<\/p>\n<p>El proyecto \u00abPercepci\u00f3n y conocimiento sobre el cuidado del reci\u00e9n nacido con s\u00edndrome de aspiraci\u00f3n de meconio en el personal de enfermer\u00eda del Centro de Especialidades M\u00e9dicas del Estado de Veracruz\u00bb, fue presentado por la Especializaci\u00f3n en Salud Materna y Perinatal.<\/p>\n<p>Por la Maestr\u00eda en Ciencias de la Salud \u00abSatisfacci\u00f3n del trato recibido durante el embarazo, parto y puerperio en un hospital p\u00fablico de la ciudad de Xalapa\u00bb. Por el Doctorado en Ecolog\u00eda Tropical \u00abLa herbolaria de la etnia T\u00e9nek de Veracruz: legado natural y cultural de M\u00e9xico\u00bb.<\/p>\n<p>Mientras que el Doctorado en Investigaciones Cerebrales llev\u00f3 \u00abAn\u00e1lisis de fos en c\u00e9lulas de Purkinje por estimulaci\u00f3n olfativa en ratas macho, activaci\u00f3n del cerebelo por estimulaci\u00f3n olfativa en la adquisici\u00f3n de experiencia sexual de ratas macho\u00bb.<\/p>\n<p>Y la Maestr\u00eda en Educaci\u00f3n Virtual divulg\u00f3 \u00abCapital tecnol\u00f3gico, desempe\u00f1o escolar y permanencia\u00bb. Por \u00faltimo, la Maestr\u00eda en M\u00fasica present\u00f3 el tema \u00abRedes de transformaciones neo-riemanianas en el R\u00e9quiem de Gabriel Faur\u00e9 (1845-1924)\u00bb.<\/p>\n","protected":false},"excerpt":{"rendered":"<p>Siete programas de posgrado de la Universidad Veracruzana (UV) fueron evaluados por el Consejo Nacional de Ciencia y Tecnolog\u00eda (Conacyt), logro muy importante, ya que pertenecer al Programa Nacional de Posgrados de Calidad (PNPC) conlleva el compromiso de mejora y actualizaci\u00f3n constante para alcanzar mejores niveles de desarrollo.<\/p>\n\r\n<div class=\"seriesmeta\">Contenido 12 de 43 del n\u00famero <a href=\"https:\/\/www.uv.mx\/universo\/numero\/582\/\" class=\"series-353\" title=\"582\">582<\/a><\/div>","protected":false},"author":1668,"featured_media":0,"comment_status":"closed","ping_status":"closed","sticky":false,"template":"","format":"standard","meta":[],"categories":[1],"tags":[],"series":[353],"_links":{"self":[{"href":"https:\/\/www.uv.mx\/universo\/wp-json\/wp\/v2\/posts\/8073"}],"collection":[{"href":"https:\/\/www.uv.mx\/universo\/wp-json\/wp\/v2\/posts"}],"about":[{"href":"https:\/\/www.uv.mx\/universo\/wp-json\/wp\/v2\/types\/post"}],"author":[{"embeddable":true,"href":"https:\/\/www.uv.mx\/universo\/wp-json\/wp\/v2\/users\/1668"}],"replies":[{"embeddable":true,"href":"https:\/\/www.uv.mx\/universo\/wp-json\/wp\/v2\/comments?post=8073"}],"version-history":[{"count":0,"href":"https:\/\/www.uv.mx\/universo\/wp-json\/wp\/v2\/posts\/8073\/revisions"}],"wp:attachment":[{"href":"https:\/\/www.uv.mx\/universo\/wp-json\/wp\/v2\/media?parent=8073"}],"wp:term":[{"taxonomy":"category","embeddable":true,"href":"https:\/\/www.uv.mx\/universo\/wp-json\/wp\/v2\/categories?post=8073"},{"taxonomy":"post_tag","embeddable":true,"href":"https:\/\/www.uv.mx\/universo\/wp-json\/wp\/v2\/tags?post=8073"},{"taxonomy":"series","embeddable":true,"href":"https:\/\/www.uv.mx\/universo\/wp-json\/wp\/v2\/series?post=8073"}],"curies":[{"name":"wp","href":"https:\/\/api.w.org\/{rel}","templated":true}]}}