{"id":8089,"date":"2014-11-18T07:59:57","date_gmt":"2014-11-18T13:59:57","guid":{"rendered":"https:\/\/www.uv.mx\/universo\/?p=8089"},"modified":"2015-12-15T20:41:12","modified_gmt":"2015-12-16T02:41:12","slug":"orizaba-cordoba-reafirmo-autonomia-no-violencia-y-rendicion-de-cuentas","status":"publish","type":"post","link":"https:\/\/www.uv.mx\/universo\/general\/orizaba-cordoba-reafirmo-autonomia-no-violencia-y-rendicion-de-cuentas\/","title":{"rendered":"Orizaba-C\u00f3rdoba reafirm\u00f3 autonom\u00eda, no violencia y rendici\u00f3n de cuentas"},"content":{"rendered":"<div class=\"seriesmeta noshow\">Contenido 3 de 43 del n\u00famero <a href=\"https:\/\/www.uv.mx\/universo\/numero\/582\/\" class=\"series-353\" title=\"582\">582<\/a><\/div>\r\n<p class=\"Resumen\"><em>Beatriz Rodr\u00edguez Villafuerte llam\u00f3 a \u00abalzar la voz del pensamiento y la inteligencia desde todos los espacios universitarios\u00bb<\/em><\/p>\n<p class=\"Resumen\"><em>En la regi\u00f3n se cubri\u00f3 50 por ciento de la demanda de nuevo ingreso, 4.4 por ciento m\u00e1s con respecto al periodo anterior<\/em><\/p>\n<p class=\"Resumen\"><em>En licenciatura, 83 por ciento de los alumnos cursan programas acreditados de calidad<\/em><\/p>\n<p class=\"Autor\"><span style=\"font-size: 8pt\"><strong>David Sandoval Rodr\u00edguez<a href=\"https:\/\/www.uv.mx\/universo\/files\/2015\/06\/582-infgral-004.jpg\"><img decoding=\"async\" loading=\"lazy\" class=\"alignright size-medium wp-image-8049\" src=\"https:\/\/www.uv.mx\/universo\/files\/2015\/06\/582-infgral-004-300x200.jpg\" alt=\"582-infgral-004\" width=\"300\" height=\"200\" \/><\/a><\/strong><\/span><\/p>\n<p class=\"Texto\">En sesi\u00f3n de Consejo Universitario Regional, celebrado en Ixtaczoqiutl\u00e1n, la virrectora del campus Orizaba-C\u00f3rdoba, Beatriz Rodr\u00edguez Villafuerte, rindi\u00f3 su Informe de Actividades en una ceremonia en la cual, adem\u00e1s, la rectora de esta casa de estudios, Sara Ladr\u00f3n de Guevara, reafirm\u00f3 posiciones universitarias de primera importancia.<\/p>\n<p>Primero, hizo un llamado general a respetar la autonom\u00eda de la m\u00e1xima casa de estudios de Veracruz. Enseguida, reafirm\u00f3 la pol\u00edtica de no violencia que los propios consejeros alumnos determinaron la semana pasada, exhort\u00f3 a los universitarios a evitar la desinformaci\u00f3n e informarse responsablemente y rechaz\u00f3 categ\u00f3ricamente cualquier versi\u00f3n de supuesta manipulaci\u00f3n de los representantes alumnos y decisiones autoritarias.<\/p>\n<p>En este sentido, la vicerrectora Beatriz Rodr\u00edguez cerr\u00f3 su ejercicio de rendici\u00f3n de cuentas con un pronunciamiento para alzar la voz del pensamiento y la inteligencia desde todos los espacios universitarios.<\/p>\n<p>Se\u00f1al\u00f3 que \u00abnunca la conciencia colectiva cobr\u00f3 tanta fuerza como con el caso Ayotzinapa, producto de una larga historia de rezagos, pobreza, marginalidad, corrupci\u00f3n, discriminaci\u00f3n e injusticia\u00bb.<\/p>\n<p>Por tal raz\u00f3n, ante autoridades universitarias, catedr\u00e1ticos, estudiantes, presidentes municipales e invitados especiales, rubric\u00f3 su informe al declarar: \u00abManifest\u00e9monos como tales, protestando desde las aulas, los laboratorios, los campos experimentales, alzando la voz del pensamiento y la inteligencia; de la ciencia y el conocimiento puestos al beneficio de las mejores causas\u00bb.<\/p>\n<p>La responsabilidad social que tiene la UV como instituci\u00f3n de educaci\u00f3n superior, dijo, \u00abnos lleva a seguir siendo la voz cr\u00edtica de la sociedad y con esa fuerza que nos dan la conciencia cient\u00edfica y la reflexi\u00f3n acad\u00e9mica, acompa\u00f1ar a los distintos sectores sociales que han depositado en nosotros su confianza y la esperanza de que el avance cient\u00edfico y tecnol\u00f3gico aporte las respuestas que necesita el pa\u00eds en estos tiempos\u00bb.<\/p>\n<p>Para ello se pronunci\u00f3 por fomentar una cultura de paz que promueva la convivencia arm\u00f3nica del ser humano con su entorno, \u00abrechazando toda forma de violencia como medida para resolver las diferencias\u00bb, enfatiz\u00f3.<\/p>\n<p>En cuanto a los resultados obtenidos durante este periodo, la funcionaria precis\u00f3 que ingresaron dos mil 334 nuevos alumnos, cubriendo as\u00ed 50 por ciento de la demanda, lo que represent\u00f3 un incremento de 4.4 por ciento con respecto al lapso anterior.<\/p>\n<p>Adem\u00e1s, 83 por ciento de los alumnos de licenciatura y 54 por ciento de posgrado cursan programas acreditados de calidad, as\u00ed como tambi\u00e9n los estudiantes del Doctorado en Ciencias Agropecuarias, que es adem\u00e1s el primero en la regi\u00f3n.<\/p>\n<p>Existen 17 cuerpos acad\u00e9micos y 184 profesores de tiempo completo, de los cuales 80 por ciento tienen un posgrado y 36 por ciento est\u00e1n en el Programa de Est\u00edmulos al Desempe\u00f1o del Personal Acad\u00e9mico, registrando 28 por ciento m\u00e1s que el periodo anterior.<\/p>\n<p>Al respecto, Rodr\u00edguez Villafuerte destac\u00f3 que 23 acad\u00e9micos del campus son miembros del Sistema Nacional de Investigadores y est\u00e1n en marcha 24 proyectos financiados por el Consejo Nacional de Ciencia y Tecnolog\u00eda.<\/p>\n<p>El programa de tutor\u00edas registra 96 por ciento de cobertura, atendiendo a siete mil 772 estudiantes; en cuanto a las becas, tres de cada 10 alumnos reciben un apoyo econ\u00f3mico, haciendo un total de dos mil 491 universitarios.<\/p>\n<p>Se registra adem\u00e1s 49.4 por ciento de eficiencia terminal con 962 egresados de licenciatura y 35 de posgrado.<\/p>\n<p>Cuatro mil 51 estudiantes han cursado alguna experiencia educativa del \u00c1rea de Formaci\u00f3n de Elecci\u00f3n Libre, alcanzando as\u00ed un incremento de 60 por ciento en el \u00e1rea de artes y 25 por ciento en el \u00e1rea de deportes.<\/p>\n<p>El programa de Bolsa de Trabajo ha sido utilizado por siete mil 539 estudiantes y en cuanto al reconocimiento nacional, recalc\u00f3 que cuatro egresados obtuvieron Premio Ceneval al Desempe\u00f1o de Excelencia-EGEL.<\/p>\n<p>En cuanto a la vinculaci\u00f3n, la Vicerrectora coment\u00f3 que pobladores originarios de 60 comunidades de la sierra de Zongolica han sido beneficiados desde la Casa de la UV con cuatro mil 700 servicios, adem\u00e1s de pr\u00e1cticas y talleres.<\/p>\n<p>Durante el Informe de Actividades se cont\u00f3 con la presencia de Marco Antonio Aguilar Yunes, titular de la Secretar\u00eda del Trabajo, Previsi\u00f3n Social y Productividad, quien manifest\u00f3 su orgullo de ser universitario y de que sea la actual Rectora quien ocupe este cargo de responsabilidad en la m\u00e1xima casa de estudios de Veracruz; adem\u00e1s adelant\u00f3 que en breve se cerrar\u00e1 un acuerdo para crear cinco mil vacantes en el campo de la tecnolog\u00eda de informaci\u00f3n, en el que los egresados de la UV tendr\u00edan preferencia para su contrataci\u00f3n.<\/p>\n<p>Tambi\u00e9n participaron en esta ceremonia Jaime Tom\u00e1s R\u00edos Bernal, alcalde de C\u00f3rdoba; Leticia Rodr\u00edguez Audirac, secretaria acad\u00e9mica de la UV; Luis Alejandro Santana Mart\u00ednez, secretario acad\u00e9mico regional; Rubicelia Mart\u00ednez, secretaria regional de Administraci\u00f3n y Finanzas; los vicerrectores Jos\u00e9 Luis Alan\u00eds M\u00e9ndez (Poza Rica-Tuxpan), Alfonso P\u00e9rez Morales (Veracruz-Boca del R\u00edo) y Jorge Andaverde Arredondo (Coatzacoalcos-Minatitl\u00e1n); los ex vicerrectores del campus Emilio Zilli Debernardi y Roberto Olavarrieta Marenco; Elena Rustri\u00e1n Portilla, secretaria de la Junta de Gobierno; Jobo Lara Faticati, delegado regional del Fesapauv; el diputado local Hugo Fern\u00e1ndez Bernal e integrantes del cabildo de C\u00f3rdoba.<\/p>\n","protected":false},"excerpt":{"rendered":"<p>En sesi\u00f3n de Consejo Universitario Regional, celebrado en Ixtaczoqiutl\u00e1n, la virrectora del campus Orizaba-C\u00f3rdoba, Beatriz Rodr\u00edguez Villafuerte, rindi\u00f3 su Informe de Actividades en una ceremonia en la cual, adem\u00e1s, la rectora de esta casa de estudios, Sara Ladr\u00f3n de Guevara, reafirm\u00f3 posiciones universitarias de primera importancia.<\/p>\n\r\n<div class=\"seriesmeta\">Contenido 3 de 43 del n\u00famero <a href=\"https:\/\/www.uv.mx\/universo\/numero\/582\/\" class=\"series-353\" title=\"582\">582<\/a><\/div>","protected":false},"author":1668,"featured_media":12254,"comment_status":"closed","ping_status":"closed","sticky":false,"template":"","format":"standard","meta":[],"categories":[278,1],"tags":[],"series":[353],"_links":{"self":[{"href":"https:\/\/www.uv.mx\/universo\/wp-json\/wp\/v2\/posts\/8089"}],"collection":[{"href":"https:\/\/www.uv.mx\/universo\/wp-json\/wp\/v2\/posts"}],"about":[{"href":"https:\/\/www.uv.mx\/universo\/wp-json\/wp\/v2\/types\/post"}],"author":[{"embeddable":true,"href":"https:\/\/www.uv.mx\/universo\/wp-json\/wp\/v2\/users\/1668"}],"replies":[{"embeddable":true,"href":"https:\/\/www.uv.mx\/universo\/wp-json\/wp\/v2\/comments?post=8089"}],"version-history":[{"count":0,"href":"https:\/\/www.uv.mx\/universo\/wp-json\/wp\/v2\/posts\/8089\/revisions"}],"wp:featuredmedia":[{"embeddable":true,"href":"https:\/\/www.uv.mx\/universo\/wp-json\/wp\/v2\/media\/12254"}],"wp:attachment":[{"href":"https:\/\/www.uv.mx\/universo\/wp-json\/wp\/v2\/media?parent=8089"}],"wp:term":[{"taxonomy":"category","embeddable":true,"href":"https:\/\/www.uv.mx\/universo\/wp-json\/wp\/v2\/categories?post=8089"},{"taxonomy":"post_tag","embeddable":true,"href":"https:\/\/www.uv.mx\/universo\/wp-json\/wp\/v2\/tags?post=8089"},{"taxonomy":"series","embeddable":true,"href":"https:\/\/www.uv.mx\/universo\/wp-json\/wp\/v2\/series?post=8089"}],"curies":[{"name":"wp","href":"https:\/\/api.w.org\/{rel}","templated":true}]}}