{"id":8205,"date":"2014-11-03T07:59:35","date_gmt":"2014-11-03T13:59:35","guid":{"rendered":"https:\/\/www.uv.mx\/universo\/?p=8205"},"modified":"2016-01-04T17:36:56","modified_gmt":"2016-01-04T23:36:56","slug":"medicina-reconocio-a-sus-academicos","status":"publish","type":"post","link":"https:\/\/www.uv.mx\/universo\/regiones\/medicina-reconocio-a-sus-academicos\/","title":{"rendered":"Medicina reconoci\u00f3 a sus acad\u00e9micos"},"content":{"rendered":"<div class=\"seriesmeta noshow\">Contenido 25 de 46 del n\u00famero <a href=\"https:\/\/www.uv.mx\/universo\/numero\/580\/\" class=\"series-354\" title=\"580\">580<\/a><\/div>\r\n<p><em>El Vicerrector exhort\u00f3 a los estudiantes a prepararse para servir mejor a la sociedad<\/em><\/p>\n<p class=\"Autor\"><span style=\"font-size: 8pt\"><strong>Alma Mart\u00ednez<\/strong><\/span><\/p>\n<div id=\"attachment_8174\" style=\"width: 310px\" class=\"wp-caption alignright\"><a href=\"https:\/\/www.uv.mx\/universo\/files\/2015\/06\/580-campus-001.jpg\"><img aria-describedby=\"caption-attachment-8174\" decoding=\"async\" loading=\"lazy\" class=\"size-medium wp-image-8174\" src=\"https:\/\/www.uv.mx\/universo\/files\/2015\/06\/580-campus-001-300x225.jpg\" alt=\"La labor de los docentes ha fortalecido a la Facultad\" width=\"300\" height=\"225\" \/><\/a><p id=\"caption-attachment-8174\" class=\"wp-caption-text\">La labor de los docentes ha fortalecido a la Facultad<\/p><\/div>\n<p class=\"Texto\"><strong>Veracruz, Ver.-<\/strong>\u00a0La Facultad de Medicina celebr\u00f3 el D\u00eda del M\u00e9dico reconociendo el legado y la trayectoria de los acad\u00e9micos que han realizado aportaciones valiosas en la formaci\u00f3n profesional de los estudiantes de esta entidad.<\/p>\n<p class=\"Texto\">Los docentes que recibieron medallas conmemorativas fueron el vicerrector Alfonso P\u00e9rez Morales, por su legado acad\u00e9mico; Aurora D\u00edaz Vega, por su contribuci\u00f3n a las ciencias b\u00e1sicas; Humberto Hern\u00e1ndez Ojeda, por sus aportaciones en las materias cl\u00ednicas; Rafael Garc\u00eda Pe\u00f1a Guti\u00e9rrez, reci\u00e9n jubilado; y Refugio V\u00e1zquez Betancourt, maestro em\u00e9rito de la materia de embriolog\u00eda.<\/p>\n<p class=\"Texto\">Tambi\u00e9n se otorgaron reconocimientos a maestros que cumplieron 10, 15, 20, 30, 35, 40 y 45 a\u00f1os de impartir clases en la Facultad de Medicina: Joaqu\u00edn Valerio, Adalberto Tenorio, Juan H\u00e9ctor Tamayo, Alfredo Rivera, Antonio Abrego, Jorge Parrazal, Antonio Simonin, Beatriz Jim\u00e9nez, Pedro Guti\u00e9rrez, Sergio Gainza, Ipsa Lim\u00f3n, Enrique G\u00f3mez, Jos\u00e9 Lorenzo, Alfredo Labourdette y Juan Caso.<\/p>\n<p class=\"Texto\">El director Pedro Guti\u00e9rrez agradeci\u00f3 a cada uno de los docentes por contribuir a engrandecer este espacio del conocimiento, reiter\u00f3 su compromiso por fortalecer la Facultad de Medicina con la pr\u00f3xima reacreditaci\u00f3n que constate la calidad educativa que ah\u00ed se brinda.<\/p>\n<div id=\"attachment_8175\" style=\"width: 310px\" class=\"wp-caption alignright\"><a href=\"https:\/\/www.uv.mx\/universo\/files\/2015\/06\/580-campus-002.jpg\"><img aria-describedby=\"caption-attachment-8175\" decoding=\"async\" loading=\"lazy\" class=\"size-medium wp-image-8175\" src=\"https:\/\/www.uv.mx\/universo\/files\/2015\/06\/580-campus-002-300x225.jpg\" alt=\"Grupo coral de estudiantes\" width=\"300\" height=\"225\" \/><\/a><p id=\"caption-attachment-8175\" class=\"wp-caption-text\">Grupo coral de estudiantes<\/p><\/div>\n<p class=\"Texto\">Por su parte, el Vicerrector agradeci\u00f3 el reconocimiento de la comunidad universitaria y felicit\u00f3 a todos sus colegas por ejercer tan noble profesi\u00f3n. Manifest\u00f3 a los estudiantes la enorme responsabilidad que conlleva el practicar la medicina y los exhort\u00f3 a prepararse para dar un servicio humano y de excelencia a la sociedad.<\/p>\n<p class=\"Texto\">En la parte art\u00edstica se presentaron el grupo coral de la Facultad y un conjunto de cuerdas conformado por estudiantes, quienes interpretaron melod\u00edas cl\u00e1sicas.<\/p>\n","protected":false},"excerpt":{"rendered":"<p>La Facultad de Medicina celebr\u00f3 el D\u00eda del M\u00e9dico reconociendo el legado y la trayectoria de los acad\u00e9micos que han realizado aportaciones valiosas en la formaci\u00f3n profesional de los estudiantes de esta entidad.<\/p>\n\r\n<div class=\"seriesmeta\">Contenido 25 de 46 del n\u00famero <a href=\"https:\/\/www.uv.mx\/universo\/numero\/580\/\" class=\"series-354\" title=\"580\">580<\/a><\/div>","protected":false},"author":1668,"featured_media":0,"comment_status":"closed","ping_status":"closed","sticky":false,"template":"","format":"standard","meta":[],"categories":[360],"tags":[],"series":[354],"_links":{"self":[{"href":"https:\/\/www.uv.mx\/universo\/wp-json\/wp\/v2\/posts\/8205"}],"collection":[{"href":"https:\/\/www.uv.mx\/universo\/wp-json\/wp\/v2\/posts"}],"about":[{"href":"https:\/\/www.uv.mx\/universo\/wp-json\/wp\/v2\/types\/post"}],"author":[{"embeddable":true,"href":"https:\/\/www.uv.mx\/universo\/wp-json\/wp\/v2\/users\/1668"}],"replies":[{"embeddable":true,"href":"https:\/\/www.uv.mx\/universo\/wp-json\/wp\/v2\/comments?post=8205"}],"version-history":[{"count":0,"href":"https:\/\/www.uv.mx\/universo\/wp-json\/wp\/v2\/posts\/8205\/revisions"}],"wp:attachment":[{"href":"https:\/\/www.uv.mx\/universo\/wp-json\/wp\/v2\/media?parent=8205"}],"wp:term":[{"taxonomy":"category","embeddable":true,"href":"https:\/\/www.uv.mx\/universo\/wp-json\/wp\/v2\/categories?post=8205"},{"taxonomy":"post_tag","embeddable":true,"href":"https:\/\/www.uv.mx\/universo\/wp-json\/wp\/v2\/tags?post=8205"},{"taxonomy":"series","embeddable":true,"href":"https:\/\/www.uv.mx\/universo\/wp-json\/wp\/v2\/series?post=8205"}],"curies":[{"name":"wp","href":"https:\/\/api.w.org\/{rel}","templated":true}]}}