{"id":8261,"date":"2014-11-03T07:59:45","date_gmt":"2014-11-03T13:59:45","guid":{"rendered":"https:\/\/www.uv.mx\/universo\/?p=8261"},"modified":"2016-01-04T17:36:56","modified_gmt":"2016-01-04T23:36:56","slug":"universo-celebra-14-anos","status":"publish","type":"post","link":"https:\/\/www.uv.mx\/universo\/general\/universo-celebra-14-anos\/","title":{"rendered":"Universo celebra 14 a\u00f1os"},"content":{"rendered":"<div class=\"seriesmeta noshow\">Contenido 15 de 46 del n\u00famero <a href=\"https:\/\/www.uv.mx\/universo\/numero\/580\/\" class=\"series-354\" title=\"580\">580<\/a><\/div>\r\n<p class=\"Resumen\"><em>En sus p\u00e1ginas han aparecido destacadas personalidades de la ciencia, el arte y la cultura<\/em><\/p>\n<p class=\"Resumen\"><em>Universo se publica cada lunes, con un tiraje de cinco mil ejemplares que se distribuyen en los cincos campus universitarios. Tambi\u00e9n puede consultarse en l\u00ednea en www.uv.mx\/universo y en formato PDF, dentro del mismo sitio<\/em><\/p>\n<p class=\"Texto\">Universo cumple 14 a\u00f1os de vida, durante los cuales ha sido un importante veh\u00edculo de comunicaci\u00f3n entre estudiantes, acad\u00e9micos y autoridades de la Universidad Veracruzana (UV) y la sociedad en general.<\/p>\n<p>Desde su nacimiento, el 30 de octubre de 2000, no s\u00f3lo ha dado cuenta del acontecer universitario, tambi\u00e9n ha registrado la opini\u00f3n de connotados especialistas en diversas disciplinas, cuyas aportaciones han sido reconocidas por nuestra casa de estudios.<\/p>\n<p>Con motivo de su decimocuarto aniversario, Universo hace un recuento de algunos de los cient\u00edficos, humanistas, artistas y literatos de talla internacional que han aparecido en sus p\u00e1ginas y, con ello, contribuido al logro de una comunidad informada, consciente, participativa y comprometida.<\/p>\n<p><strong>Tullio Seppilli<\/strong><br \/>\nEl cient\u00edfico italiano, fundador del Instituto de Etnolog\u00eda de la Universidad de Perugia en 1956, recibi\u00f3 el Doctorado Honoris Causa por la UV. En su intervenci\u00f3n se\u00f1al\u00f3 la necesidad de construir una medicina integral que considere los factores sociales como determinantes en los procesos de salud y enfermedad, y conjunte los conocimientos tradicionales y occidentales. (www.uv.mx\/universo\/121\/central\/central.htm)<\/p>\n<div id=\"attachment_8244\" style=\"width: 310px\" class=\"wp-caption alignright\"><a href=\"https:\/\/www.uv.mx\/universo\/files\/2015\/06\/580-infgral-015.jpg\"><img aria-describedby=\"caption-attachment-8244\" decoding=\"async\" loading=\"lazy\" class=\"size-medium wp-image-8244\" src=\"https:\/\/www.uv.mx\/universo\/files\/2015\/06\/580-infgral-015-300x200.jpg\" alt=\"Edgar Morin\" width=\"300\" height=\"200\" \/><\/a><p id=\"caption-attachment-8244\" class=\"wp-caption-text\">Edgar Morin<\/p><\/div>\n<p><strong>Edgar Morin<\/strong><br \/>\n\u201cNecesitamos la econom\u00eda, la ciencia y la tecnolog\u00eda, pero no de la manera incontrolable en que funcionan y con la que gobiernan al mundo\u201d, dijo el fil\u00f3sofo y soci\u00f3logo franc\u00e9s tras recibir el Doctorado Honoris Causa. Morin advirti\u00f3 que es necesario modificar el camino que han recorrido la sociedad y el conocimiento, pues \u00e9ste va \u201cencaminado al desastre\u201d.<br \/>\n(www.uv.mx\/universo\/123\/centrales\/centrales.html)<\/p>\n<p><strong>Anthony W. Bates<\/strong><br \/>\nOriundo de Canad\u00e1, el pionero de la educaci\u00f3n virtual y distribuida fue distinguido con la Medalla al M\u00e9rito UV. En su mensaje, se\u00f1al\u00f3: \u201cDebemos ense\u00f1ar a nuestros estudiantes a aprender a aprender, para que cuando salgan de la universidad puedan seguir aprendiendo. Debemos evitar la facilidad y la absorci\u00f3n de grandes cantidades de informaci\u00f3n, debemos impulsar a los estudiantes para que puedan vivir en la sociedad con base en el conocimiento\u201d. (www.uv.mx\/universo\/152\/central\/central.html)<\/p>\n<p><strong>Boaventura de Sousa<\/strong><br \/>\nEl soci\u00f3logo portugu\u00e9s, considerado el principal reformador de las ciencias sociales y pionero del Foro Mundial Social, fue distinguido con la Medalla al M\u00e9rito UV. Desde su pa\u00eds natal, dijo que es posible construir \u201cuna etimolog\u00eda del Sur\u201d, toda vez que \u201cla democracia como la conocemos es un concepto hegem\u00f3nico que no soluciona los problemas de los pueblos, sino m\u00e1s bien forma parte de sus problemas\u201d. (www.uv.mx\/universo\/193\/central\/central.htm)<\/p>\n<div id=\"attachment_8245\" style=\"width: 310px\" class=\"wp-caption alignright\"><a href=\"https:\/\/www.uv.mx\/universo\/files\/2015\/06\/580-infgral-016.jpg\"><img aria-describedby=\"caption-attachment-8245\" decoding=\"async\" loading=\"lazy\" class=\"size-medium wp-image-8245\" src=\"https:\/\/www.uv.mx\/universo\/files\/2015\/06\/580-infgral-016-300x199.jpg\" alt=\"Fernando Savater\" width=\"300\" height=\"199\" \/><\/a><p id=\"caption-attachment-8245\" class=\"wp-caption-text\">Fernando Savater<\/p><\/div>\n<p><strong>Fernando Savater<\/strong><br \/>\nEl fil\u00f3sofo espa\u00f1ol se incorpor\u00f3 al claustro acad\u00e9mico de la Universidad por la v\u00eda m\u00e1s prestigiosa, el otorgamiento del Doctorado Honoris Causa. Tras recibir la distinci\u00f3n, comparti\u00f3 una reflexi\u00f3n con los universitarios: \u201cNo hay democracia mientras existan la miseria y la ignorancia, ambas excluyen al individuo del ejercicio democr\u00e1tico y deber\u00edan considerarse ilegales de la misma forma que la esclavitud\u201d. (www.uv.mx\/universo\/205\/central\/central.htm)<\/p>\n<p><strong>Jos\u00e9 Miguel Insulza<\/strong><br \/>\nLuego de agradecer a la instituci\u00f3n por haberle conferido el Doctorado Honoris Causa, el polit\u00f3logo chileno se\u00f1al\u00f3 que las crisis que atraviesan los pa\u00edses de Am\u00e9rica Latina son graves. El actual presidente de la Organizaci\u00f3n de Estados Americanos destac\u00f3 que \u201cha terminado el tiempo en que se proclamaba que el Estado es parte del problema, ahora vamos a ver cu\u00e1n fuertes son las democracias que hemos creado\u201d. (www.uv.mx\/universo\/345\/central\/central.htm)<\/p>\n<div id=\"attachment_8249\" style=\"width: 210px\" class=\"wp-caption alignright\"><a href=\"https:\/\/www.uv.mx\/universo\/files\/2015\/06\/580-infgral-020.jpg\"><img aria-describedby=\"caption-attachment-8249\" decoding=\"async\" loading=\"lazy\" class=\"size-medium wp-image-8249\" src=\"https:\/\/www.uv.mx\/universo\/files\/2015\/06\/580-infgral-020-200x300.jpg\" alt=\"Jos\u00e9 Miguel Insulza\" width=\"200\" height=\"300\" \/><\/a><p id=\"caption-attachment-8249\" class=\"wp-caption-text\">Jos\u00e9 Miguel Insulza<\/p><\/div>\n<p><strong>Basarab Nicolescu<\/strong><br \/>\nLa primera visita que el f\u00edsico rumano realiz\u00f3 a M\u00e9xico tuvo como escenario la UV, donde expuso la metodolog\u00eda de la transdisciplinariedad. Dos a\u00f1os despu\u00e9s, el especialista rumano en estudios transdiciplinarios regres\u00f3 a esta casa de estudios para ser investido con el Doctorado Honoris Causa. En su discurso, se\u00f1al\u00f3 que \u201cla nueva educaci\u00f3n debe inventar nuevos m\u00e9todos de ense\u00f1anza, basados en nuevas l\u00f3gicas. La antigua l\u00f3gica cl\u00e1sica, binaria, la del \u2018s\u00ed\u2019 y del \u2018no\u2019, del tercer excluido, ya no es v\u00e1lida en el contexto de la complejidad\u201d. (www.uv.mx\/universo\/347\/central\/central.htm y www.uv.mx\/universo\/461\/central\/central.html)<\/p>\n<p><strong>Ernesto Cardenal y Eduardo Galeano<\/strong><br \/>\nEl poeta nicarag\u00fcense y el escritor uruguayo hicieron una defensa de los valores humanos, de la justicia, la cr\u00edtica y la libertad durante la ceremonia en que esta casa de estudios les otorg\u00f3 el Doctorado Honoris Causa.<\/p>\n<p>\u201cTambi\u00e9n esta Universidad es casa de los dioses. La fervorosa electricidad de sus estudiantes confirma el origen de la palabra entusiasmo y yo puedo dar fe\u201d, sostuvo Galeano.<\/p>\n<p>A su vez, Cardenal habl\u00f3 sobre el v\u00ednculo que lo une a nuestro pa\u00eds, donde public\u00f3 sus primeros poemas y realiz\u00f3 sus estudios universitarios: \u201cNo soy hombre de muchas patrias, s\u00f3lo tengo estas dos\u201d, Nicaragua y M\u00e9xico. (www.uv.mx\/universo\/351\/central\/central.htm)<\/p>\n<div id=\"attachment_8247\" style=\"width: 144px\" class=\"wp-caption alignright\"><a href=\"https:\/\/www.uv.mx\/universo\/files\/2015\/06\/580-infgral-018.jpg\"><img aria-describedby=\"caption-attachment-8247\" decoding=\"async\" loading=\"lazy\" class=\"size-full wp-image-8247\" src=\"https:\/\/www.uv.mx\/universo\/files\/2015\/06\/580-infgral-018.jpg\" alt=\"Ernesto Cardenal\" width=\"134\" height=\"200\" \/><\/a><p id=\"caption-attachment-8247\" class=\"wp-caption-text\">Ernesto Cardenal<\/p><\/div>\n<div id=\"attachment_8248\" style=\"width: 144px\" class=\"wp-caption alignright\"><a href=\"https:\/\/www.uv.mx\/universo\/files\/2015\/06\/580-infgral-019.jpg\"><img aria-describedby=\"caption-attachment-8248\" decoding=\"async\" loading=\"lazy\" class=\"size-full wp-image-8248\" src=\"https:\/\/www.uv.mx\/universo\/files\/2015\/06\/580-infgral-019.jpg\" alt=\"Eduardo Galeano\" width=\"134\" height=\"200\" \/><\/a><p id=\"caption-attachment-8248\" class=\"wp-caption-text\">Eduardo Galeano<\/p><\/div>\n<div id=\"attachment_8246\" style=\"width: 127px\" class=\"wp-caption alignright\"><a href=\"https:\/\/www.uv.mx\/universo\/files\/2015\/06\/580-infgral-017.jpg\"><img aria-describedby=\"caption-attachment-8246\" decoding=\"async\" loading=\"lazy\" class=\"size-full wp-image-8246\" src=\"https:\/\/www.uv.mx\/universo\/files\/2015\/06\/580-infgral-017.jpg\" alt=\"Larry Young\" width=\"117\" height=\"200\" \/><\/a><p id=\"caption-attachment-8246\" class=\"wp-caption-text\">Larry Young<\/p><\/div>\n<p><strong>Larry Young<\/strong><br \/>\nEl bioqu\u00edmico estadounidense, distinguido con la Medalla al M\u00e9rito UV, ha dedicado su vida a comprender la relaci\u00f3n entre genes, cerebro y conducta, a partir de investigaciones que se centran en el estudio de los procesos bioqu\u00edmicos. Antes de recibir la presea, en entrevista con Universo, destac\u00f3: \u201cComprender la evoluci\u00f3n nos puede llevar a la cura de enfermedades que se han hecho m\u00e1s evidentes en los \u00faltimos a\u00f1os. Nuestra investigaci\u00f3n busca incidir en la soluci\u00f3n de enfermedades como el autismo, porque lo que hemos descubierto servir\u00e1 para el tratamiento de \u00e9sta<br \/>\ny otras enfermedades\u201d. (www.uv.mx\/universo\/370\/filu\/filu_21.htm)<\/p>\n","protected":false},"excerpt":{"rendered":"<p>Desde su nacimiento, el 30 de octubre de 2000, no s\u00f3lo ha dado cuenta del acontecer universitario, tambi\u00e9n ha registrado la opini\u00f3n de connotados especialistas en diversas disciplinas, cuyas aportaciones han sido reconocidas por nuestra casa de estudios.<\/p>\n\r\n<div class=\"seriesmeta\">Contenido 15 de 46 del n\u00famero <a href=\"https:\/\/www.uv.mx\/universo\/numero\/580\/\" class=\"series-354\" title=\"580\">580<\/a><\/div>","protected":false},"author":1668,"featured_media":0,"comment_status":"closed","ping_status":"closed","sticky":false,"template":"","format":"standard","meta":[],"categories":[1],"tags":[],"series":[354],"_links":{"self":[{"href":"https:\/\/www.uv.mx\/universo\/wp-json\/wp\/v2\/posts\/8261"}],"collection":[{"href":"https:\/\/www.uv.mx\/universo\/wp-json\/wp\/v2\/posts"}],"about":[{"href":"https:\/\/www.uv.mx\/universo\/wp-json\/wp\/v2\/types\/post"}],"author":[{"embeddable":true,"href":"https:\/\/www.uv.mx\/universo\/wp-json\/wp\/v2\/users\/1668"}],"replies":[{"embeddable":true,"href":"https:\/\/www.uv.mx\/universo\/wp-json\/wp\/v2\/comments?post=8261"}],"version-history":[{"count":0,"href":"https:\/\/www.uv.mx\/universo\/wp-json\/wp\/v2\/posts\/8261\/revisions"}],"wp:attachment":[{"href":"https:\/\/www.uv.mx\/universo\/wp-json\/wp\/v2\/media?parent=8261"}],"wp:term":[{"taxonomy":"category","embeddable":true,"href":"https:\/\/www.uv.mx\/universo\/wp-json\/wp\/v2\/categories?post=8261"},{"taxonomy":"post_tag","embeddable":true,"href":"https:\/\/www.uv.mx\/universo\/wp-json\/wp\/v2\/tags?post=8261"},{"taxonomy":"series","embeddable":true,"href":"https:\/\/www.uv.mx\/universo\/wp-json\/wp\/v2\/series?post=8261"}],"curies":[{"name":"wp","href":"https:\/\/api.w.org\/{rel}","templated":true}]}}