{"id":8535,"date":"2015-08-03T07:59:48","date_gmt":"2015-08-03T12:59:48","guid":{"rendered":"https:\/\/www.uv.mx\/universo\/?p=8535"},"modified":"2015-08-17T18:27:40","modified_gmt":"2015-08-17T23:27:40","slug":"movilidad-estudiantil-fortaleza-de-la-uv","status":"publish","type":"post","link":"https:\/\/www.uv.mx\/universo\/destacadas\/movilidad-estudiantil-fortaleza-de-la-uv\/","title":{"rendered":"Movilidad estudiantil, fortaleza de la UV"},"content":{"rendered":"<div class=\"seriesmeta noshow\">Contenido 12 de 32 del n\u00famero <a href=\"https:\/\/www.uv.mx\/universo\/numero\/605\/\" class=\"series-355\" title=\"605\">605<\/a><\/div>\r\n<div id=\"attachment_8886\" style=\"width: 945px\" class=\"wp-caption aligncenter\"><a href=\"https:\/\/www.uv.mx\/universo\/files\/2015\/08\/605-centrales.jpg\"><img aria-describedby=\"caption-attachment-8886\" decoding=\"async\" loading=\"lazy\" class=\"size-full wp-image-8886\" src=\"https:\/\/www.uv.mx\/universo\/files\/2015\/08\/605-centrales.jpg\" alt=\"Estudiantes de movilidad en la Unidad de Artes\" width=\"935\" height=\"340\" srcset=\"https:\/\/www.uv.mx\/universo\/files\/2015\/08\/605-centrales.jpg 935w, https:\/\/www.uv.mx\/universo\/files\/2015\/08\/605-centrales-300x109.jpg 300w\" sizes=\"(max-width: 935px) 100vw, 935px\" \/><\/a><p id=\"caption-attachment-8886\" class=\"wp-caption-text\">Estudiantes de movilidad en la Unidad de Artes<\/p><\/div>\n<p>&nbsp;<\/p>\n<p><em>Alumnos provenientes de Zacatecas, Jalisco, Chihuahua y Colombia agradecieron el apoyo del programa de movilidad<\/em><\/p>\n<p><em>Durante la estancia de movilidad, la UV ofrece la posibilidad de ejercer en el \u00e1rea de formaci\u00f3n<\/em><\/p>\n<p><span style=\"font-size: 8pt\"><strong>David Sandoval Rodr\u00edguez<\/strong><\/span><\/p>\n<p>Estudiantes de instituciones superiores nacionales y extranjeras, particularmente del \u00e1rea acad\u00e9mica de artes, han encontrado en la Universidad Veracruzana (UV) oportunidades y una oferta educativa que ampl\u00eda su formaci\u00f3n, as\u00ed como un acompa\u00f1amiento constante de la dependencia para cuidar su estancia en la capital veracruzana.<\/p>\n<p>Previo a finalizar el ciclo escolar febrero-junio 2015, universitarios de M\u00e9xico y Colombia conversaron con Universo sobre su experiencia dentro del programa de movilidad de la m\u00e1xima casa de estudios de Veracruz.<\/p>\n<p>Cristina Silva Jim\u00e9nez, estudiante de la Licenciatura en M\u00fasica, originaria de la Universidad Aut\u00f3noma de Zacatecas (UAZ), extendi\u00f3 por un semestre m\u00e1s su estancia en la UV por la calidad de sus profesores.<\/p>\n<p>\u201cDecid\u00ed extenderla porque estoy muy a gusto con los maestros que tengo, es la primera vez que salgo de mi universidad, este semestre me grad\u00fao y lo har\u00e9 aqu\u00ed\u201d, coment\u00f3. \u201cVine para ac\u00e1 porque en el norte del pa\u00eds es muy famosa la Universidad Veracruzana, en particular la Facultad de Artes como una de las m\u00e1s antiguas del pa\u00eds y tiene mucho prestigio, incluso muchos de mis maestros se graduaron aqu\u00ed al ser durante a\u00f1os la \u00fanica Facultad de M\u00fasica en M\u00e9xico, y otros tantos tienen v\u00ednculos con esta Universidad de una u otra forma\u201d.<\/p>\n<p>Relat\u00f3 que fueron sus propios profesores quienes le recomendaron que aplicara para la estancia de movilidad en la UV \u201cy mi sorpresa fue tremendamente grata, hay cosas buenas y malas, pero sin duda las primeras son m\u00e1s\u201d.<\/p>\n<p>Consider\u00f3 que es bueno salir de su zona de confort, dejar a la familia y amigos por un tiempo, \u201ces una forma de despertar al ambiente que rodea a la formaci\u00f3n, aunado a las diferencias entre las culturas del norte y del sur del pa\u00eds\u201d.<\/p>\n<p>Silva Jim\u00e9nez consider\u00f3 que la gran diferencia que existe entre la Unidad de Artes de la UV y otras instituciones \u201ces que todos sus programas ya est\u00e1n consolidados y en un mismo lugar. A m\u00ed me sorprendi\u00f3 mucho la primera vez que entr\u00e9, ver bailarines, personas dibujando, todos tomando clases profesionales y no talleres como en el resto del pa\u00eds\u201d.<\/p>\n<p>Asimismo recalc\u00f3 el apoyo que otorga el programa de movilidad en la UV, \u201cno es por hacer comercial pero ellos te apoyan, da mucho miedo porque vienes a un lugar completamente diferente, pero desde el primer momento que se comunican contigo dan mucha confianza, yo me sent\u00ed como en casa\u201d.<\/p>\n<p>De regreso a la UAZ consider\u00f3 que hay dos razones primordiales por las que podr\u00eda recomendar a la UV: la primera, es que recibe a muchos estudiantes del pa\u00eds y de todo el mundo; la segunda, la Universidad y la ciudad ofrecen una posibilidad que pocos lugares tienen, la posibilidad de ejercer realmente en lo que se forman.<\/p>\n<p>\u201cEs muy raro encontrar en el pa\u00eds una orquesta de guitarras donde te puedas formar y trabajar en ello, no existe; durante muchos a\u00f1os la Orquesta de Guitarras fue la \u00fanica en el mundo, entonces al llegar aqu\u00ed y ver gente compitiendo por un lugar, te das cuenta que se puede hacer.\u201d<\/p>\n<p><strong>Cuenta con prestigio a nivel latinoamericano<\/strong><br \/>\nFabi\u00e1n Losada Rojas, de la Universidad de Caldas, Colombia, asisti\u00f3 a la Facultad de Teatro en su segundo periodo de movilidad y opt\u00f3 por la UV por el componente de investigaci\u00f3n que ofrece ya que su primer periodo lo curs\u00f3 en la Universidad Nacional Aut\u00f3noma de M\u00e9xico (UNAM).<\/p>\n<p>\u201cLa UV tiene muy buenos profesores, eso me llam\u00f3 mucho la atenci\u00f3n porque el enfoque profesional que le estoy dando a mi trabajo es la investigaci\u00f3n sobre los fen\u00f3menos teatrales y culturales, qu\u00e9 sucede cuando se presenta un espect\u00e1culo cultural, \u00e9sa fue la idea que me hizo venir a la Veracruzana y sobre todo el prestigio que tiene a nivel Latinoam\u00e9rica; aqu\u00ed se han formado importantes actores y directores que de alguna u otra forma he podido conocer en distintos festivales internacionales.\u201d<\/p>\n<p>Cuando tuvo el inter\u00e9s por venir recibi\u00f3 atenci\u00f3n pronta, adem\u00e1s de un acompa\u00f1amiento y apoyo por parte del director de la Facultad, Nerio Gonz\u00e1lez Morales. \u201cLas autoridades no me conoc\u00edan y me sorprendi\u00f3 mucho que me escribieran de manera personal\u201d, observ\u00f3.<\/p>\n<p>Explic\u00f3 que el ambiente teatral en Colombia es distinto a M\u00e9xico, que es m\u00e1s investigativo, donde hay que indagar y experimentar, lo que hizo superar sus expectativas. \u201cEncontrarme con profesores tan buenos y que hab\u00eda le\u00eddo en documentos, en revistas, y ahora tenerlos frente a frente, es importante y retroalimenta mucho mi formaci\u00f3n porque no estoy trabajando sobre reinterpretaciones de los textos sino con fuentes de primera mano; la proyecci\u00f3n en congresos, simposios, festivales, donde siempre est\u00e1 el logo de la Universidad Veracruzana y la Facultad de Teatro, me hace pensar que s\u00ed tom\u00e9 una buena decisi\u00f3n\u201d.<\/p>\n<p>Refiri\u00f3 que la capital veracruzana tiene un ambiente muy particular, con una cierta similitud a Manizales, su ciudad natal. \u201cEn Xalapa el ambiente es de f\u00e1cil acceso al estudiante y la movilidad cultural es constante y din\u00e1mica\u201d.<\/p>\n<p>La UV es perfecta para hacer una pr\u00e1ctica profesional, apunt\u00f3, en primer lugar porque existe un ambiente universitario muy variado, los retos son amplios y la formaci\u00f3n que ofrecen permite conocer otras formas de trabajo y los acad\u00e9micos apoyan la formaci\u00f3n.<\/p>\n<p>Mauricio Ardila Obando, de la Licenciatura en Artes Visuales de la Universidad de Caldas, Colombia, coment\u00f3 que su enfoque al tomar la decisi\u00f3n de dirigirse a otro pa\u00eds fue con la intenci\u00f3n de conocer c\u00f3mo son las artes pl\u00e1sticas y visuales de Latinoam\u00e9rica, en donde destacan Argentina, M\u00e9xico y Brasil.<\/p>\n<p>Fue un egresado de la UV, Jos\u00e9 Manuel Morelos, quien visit\u00f3 Colombia y gener\u00f3 el inter\u00e9s del joven por acercarse a la instituci\u00f3n. \u201cMe di cuenta que iba de la Universidad Veracruzana y entonces tom\u00e9 esa decisi\u00f3n de conocer m\u00e1s, investigu\u00e9 un poco acerca de la Facultad y me dieron muy buenas referencias de c\u00f3mo trabajaba la gente ac\u00e1 y no lo pens\u00e9 mucho\u201d.<\/p>\n<p>Explic\u00f3 que su forma de trabajar no est\u00e1 tan ligada a los procesos que se usan en M\u00e9xico, como el cartel o la serigraf\u00eda, precisamente por ello su intenci\u00f3n era conocer otras formas de trabajo y otro contexto dentro de las artes pl\u00e1sticas.<\/p>\n<p>Una compa\u00f1era de universidad que hab\u00eda visitado la UV le dijo que las ciudades se parec\u00edan mucho en el clima y en la orograf\u00eda, \u201cquiz\u00e1 por eso vine y encontr\u00e9 tambi\u00e9n que ten\u00edan sus diferencias que eran muchas, as\u00ed como entablar relaciones con todos los compa\u00f1eros de movilidad donde encuentras espa\u00f1oles y argentinos, que enriquecen todo este proceso\u201d.<\/p>\n<p>La formaci\u00f3n entre ambas universidades es diferente, apunt\u00f3, \u201clo bueno que tiene la UV y Xalapa es que brindan varios espacios para la exposici\u00f3n que mi ciudad no tiene, aqu\u00ed los estudiantes producen y tienen espacios donde pueden mostrar su trabajo\u201d.<\/p>\n<p>Agreg\u00f3 que el recibimiento que le brind\u00f3 la UV ha sido grato porque recibi\u00f3 amabilidad y un trato familiar desde la Direcci\u00f3n General de Relaciones Internacionales (DGRI), donde estuvieron muy pendientes de su estancia en la capital, \u201ces una idea de universidad m\u00e1s de familia que de gente que entra y sale\u201d.<\/p>\n<p><strong>Destacaron el trato amable y personalizado<\/strong><br \/>\nAlejandro Carrillo Pastrana, alumno de la Licenciatura en M\u00fasica con especialidad en Canto de la Universidad Aut\u00f3noma de Ciudad Ju\u00e1rez (UACJ), decidi\u00f3 cursar su primer semestre de movilidad en la Facultad de M\u00fasica.<\/p>\n<p>\u201cEn todo el pa\u00eds, pero sobre todo en el norte, tiene muy buena fama la Facultad de M\u00fasica de la UV, no s\u00f3lo por sus maestros y su programa, ya que de aqu\u00ed han egresado cantantes de gran prestigio como Javier Camarena, entonces se ha hecho de buena reputaci\u00f3n, adem\u00e1s hay varios amigos de mi ciudad que estudian y me recomendaron mucho venir.\u201d<\/p>\n<p>En ese sentido, a\u00f1adi\u00f3, a su familia le pareci\u00f3 id\u00f3neo que realizara aqu\u00ed su estancia de movilidad y agradeci\u00f3 su apoyo. Para \u00e9l, lo m\u00e1s importante fue el trato amable que recibi\u00f3 en todas partes \u201clo cual enriquece a uno; la comida es diferente y lo que m\u00e1s me agrad\u00f3 es lo que he aprendido, he llegado a subir mi nivel y los contactos que he hecho la convierten en una muy grata experiencia\u201d.<\/p>\n<p>Mencion\u00f3 especialmente el trato brindado por los integrantes del programa de movilidad, al que calific\u00f3 como muy cercano y familiar, inclusive distinto al de su propia universidad. \u201cAqu\u00ed me a ayudado, me hablan de t\u00fa, all\u00e1 reciben los papeles y los entregan nada m\u00e1s\u201d.<\/p>\n<div id=\"attachment_8513\" style=\"width: 360px\" class=\"wp-caption alignright\"><a href=\"https:\/\/www.uv.mx\/universo\/files\/2015\/08\/025.jpg\"><img aria-describedby=\"caption-attachment-8513\" decoding=\"async\" loading=\"lazy\" class=\"wp-image-8513 size-full\" src=\"https:\/\/www.uv.mx\/universo\/files\/2015\/08\/025.jpg\" alt=\"La U. de Caldas mantiene vinculac\u00f3n constante con la Veracruzana\" width=\"350\" height=\"232\" \/><\/a><p id=\"caption-attachment-8513\" class=\"wp-caption-text\">La U. de Caldas mantiene vinculac\u00f3n constante con la Veracruzana<\/p><\/div>\n<p>En cuanto a los compa\u00f1eros, subray\u00f3 el inter\u00e9s que manifiestan por los estudiantes visitantes y c\u00f3mo buscan socializar con ellos, a lo que se suman los profesores, como su maestra de canto, Guadalupe Colorado, quien le apoy\u00f3 en la creaci\u00f3n de contactos y en la formaci\u00f3n profesional.<\/p>\n<p>Dijo adem\u00e1s que el grupo de movilidad se convirti\u00f3 en su familia durante estos meses y con el acompa\u00f1amiento del personal tuvieron experiencias muy diversas m\u00e1s all\u00e1 del aula.<\/p>\n<p>Carrillo Pastrana manifest\u00f3 que el programa educativo de la UV est\u00e1 consolidado y ofrece elementos que no se encuentran en otros lugares: \u201cHe visto programas de varias facultades de m\u00fasica y puedo decir que la de aqu\u00ed es de las mejores del pa\u00eds, siempre voy a recomendar a la Universidad Veracruzana\u201d.<\/p>\n<p>Relat\u00f3 su participaci\u00f3n como refuerzo en el Coro de la UV para el concierto que dio la Orquesta Sinf\u00f3nica de Xalapa (OSX) del Requiem de Johannes Brahms, que le permiti\u00f3 subir al escenario en la sala de conciertos Tlaqn\u00e1.<\/p>\n<p>\u201cEs una experiencia muy grande, all\u00e1 tenemos la sala Paso del Norte, pero estar en un lugar como \u00e9ste es mayor, no cre\u00ed que yo, que llegu\u00e9 a estudiar, participara en el concierto, fue una experiencia \u00fanica.\u201d<\/p>\n<p>Por su parte, Sarai Evangelina Esparza Alba, alumna de la Universidad de Guadalajara, realiz\u00f3 su estancia en la Facultad de Teatro. \u201cInvestigu\u00e9 el programa educativo de la UV en cuanto a direcci\u00f3n y actuaci\u00f3n, descubr\u00ed que ten\u00eda materias de direcci\u00f3n m\u00e1s completas que en la U de G, por eso decid\u00ed venir\u201d.<\/p>\n<p>Al llegar a la instituci\u00f3n se dio cuenta que la organizaci\u00f3n curricular es distinta a su facultad, en principio se desanim\u00f3 pero tuvo la oportunidad, al ser estudiante de movilidad, de tomar experiencias educativas tanto de actuaci\u00f3n\u00a0como de direcci\u00f3n. \u201cConocer a mis compa\u00f1eros que van para direcci\u00f3n y ver los distintos perfiles me ampli\u00f3 mucho m\u00e1s el panorama; estoy muy contenta de haber podido tomar estos dos perfiles y que opere de esta manera\u201d.<\/p>\n<p>Coment\u00f3 que lo m\u00e1s dif\u00edcil fue acudir a las clases de ambos perfiles, sin embargo logr\u00f3 la integraci\u00f3n de las experiencias educativas y con la ayuda del cuerpo directivo de la Facultad fue posible acomodar los horarios y su compatibilidad con el programa educativo de su universidad.<\/p>\n<p>Su convivencia con los estudiantes de movilidad se manifest\u00f3 con el inter\u00e9s de conocer mutuamente las motivaciones y las distintas formas de ense\u00f1anza que cada una de las universidades ofrece; en particular, los alumnos de la UV estuvieron muy interesados por conocer la escena universitaria en Guadalajara.<\/p>\n<p>En su opini\u00f3n, lo m\u00e1s valioso que pueden encontrar los estudiantes de teatro que se interesen por realizar una estancia de movilidad son los programas de actuaci\u00f3n, \u201cson muy interesantes por la cantidad de materias que engloban, siempre y cuando tengan la idea presente de que son perfiles y se facilitan para los estudiantes de movilidad\u201d.<\/p>\n<p>Jonathan Gayt\u00e1n Arredondo, alumno de la Licenciatura en Danza de la Universidad de Guadalajara, eligi\u00f3 la UV porque le fue recomendada por estudiantes que ya estaban en su estancia de movilidad.<\/p>\n<p>\u201cLa UV fue la primera universidad en M\u00e9xico en tener una Licenciatura en Danza Contempor\u00e1nea, por lo que mis maestros me la hab\u00edan recomendado; tiene un nivel muy bueno respecto a la t\u00e9cnica, cre\u00ed que no lo ten\u00edan en teor\u00eda pero lo tienen porque ven la pr\u00e1ctica tambi\u00e9n.\u201d<\/p>\n<p>En su estancia fue posible conocer diversas t\u00e9cnicas, tanto de entrenamiento del cuerpo como psicosom\u00e1ticas.<\/p>\n<p>El plan de estudios es similar al de la universidad jalisciense, donde abord\u00f3 la t\u00e9cnica Graham, aunque acept\u00f3 que fue complicado adaptarse a la t\u00e9cnica cl\u00e1sica. \u201cFue un poco complicado porque ten\u00eda como un a\u00f1o sin hacerlo, pero tambi\u00e9n es lo que me motiv\u00f3 a retomarlo, lo que te queda es ponerte las pilas para alcanzar el nivel, no fue complicado porque llevamos una t\u00e9cnica parecida\u201d.<\/p>\n<p>Relat\u00f3 que el profesor Miguel Rojas imparte una t\u00e9cnica que en su caso no conoc\u00eda, \u201cpero me ayud\u00f3 much\u00edsimo a crecer como persona y como ejecutante en el aspecto f\u00edsico pues requer\u00eda tambi\u00e9n agilidad mental; por suerte la generaci\u00f3n que me toc\u00f3 son mujeres y un var\u00f3n, son personas muy unidas y nos permitieron crecer, nos abrieron las puertas y logramos una conexi\u00f3n, por lo cual fue muy f\u00e1cil adaptarnos\u201d.<\/p>\n<p>Durante su estancia tuvo la oportunidad de asistir con su grupo al Encuentro Nacional de Danza, en abril pasado, en Torre\u00f3n, Coahuila, donde interpretaron una coreograf\u00eda del propio Miguel Rojas.<\/p>\n<p>\u201cPara m\u00ed en lo personal me ayud\u00f3 a cambiar y ponerme las pilas porque pens\u00e9: en Guadalajara no hay esta oportunidad, as\u00ed que hay que trabajar. Fue una experiencia gratificante, tom\u00e9 clase con otros profesores y me sirvi\u00f3 para aprender lo m\u00e1s que se pueda de todos\u201d.<\/p>\n<p>El personal de la UV siempre est\u00e1 al pendiente de la salud y de la estancia, brindan las facilidades para obtener un buen espacio donde vivir y cuando hay inter\u00e9s por visitar otros lugares est\u00e1n al pendiente de donde se encuentran, manifest\u00f3 el universitario.<\/p>\n<p><strong>Movilidad tambi\u00e9n beneficia a los programas educativos<\/strong><br \/>\nCarlos Torralba Ibarra, director de la Facultad de Artes Pl\u00e1sticas, coment\u00f3 que es un beneficio al 100 por ciento para la instituci\u00f3n recibir la visita de estudiantes provenientes de otras instituciones nacionales e internacionales, as\u00ed \u201cpodemos darnos cuenta qu\u00e9 est\u00e1n haciendo otras universidades y c\u00f3mo est\u00e1n conformados sus planes y programas de estudio\u201d.<\/p>\n<p>Un segundo aspecto donde se aportan beneficios es el hecho de que los estudiantes de la UV comienzan a establecer relaciones de colaboraci\u00f3n y de trabajo con sus pares. \u201cEn el arte se puede ver que es dif\u00edcil que un estudiante se atreva a buscar una exposici\u00f3n fuera del pa\u00eds o en el mismo territorio porque espera que la instituci\u00f3n le brinde esas posibilidades, nosotros as\u00ed lo hacemos, nuestras exposiciones colectivas van ligadas a los productos de nuestros estudiantes\u201d.<\/p>\n<p>La movilidad ha permitido a los alumnos establecer exposiciones colectivas, su participaci\u00f3n en concursos u otro tipo de eventos, recalc\u00f3, \u201cenriquece las relaciones entre estudiantes y brinda otra perspectiva a la Facultad, por ejemplo con la Universidad de Caldas, con una constante vinculaci\u00f3n e intercambio y ahora tenemos la posibilidad que uno de nuestros estudiantes realiza una curadur\u00eda para una exposici\u00f3n\u201d.<\/p>\n<p>Un tercer aspecto es el hecho de que sus estancias de movilidad brindan exposici\u00f3n a los programas acad\u00e9micos que ofrece la UV, algunos de ellos muy espec\u00edficos y \u201ccon nuestra amplitud de posibilidades les otorga a otras universidades la opci\u00f3n de integrarse de la mejor manera o buscar que sus estudiantes y acad\u00e9micos puedan establecer una relaci\u00f3n con nosotros\u201d.<\/p>\n<p>Es muy significativo el impulso a los programas de movilidad nacional e internacional porque se difunde el programa educativo, se difunden los logros obtenidos y se realizan trabajos colaborativos, asever\u00f3.<\/p>\n","protected":false},"excerpt":{"rendered":"<p>&nbsp; Alumnos provenientes de Zacatecas, Jalisco, Chihuahua y Colombia agradecieron el apoyo del programa de movilidad Durante la estancia de movilidad, la UV ofrece la posibilidad de ejercer en el \u00e1rea de formaci\u00f3n David Sandoval Rodr\u00edguez Estudiantes de instituciones superiores nacionales y extranjeras, particularmente del \u00e1rea acad\u00e9mica de artes, han encontrado en la Universidad Veracruzana [&hellip;]<\/p>\n\r\n<div class=\"seriesmeta\">Contenido 12 de 32 del n\u00famero <a href=\"https:\/\/www.uv.mx\/universo\/numero\/605\/\" class=\"series-355\" title=\"605\">605<\/a><\/div>","protected":false},"author":1664,"featured_media":8886,"comment_status":"closed","ping_status":"closed","sticky":false,"template":"","format":"standard","meta":[],"categories":[278,356],"tags":[],"series":[355],"_links":{"self":[{"href":"https:\/\/www.uv.mx\/universo\/wp-json\/wp\/v2\/posts\/8535"}],"collection":[{"href":"https:\/\/www.uv.mx\/universo\/wp-json\/wp\/v2\/posts"}],"about":[{"href":"https:\/\/www.uv.mx\/universo\/wp-json\/wp\/v2\/types\/post"}],"author":[{"embeddable":true,"href":"https:\/\/www.uv.mx\/universo\/wp-json\/wp\/v2\/users\/1664"}],"replies":[{"embeddable":true,"href":"https:\/\/www.uv.mx\/universo\/wp-json\/wp\/v2\/comments?post=8535"}],"version-history":[{"count":0,"href":"https:\/\/www.uv.mx\/universo\/wp-json\/wp\/v2\/posts\/8535\/revisions"}],"wp:featuredmedia":[{"embeddable":true,"href":"https:\/\/www.uv.mx\/universo\/wp-json\/wp\/v2\/media\/8886"}],"wp:attachment":[{"href":"https:\/\/www.uv.mx\/universo\/wp-json\/wp\/v2\/media?parent=8535"}],"wp:term":[{"taxonomy":"category","embeddable":true,"href":"https:\/\/www.uv.mx\/universo\/wp-json\/wp\/v2\/categories?post=8535"},{"taxonomy":"post_tag","embeddable":true,"href":"https:\/\/www.uv.mx\/universo\/wp-json\/wp\/v2\/tags?post=8535"},{"taxonomy":"series","embeddable":true,"href":"https:\/\/www.uv.mx\/universo\/wp-json\/wp\/v2\/series?post=8535"}],"curies":[{"name":"wp","href":"https:\/\/api.w.org\/{rel}","templated":true}]}}