{"id":8541,"date":"2015-08-03T07:59:30","date_gmt":"2015-08-03T12:59:30","guid":{"rendered":"https:\/\/www.uv.mx\/universo\/?p=8541"},"modified":"2015-08-17T17:47:50","modified_gmt":"2015-08-17T22:47:50","slug":"oportunidades-iguales-para-todos","status":"publish","type":"post","link":"https:\/\/www.uv.mx\/universo\/ingreso-2015\/oportunidades-iguales-para-todos\/","title":{"rendered":"Oportunidades iguales para todos"},"content":{"rendered":"<div class=\"seriesmeta noshow\">Contenido 30 de 32 del n\u00famero <a href=\"https:\/\/www.uv.mx\/universo\/numero\/605\/\" class=\"series-355\" title=\"605\">605<\/a><\/div>\r\n<p>La Universidad Veracruzana desarrolla diversas estrategias con el prop\u00f3sito de contar con las condiciones apropiadas para que las personas con discapacidad tengan las mismas oportunidades de ingreso para cursar una carrera universitaria.<\/p>\n<p>En total apego a su compromiso social, la Universidad Veracruzana, a trav\u00e9s del Programa Universitario para la Inclusi\u00f3n e Integraci\u00f3n de Personas con Discapacidad (PIIP), incorpora las siguientes l\u00edneas:<\/p>\n<p>Trabajo con personal docente. El objetivo es proporcionar a los acad\u00e9micos las herramientas que les faciliten el proceso de ense\u00f1anza-aprendizaje con estudiantes con discapacidad. Junto con la Facultad de Estad\u00edstica e Inform\u00e1tica, el PIIP ha conformado un equipo de trabajo multidisciplinario para crear la distribuci\u00f3n del software Halconix para discapacidad visual, que apoya a estudiantes ciegos y d\u00e9biles visuales para que sin problemas hagan uso de una computadora.<\/p>\n<p>Trabajo con personal administrativo. Est\u00e1 dirigido concretamente al personal bibliotecario, al que se sensibiliza y capacita en estrategias de orientaci\u00f3n y apoyo a las personas con discapacidad.<\/p>\n<p>Trabajo con estudiantes. Los alumnos con o sin discapacidad pueden cursar la experiencia educativa \u201cTrascendiendo la Discapacidad\u201d, en la que llevan a cabo exposiciones, talleres y visitas a instituciones que atiendan a la poblaci\u00f3n con discapacidad; posteriormente realizan propuestas de inclusi\u00f3n desde su \u00e1rea de formaci\u00f3n.<\/p>\n<p>Seguimiento acad\u00e9mico. Con el apoyo de los maestros, tutores y padres de familia, se acompa\u00f1a la trayectoria de cada estudiante con discapacidad para favorecer su ingreso, permanencia y egreso de la Universidad.<\/p>\n<p>Accesibilidad. Para atender el ingreso de estudiantes con discapacidad a la Universidad, se desarrollaron las versiones accesibles de la convocatoria y del examen de ingreso para personas con discapacidad visual, que se aplicaron en el reciente proceso de admisi\u00f3n.<\/p>\n<p>Tutor\u00eda para la discapacidad. Ofrece la gu\u00eda \u201cApoyo a estudiantes con discapacidad desde la tutor\u00eda\u201d, en la que se establecen algunas consideraciones que debe tomar en cuenta el tutor que asesore a un estudiante con discapacidad.<\/p>\n<p>Gu\u00eda del Estudiante. Como figura hom\u00f3loga de la l\u00ednea anterior, se ofrece al estudiante con discapacidad la \u201cGu\u00eda del Estudiante\u201d, recurso interactivo que funciona en Internet que brinda informaci\u00f3n diferenciada sobre el modelo educativo institucional, tutor\u00edas, programas becas y servicios estudiantiles. Los alumnos pueden acceder a este recurso a trav\u00e9s de MiUV.<\/p>\n<p>Discapacidad, consumo de alcohol y otras drogas. Con el cuerpo acad\u00e9mico Drogas y Adicciones: Un Enfoque Multidisciplinario se trabaja esta l\u00ednea de investigaci\u00f3n, con el objetivo de explorar el consumo de drogas como factor de riesgo para la discapacidad entre la poblaci\u00f3n estudiantil.<\/p>\n<p>Ponte en contacto con el PIIP:<\/p>\n<p>Alma de los \u00c1ngeles Cruz Ju\u00e1rez: incluyente0709@gmail.com<\/p>\n<p>Mar\u00eda Elena D\u00edaz Le\u00f3n: elediaz@uv.mx<\/p>\n<p>Yadira Izbeth Garrido Tapia: igarrido@uv.mx<\/p>\n<p>Mar\u00eda del \u00c1ngel Chimal Barr\u00e1n: achimal@uv.mx<\/p>\n<p>Oficinas: Tuxpan n\u00famero 29, Fraccionamiento Veracruz<br \/>\nTel\u00e9fono: (228) 8434467<br \/>\nWeb: https:\/\/www.uv.mx\/piip<br \/>\nFacebook: \/PIIP.UV<\/p>\n","protected":false},"excerpt":{"rendered":"<p>La Universidad Veracruzana desarrolla diversas estrategias con el prop\u00f3sito de contar con las condiciones apropiadas para que las personas con discapacidad tengan las mismas oportunidades de ingreso para cursar una carrera universitaria. En total apego a su compromiso social, la Universidad Veracruzana, a trav\u00e9s del Programa Universitario para la Inclusi\u00f3n e Integraci\u00f3n de Personas con [&hellip;]<\/p>\n\r\n<div class=\"seriesmeta\">Contenido 30 de 32 del n\u00famero <a href=\"https:\/\/www.uv.mx\/universo\/numero\/605\/\" class=\"series-355\" title=\"605\">605<\/a><\/div>","protected":false},"author":1664,"featured_media":4918,"comment_status":"closed","ping_status":"closed","sticky":false,"template":"","format":"standard","meta":[],"categories":[356],"tags":[],"series":[355],"_links":{"self":[{"href":"https:\/\/www.uv.mx\/universo\/wp-json\/wp\/v2\/posts\/8541"}],"collection":[{"href":"https:\/\/www.uv.mx\/universo\/wp-json\/wp\/v2\/posts"}],"about":[{"href":"https:\/\/www.uv.mx\/universo\/wp-json\/wp\/v2\/types\/post"}],"author":[{"embeddable":true,"href":"https:\/\/www.uv.mx\/universo\/wp-json\/wp\/v2\/users\/1664"}],"replies":[{"embeddable":true,"href":"https:\/\/www.uv.mx\/universo\/wp-json\/wp\/v2\/comments?post=8541"}],"version-history":[{"count":0,"href":"https:\/\/www.uv.mx\/universo\/wp-json\/wp\/v2\/posts\/8541\/revisions"}],"wp:featuredmedia":[{"embeddable":true,"href":"https:\/\/www.uv.mx\/universo\/wp-json\/wp\/v2\/media\/4918"}],"wp:attachment":[{"href":"https:\/\/www.uv.mx\/universo\/wp-json\/wp\/v2\/media?parent=8541"}],"wp:term":[{"taxonomy":"category","embeddable":true,"href":"https:\/\/www.uv.mx\/universo\/wp-json\/wp\/v2\/categories?post=8541"},{"taxonomy":"post_tag","embeddable":true,"href":"https:\/\/www.uv.mx\/universo\/wp-json\/wp\/v2\/tags?post=8541"},{"taxonomy":"series","embeddable":true,"href":"https:\/\/www.uv.mx\/universo\/wp-json\/wp\/v2\/series?post=8541"}],"curies":[{"name":"wp","href":"https:\/\/api.w.org\/{rel}","templated":true}]}}