{"id":8545,"date":"2015-08-03T07:59:28","date_gmt":"2015-08-03T12:59:28","guid":{"rendered":"https:\/\/www.uv.mx\/universo\/?p=8545"},"modified":"2015-08-17T17:47:50","modified_gmt":"2015-08-17T22:47:50","slug":"la-universidad-potencia-las-capacidades-de-sus-estudiantes-jose-carballal","status":"publish","type":"post","link":"https:\/\/www.uv.mx\/universo\/ingreso-2015\/la-universidad-potencia-las-capacidades-de-sus-estudiantes-jose-carballal\/","title":{"rendered":"La Universidad potencia las capacidades de sus estudiantes: Jos\u00e9 Carballal"},"content":{"rendered":"<div class=\"seriesmeta noshow\">Contenido 32 de 32 del n\u00famero <a href=\"https:\/\/www.uv.mx\/universo\/numero\/605\/\" class=\"series-355\" title=\"605\">605<\/a><\/div>\r\n<p><em><a href=\"https:\/\/www.uv.mx\/universo\/files\/2015\/08\/029.jpg\"><img decoding=\"async\" loading=\"lazy\" class=\"alignright size-full wp-image-8517\" src=\"https:\/\/www.uv.mx\/universo\/files\/2015\/08\/029.jpg\" alt=\"029\" width=\"250\" height=\"334\" \/><\/a>\u00abNo sab\u00eda que pod\u00eda entrar a la universidad, pero un d\u00eda me decid\u00ed, me prepar\u00e9 para el examen y logr\u00e9 entrar\u201d<\/em><\/p>\n<p><span style=\"font-size: 8pt\"><strong>Adriana Vivanco<\/strong><\/span><\/p>\n<p>Jos\u00e9 Dirceu Carballal Meunier, estudiante del s\u00e9ptimo semestre de la Facultad de Historia y beneficiario del PIIP, comparti\u00f3 episodios de su vida con el fin de demostrar que todo se puede lograr si se tiene decisi\u00f3n.<\/p>\n<p>\u201cTengo un problema de aprendizaje relacionado con la motricidad fina, eso hizo que me costara mucho trabajo salir adelante en la educaci\u00f3n b\u00e1sica. No puedo ir al ritmo de los dem\u00e1s, pero en este camino he aprendido que todos tenemos distintos tiempos y maneras de aprender, no todos somos iguales y potenciar eso \u2013en vez de ser un problema\u2013 puede ser una oportunidad para enriquecer cualquier proceso de aprendizaje\u201d.<\/p>\n<p>Jos\u00e9 Dirceu coment\u00f3 que debido al rechazo que sufri\u00f3 en la educaci\u00f3n b\u00e1sica y en el nivel medio superior, tuvo que dejar de estudiar cinco a\u00f1os: \u201cNo sab\u00eda que pod\u00eda entrar a la Universidad, pero un d\u00eda me decid\u00ed, me prepar\u00e9 para el examen y logr\u00e9 entrar. Cuando llegu\u00e9, la gente del PIIP me busc\u00f3 y desde entonces me ha apoyado con asesor\u00edas y ha buscado que los acad\u00e9micos de mi Facultad se sensibilicen y me apoyen para que pueda ser evaluado de acuerdo a mis capacidades.\u201dA trav\u00e9s del PIIP las personas con problemas como los nuestros pueden seguir estudiando y, como el resto de las personas, tener oportunidad de ser profesionistas.\u201d<\/p>\n<p>Por \u00faltimo, coment\u00f3 que su mayor deseo es trabajar en alguna entidad p\u00fablica o privada, en la que se manejen archivos hist\u00f3ricos, para trabajar de primera mano con documentos relacionados con los inmigrantes en nuestro pa\u00eds.<\/p>\n","protected":false},"excerpt":{"rendered":"<p>\u00abNo sab\u00eda que pod\u00eda entrar a la universidad, pero un d\u00eda me decid\u00ed, me prepar\u00e9 para el examen y logr\u00e9 entrar\u201d Adriana Vivanco Jos\u00e9 Dirceu Carballal Meunier, estudiante del s\u00e9ptimo semestre de la Facultad de Historia y beneficiario del PIIP, comparti\u00f3 episodios de su vida con el fin de demostrar que todo se puede lograr [&hellip;]<\/p>\n\r\n<div class=\"seriesmeta\">Contenido 32 de 32 del n\u00famero <a href=\"https:\/\/www.uv.mx\/universo\/numero\/605\/\" class=\"series-355\" title=\"605\">605<\/a><\/div>","protected":false},"author":1664,"featured_media":0,"comment_status":"closed","ping_status":"closed","sticky":false,"template":"","format":"standard","meta":[],"categories":[356],"tags":[],"series":[355],"_links":{"self":[{"href":"https:\/\/www.uv.mx\/universo\/wp-json\/wp\/v2\/posts\/8545"}],"collection":[{"href":"https:\/\/www.uv.mx\/universo\/wp-json\/wp\/v2\/posts"}],"about":[{"href":"https:\/\/www.uv.mx\/universo\/wp-json\/wp\/v2\/types\/post"}],"author":[{"embeddable":true,"href":"https:\/\/www.uv.mx\/universo\/wp-json\/wp\/v2\/users\/1664"}],"replies":[{"embeddable":true,"href":"https:\/\/www.uv.mx\/universo\/wp-json\/wp\/v2\/comments?post=8545"}],"version-history":[{"count":0,"href":"https:\/\/www.uv.mx\/universo\/wp-json\/wp\/v2\/posts\/8545\/revisions"}],"wp:attachment":[{"href":"https:\/\/www.uv.mx\/universo\/wp-json\/wp\/v2\/media?parent=8545"}],"wp:term":[{"taxonomy":"category","embeddable":true,"href":"https:\/\/www.uv.mx\/universo\/wp-json\/wp\/v2\/categories?post=8545"},{"taxonomy":"post_tag","embeddable":true,"href":"https:\/\/www.uv.mx\/universo\/wp-json\/wp\/v2\/tags?post=8545"},{"taxonomy":"series","embeddable":true,"href":"https:\/\/www.uv.mx\/universo\/wp-json\/wp\/v2\/series?post=8545"}],"curies":[{"name":"wp","href":"https:\/\/api.w.org\/{rel}","templated":true}]}}