{"id":8682,"date":"2015-08-10T07:59:37","date_gmt":"2015-08-10T12:59:37","guid":{"rendered":"https:\/\/www.uv.mx\/universo\/?p=8682"},"modified":"2015-08-17T20:38:56","modified_gmt":"2015-08-18T01:38:56","slug":"convocan-al-diplomado-redaccion-de-la-lengua-espanola","status":"publish","type":"post","link":"https:\/\/www.uv.mx\/universo\/general\/convocan-al-diplomado-redaccion-de-la-lengua-espanola\/","title":{"rendered":"Convocan al Diplomado Redacci\u00f3n de la Lengua Espa\u00f1ola"},"content":{"rendered":"<div class=\"seriesmeta noshow\">Contenido 23 de 50 del n\u00famero <a href=\"https:\/\/www.uv.mx\/universo\/numero\/606\/\" class=\"series-357\" title=\"606\">606<\/a><\/div>\r\n<div id=\"attachment_8643\" style=\"width: 310px\" class=\"wp-caption alignright\"><a href=\"https:\/\/www.uv.mx\/universo\/files\/2015\/08\/Temis_606_023.jpg\"><img aria-describedby=\"caption-attachment-8643\" decoding=\"async\" loading=\"lazy\" class=\"size-medium wp-image-8643\" src=\"https:\/\/www.uv.mx\/universo\/files\/2015\/08\/Temis_606_023-300x199.jpg\" alt=\"Se impartir\u00e1 en los cinco campus universitarios\" width=\"300\" height=\"199\" srcset=\"https:\/\/www.uv.mx\/universo\/files\/2015\/08\/Temis_606_023-300x199.jpg 300w, https:\/\/www.uv.mx\/universo\/files\/2015\/08\/Temis_606_023.jpg 722w\" sizes=\"(max-width: 300px) 100vw, 300px\" \/><\/a><p id=\"caption-attachment-8643\" class=\"wp-caption-text\">Se impartir\u00e1 en los cinco campus universitarios<\/p><\/div>\n<p><strong><span style=\"font-size: 8pt\">Claudia Peralta V\u00e1zquez<\/span><\/strong><\/p>\n<p>La Universidad Veracruzana (UV), a trav\u00e9s de la Vicerrector\u00eda Veracruz y la Coordinaci\u00f3n Regional de Educaci\u00f3n Continua, convocan a estudiantes, egresados, p\u00fablico en general e interesados en el tema, a cursar el Diplomado Redacci\u00f3n de la Lengua Espa\u00f1ola, el cual se realizar\u00e1 del 17 de septiembre de 2015 al 29 de septiembre de 2016.<\/p>\n<p>El objetivo es aplicar correctamente las normativas de la lengua espa\u00f1ola y conocer los diversos tipos de textos para elaborarlos con claridad, coherencia y fluidez. Tendr\u00e1 una duraci\u00f3n de 160 horas y un valor curricular de 21 cr\u00e9ditos; ser\u00e1 impartido los d\u00edas jueves de 17:00 a 21:00 horas, en los cinco campus universitarios.<\/p>\n<p>El diplomado constar\u00e1 de 10 m\u00f3dulos: Saber leer: el proceso de hacerse lector; Normativa ortogr\u00e1fica; Estructura gramatical; Vicios del lenguaje; El proceso de la escritura; Modalidades del discurso; Producci\u00f3n de textos acad\u00e9micos; Producci\u00f3n de textos period\u00edsticos; Taller de elaboraci\u00f3n de cuento; y Taller de elaboraci\u00f3n de ensayo.<\/p>\n<p>Bajo la instrucci\u00f3n de Olivia Fregoso Vilorio, en el primer m\u00f3dulo los asistentes podr\u00e1n adentrarse en la importancia de la lectura, deficiencias y caracter\u00edsticas, as\u00ed como las fases y estrategias.<\/p>\n<p>En el segundo, que ser\u00e1 impartido por Guadalupe Flores Grajales, se estudiar\u00e1n aspectos sobre la acentuaci\u00f3n, puntuaci\u00f3n, errores comunes y uso correcto de las graf\u00edas y d\u00edgrafos.<\/p>\n<p>El tercero abordar\u00e1 aspectos sobre: complemento indirecto, oraciones compuestas, subordinadas de sujeto, complemento directo, indirecto, adjetivas, circunstanciales, figuras ret\u00f3ricas m\u00e1s comunes, la lengua, elementos b\u00e1sicos, sintaxis, oraciones simples, el sujeto y sus complementos, el predicado y sus complementos, entre otros. La instructora ser\u00e1 Mar\u00eda Cristina Triana Cortina.<\/p>\n<p>El cuarto m\u00f3dulo ser\u00e1 impartido por Mar\u00eda Teresa Paredes Garc\u00eda; se analizar\u00e1n los vicios del lenguaje: vicios pragm\u00e1ticos (arca\u00edsmos, neologismos, solecismo, monoton\u00eda, pleonasmo y cacofon\u00eda) y los sem\u00e1nticos (barbarismos de importaci\u00f3n y expresi\u00f3n, arca\u00edsmo, hiato, redundancia, deque\u00edsmo, adequeismo y palabras ba\u00fal).<\/p>\n<p>Magaly Velasco Vargas orientar\u00e1 a los asistentes en el quinto m\u00f3dulo. Ah\u00ed conocer\u00e1n lo relacionado con la organizaci\u00f3n y planeaci\u00f3n de un texto escrito, escritura, p\u00e1rrafo, tipolog\u00eda y estructura.<\/p>\n<p>As\u00ed tambi\u00e9n, post-escritura: revisi\u00f3n y correcci\u00f3n, marcadores textuales, coherencia, cohesi\u00f3n, adecuaci\u00f3n e introducci\u00f3n a la tipolog\u00eda textual.<\/p>\n<p>Como parte del m\u00f3dulo seis se estudiar\u00e1n los siguientes temas: descripci\u00f3n y sus componentes, g\u00e9neros y recursos preponderantemente descriptivos, narraci\u00f3n y sus caracter\u00edsticas, g\u00e9neros fundamentalmente narrativos, exposici\u00f3n\/explicaci\u00f3n y sus estructuras, texto expositivo-argumentativo y sus rasgos principales, as\u00ed como g\u00e9neros fundamentalmente argumentativos.<\/p>\n<p>El m\u00f3dulo siete, dirigido por Efr\u00e9n Ortiz Dom\u00ednguez, incluir\u00e1 los siguientes puntos de an\u00e1lisis: informe, carta de exposici\u00f3n de motivos, monograf\u00eda, art\u00edculo, resumen y abstract, tesina y tesis, rese\u00f1a, ensayo acad\u00e9mico y aparato cr\u00edtico.<\/p>\n<p>Silvia Clemente Borbolla ser\u00e1 la encargada de dictar el m\u00f3dulo ocho, en el cual se abordar\u00e1: la noticia, entrevista, cr\u00f3nica, reportaje, g\u00e9neros subjetivos, editorial, art\u00edculo de opini\u00f3n, columna y rese\u00f1a.<\/p>\n<p>Cabe se\u00f1alar que el Taller de elaboraci\u00f3n de cuento estar\u00e1 a cargo de la ensayista, cuentista y novelista M\u00f3nica Lav\u00edn; mientras que el Taller de elaboraci\u00f3n de ensayo lo ofrecer\u00e1 H\u00e9ctor Orestes Aguilar Cabrera.<\/p>\n<p>Los requisitos son: copia de credencial de elector y del \u00faltimo comprobante de estudios, llenar ficha de inscripci\u00f3n en l\u00ednea: http:\/\/goo.gl\/forms\/l2qS7uFDaC y arancel de pago del primer m\u00f3dulo. La inscripci\u00f3n tendr\u00e1 un costo de 150 pesos y cada m\u00f3dulo de 850 pesos.<\/p>\n<p>Los interesados pueden solicitar informes en: Xalapa, con Alma Luc\u00eda Rojas Castro, tel\u00e9fono (228) 1190594, correo electr\u00f3nico <a href=\"mailto:almalucia_rojas@hotmail.com\">almalucia_rojas@hotmail.com<\/a>; en Orizaba-C\u00f3rdoba, con Mar\u00eda Martha Mart\u00ednez Toro, correo electr\u00f3nico <a href=\"mailto:mmarthamt@hotmail.com\">mmarthamt@hotmail.com<\/a> En Veracruz-Boca del R\u00edo, con Carolina Cruz Morales, tel\u00e9fono 7752000 extensi\u00f3n 22202, celular 2292091162, correo electr\u00f3nico <a href=\"mailto:ecuv.ver@gmail.com\">ecuv.ver@gmail.com<\/a>; en Coatzacoalcos-Minatitl\u00e1n, con Lilia Mar\u00eda Zamudio Ortiz, celular 9211230475, correo electr\u00f3nico <a href=\"mailto:brugges2001@hotmail.com\">brugges2001@hotmail.com<\/a>; y en Poza Rica-Tuxpan, con Mar\u00eda del Carmen M\u00e1rquez Ram\u00edrez, celular 7821062369, correo electr\u00f3nico <a href=\"mailto:sziv75@gmail.com\">sziv75@gmail.com<\/a> Tambi\u00e9n pueden consultar los sitios web <a href=\"https:\/\/www.uv.mx\/veracruz\/category\/extension\/educacion-continua\/\">www.uv.mx\/veracruz\/category\/extension\/educacion-continua<\/a> y <a href=\"http:\/\/diplomadoseducacioncontinuauv.webnode.mx\">http:\/\/diplomadoseducacioncontinuauv.webnode.mx\/<\/a><\/p>\n","protected":false},"excerpt":{"rendered":"<p>Claudia Peralta V\u00e1zquez La Universidad Veracruzana (UV), a trav\u00e9s de la Vicerrector\u00eda Veracruz y la Coordinaci\u00f3n Regional de Educaci\u00f3n Continua, convocan a estudiantes, egresados, p\u00fablico en general e interesados en el tema, a cursar el Diplomado Redacci\u00f3n de la Lengua Espa\u00f1ola, el cual se realizar\u00e1 del 17 de septiembre de 2015 al 29 de septiembre [&hellip;]<\/p>\n\r\n<div class=\"seriesmeta\">Contenido 23 de 50 del n\u00famero <a href=\"https:\/\/www.uv.mx\/universo\/numero\/606\/\" class=\"series-357\" title=\"606\">606<\/a><\/div>","protected":false},"author":1664,"featured_media":8643,"comment_status":"closed","ping_status":"closed","sticky":false,"template":"","format":"standard","meta":[],"categories":[1],"tags":[],"series":[357],"_links":{"self":[{"href":"https:\/\/www.uv.mx\/universo\/wp-json\/wp\/v2\/posts\/8682"}],"collection":[{"href":"https:\/\/www.uv.mx\/universo\/wp-json\/wp\/v2\/posts"}],"about":[{"href":"https:\/\/www.uv.mx\/universo\/wp-json\/wp\/v2\/types\/post"}],"author":[{"embeddable":true,"href":"https:\/\/www.uv.mx\/universo\/wp-json\/wp\/v2\/users\/1664"}],"replies":[{"embeddable":true,"href":"https:\/\/www.uv.mx\/universo\/wp-json\/wp\/v2\/comments?post=8682"}],"version-history":[{"count":0,"href":"https:\/\/www.uv.mx\/universo\/wp-json\/wp\/v2\/posts\/8682\/revisions"}],"wp:featuredmedia":[{"embeddable":true,"href":"https:\/\/www.uv.mx\/universo\/wp-json\/wp\/v2\/media\/8643"}],"wp:attachment":[{"href":"https:\/\/www.uv.mx\/universo\/wp-json\/wp\/v2\/media?parent=8682"}],"wp:term":[{"taxonomy":"category","embeddable":true,"href":"https:\/\/www.uv.mx\/universo\/wp-json\/wp\/v2\/categories?post=8682"},{"taxonomy":"post_tag","embeddable":true,"href":"https:\/\/www.uv.mx\/universo\/wp-json\/wp\/v2\/tags?post=8682"},{"taxonomy":"series","embeddable":true,"href":"https:\/\/www.uv.mx\/universo\/wp-json\/wp\/v2\/series?post=8682"}],"curies":[{"name":"wp","href":"https:\/\/api.w.org\/{rel}","templated":true}]}}