{"id":8698,"date":"2015-08-03T07:59:50","date_gmt":"2015-08-03T12:59:50","guid":{"rendered":"https:\/\/www.uv.mx\/universo\/?p=8698"},"modified":"2015-08-17T17:47:45","modified_gmt":"2015-08-17T22:47:45","slug":"gobierno-universitario","status":"publish","type":"post","link":"https:\/\/www.uv.mx\/universo\/ingreso-2015\/gobierno-universitario\/","title":{"rendered":"Gobierno Universitario"},"content":{"rendered":"<div class=\"seriesmeta noshow\">Contenido 10 de 32 del n\u00famero <a href=\"https:\/\/www.uv.mx\/universo\/numero\/605\/\" class=\"series-355\" title=\"605\">605<\/a><\/div>\r\n<p><a href=\"https:\/\/www.uv.mx\/universo\/files\/2015\/08\/5-GU.jpg\"><img decoding=\"async\" loading=\"lazy\" class=\"aligncenter size-full wp-image-8557\" src=\"https:\/\/www.uv.mx\/universo\/files\/2015\/08\/5-GU.jpg\" alt=\"5-GU\" width=\"700\" height=\"467\" \/><\/a><\/p>\n<p><span class=\"Resumen\">Nuestra Universidad es una de las instituciones m\u00e1s importantes y complejas de Veracruz. En ella constantemente se toman importantes decisiones sobre temas que impactan en el presente y el futuro de la comunidad universitaria. Como estudiante, es tu derecho y tu prerrogativa participar activamente en las decisiones de tu facultad, tu campus y tu Universidad.<\/span><\/p>\n<p><span class=\"Texto\"><strong>En tu facultad podr\u00e1s:<\/strong><\/span><\/p>\n<ul>\n<li><span class=\"Texto\">Votar y ser votado como representante de carrera y\/o generaci\u00f3n y como consejero alumno.<\/span><\/li>\n<li><span class=\"Texto\">Representar los intereses comunes de tus compa\u00f1eros en el Consejo T\u00e9cnico (ah\u00ed se deciden controversias internas, por ejemplo) y en la Junta Acad\u00e9mica (m\u00e1ximo \u00f3rgano de autoridad, en el que maestros y alumnos votan y deciden sobre las controversias y el futuro de la facultad).<\/span><\/li>\n<\/ul>\n<p><span class=\"Texto\"><strong>En tu campus podr\u00e1s participar<\/strong><\/span><\/p>\n<ul>\n<li><span class=\"Texto\">Como consejero alumno.<\/span><\/li>\n<li><span class=\"Texto\">En el Consejo Universitario Regional (CUR), m\u00e1ximo \u00f3rgano de autoridad en el campus, en el cual todos los universitarios votan y deciden soluciones, iniciativas y reformas, entre otras importantes cuestiones.<\/span><\/li>\n<\/ul>\n<p><span class=\"Texto\"><strong>En la Universidad Veracruzana podr\u00e1s participar<\/strong><\/span><\/p>\n<ul>\n<li><span class=\"Texto\">Como consejero alumno.<\/span><\/li>\n<li><span class=\"Texto\">En el Consejo Universitario General (CUG, m\u00e1ximo \u00f3rgano de autoridad en la UV, en el que se discuten y toman las m\u00e1s importantes decisiones de la instituci\u00f3n en todos los \u00e1mbitos: acad\u00e9mico, legal, etc.), entre otros \u00f3rganos e iniciativas.<\/span><\/li>\n<\/ul>\n<p>&nbsp;<\/p>\n<p><a href=\"https:\/\/www.uv.mx\/universo\/files\/2015\/08\/6-cug.jpg\"><img decoding=\"async\" loading=\"lazy\" class=\"aligncenter size-full wp-image-8558\" src=\"https:\/\/www.uv.mx\/universo\/files\/2015\/08\/6-cug.jpg\" alt=\"6-cug\" width=\"700\" height=\"467\" \/><\/a><\/p>\n<p><span class=\"Titulo\" style=\"font-size: 18pt\">Junta de Gobierno<\/span><\/p>\n<p>Este importante \u00f3rgano, creado en 1997, garantiza la estabilidad, civilidad y raz\u00f3n en los procesos universitarios.<br \/>\nEntre sus principales funciones est\u00e1n salvaguardar el patrimonio universitario y designar al Rector o Rectora, los secretarios Acad\u00e9mico y de Administraci\u00f3n y Finanzas, y al Contralor General.<\/p>\n<p>Aunque como estudiante no puedes formar parte de este \u00f3rgano, tienes el derecho de ser escuchado por sus miembros, quienes, como ver\u00e1s, son destacados cient\u00edficos y expertos en diversas \u00e1reas del conocimiento y la educaci\u00f3n superior en el estado, el pa\u00eds y el extranjero.<\/p>\n<p>Para conocer m\u00e1s sobre la Junta de Gobierno, puedes consultar la p\u00e1gina\u00a0<em><a class=\"Ligas\" href=\"https:\/\/www.uv.mx\/universo\/605\/nuevoingreso\/www.uv.mx\/juntagob\">www.uv.mx\/juntagob<\/a><\/em><\/p>\n<p><a href=\"https:\/\/www.uv.mx\/universo\/files\/2015\/08\/JG.png\"><img decoding=\"async\" loading=\"lazy\" class=\"alignright size-medium wp-image-8587\" src=\"https:\/\/www.uv.mx\/universo\/files\/2015\/08\/JG-231x300.png\" alt=\"JG\" width=\"231\" height=\"300\" \/><\/a><\/p>\n","protected":false},"excerpt":{"rendered":"<p>Nuestra Universidad es una de las instituciones m\u00e1s importantes y complejas de Veracruz. En ella constantemente se toman importantes decisiones sobre temas que impactan en el presente y el futuro de la comunidad universitaria. Como estudiante, es tu derecho y tu prerrogativa participar activamente en las decisiones de tu facultad, tu campus y tu Universidad. [&hellip;]<\/p>\n\r\n<div class=\"seriesmeta\">Contenido 10 de 32 del n\u00famero <a href=\"https:\/\/www.uv.mx\/universo\/numero\/605\/\" class=\"series-355\" title=\"605\">605<\/a><\/div>","protected":false},"author":1668,"featured_media":0,"comment_status":"closed","ping_status":"closed","sticky":false,"template":"","format":"standard","meta":[],"categories":[356],"tags":[],"series":[355],"_links":{"self":[{"href":"https:\/\/www.uv.mx\/universo\/wp-json\/wp\/v2\/posts\/8698"}],"collection":[{"href":"https:\/\/www.uv.mx\/universo\/wp-json\/wp\/v2\/posts"}],"about":[{"href":"https:\/\/www.uv.mx\/universo\/wp-json\/wp\/v2\/types\/post"}],"author":[{"embeddable":true,"href":"https:\/\/www.uv.mx\/universo\/wp-json\/wp\/v2\/users\/1668"}],"replies":[{"embeddable":true,"href":"https:\/\/www.uv.mx\/universo\/wp-json\/wp\/v2\/comments?post=8698"}],"version-history":[{"count":0,"href":"https:\/\/www.uv.mx\/universo\/wp-json\/wp\/v2\/posts\/8698\/revisions"}],"wp:attachment":[{"href":"https:\/\/www.uv.mx\/universo\/wp-json\/wp\/v2\/media?parent=8698"}],"wp:term":[{"taxonomy":"category","embeddable":true,"href":"https:\/\/www.uv.mx\/universo\/wp-json\/wp\/v2\/categories?post=8698"},{"taxonomy":"post_tag","embeddable":true,"href":"https:\/\/www.uv.mx\/universo\/wp-json\/wp\/v2\/tags?post=8698"},{"taxonomy":"series","embeddable":true,"href":"https:\/\/www.uv.mx\/universo\/wp-json\/wp\/v2\/series?post=8698"}],"curies":[{"name":"wp","href":"https:\/\/api.w.org\/{rel}","templated":true}]}}