{"id":8744,"date":"2015-08-10T07:59:21","date_gmt":"2015-08-10T12:59:21","guid":{"rendered":"https:\/\/www.uv.mx\/universo\/?p=8744"},"modified":"2015-08-17T20:39:00","modified_gmt":"2015-08-18T01:39:00","slug":"orteuv-estrenara-las-muertas-de-jorge-ibarguengoitia","status":"publish","type":"post","link":"https:\/\/www.uv.mx\/universo\/cultura\/orteuv-estrenara-las-muertas-de-jorge-ibarguengoitia\/","title":{"rendered":"Orteuv estrenar\u00e1 Las muertas, de Jorge Ibarg\u00fcengoitia"},"content":{"rendered":"<div class=\"seriesmeta noshow\">Contenido 39 de 50 del n\u00famero <a href=\"https:\/\/www.uv.mx\/universo\/numero\/606\/\" class=\"series-357\" title=\"606\">606<\/a><\/div>\r\n<p><em><span class=\"Resumen\">Estar\u00e1 en escena del 21 de agosto al 13 de septiembre<a href=\"https:\/\/www.uv.mx\/universo\/files\/2015\/08\/606-cult-006.jpg\"><img decoding=\"async\" loading=\"lazy\" class=\"aligncenter size-full wp-image-8731\" src=\"https:\/\/www.uv.mx\/universo\/files\/2015\/08\/606-cult-006.jpg\" alt=\"606-cult-006\" width=\"700\" height=\"425\" \/><\/a><\/span><\/em><\/p>\n<p><span class=\"Texto\">La Compa\u00f1\u00eda Titular de Teatro de la Universidad Veracruzana (Orteuv) anuncia la temporada de Las muertas, versi\u00f3n de Mart\u00edn Acosta basada en el libro de Jorge Ibarg\u00fcengoitia, del 21 de agosto al 13 de septiembre con funciones los viernes a las 20:30 horas, s\u00e1bados y domingos a las 19:30 en la Sala \u201cDagoberto Guillaumin\u201d del Teatro del Estado.<\/span><\/p>\n<p><span class=\"Texto\">La entrada general ser\u00e1 de 80 pesos, estudiantes e Inapam 60 pesos. El texto cuenta la historia de crimen y corrupci\u00f3n basada en un hecho de la nota policiaca, la historia de \u201cLas Poquianchis\u201d, que retrata las miserias de la condici\u00f3n humana en una peque\u00f1a comunidad mexicana<\/span><\/p>\n<p><span class=\"Texto\">Las muertas se estructura a partir de los testimonios ministeriales de quienes participaron directa o indirectamente en los hechos sangrientos, poniendo en evidencia la doble moral y la idea de justicia que determinaban en aquel entonces los actos sociales.<\/span><\/p>\n<p><span class=\"Texto\">Lamentablemente, nada hay de anacr\u00f3nico en este relato que habla de corrupci\u00f3n, lenocinio, ignorancia y ambici\u00f3n, as\u00ed como tambi\u00e9n de amor, odio y locura. Imposible imaginar que han transcurrido 50 a\u00f1os desde el estupor causado por la noticia de unas hermanas que habr\u00edan cometido m\u00faltiples asesinatos en el estado de Guanajuato, destapando una red de intereses que terminar\u00eda con ellas en prisi\u00f3n.<\/span><\/p>\n<p><span class=\"Texto\">\u00bfQu\u00e9 representan hoy \u201cLas Poquianchis\u201d? \u00bfD\u00f3nde est\u00e1 la frescura de este relato que desnud\u00f3 los horrores de una \u00e9poca que cre\u00edamos muerta? Mart\u00edn Acosta sugiere que en la posibilidad coral. Esta versi\u00f3n de Las muertas subraya la multiplicidad de voces que dan forma al acontecimiento, dot\u00e1ndolo de minucias escalofriantes.<\/span><\/p>\n<p><span class=\"Texto\">Las muertas no pretende, pues, contar la historia de unas criminales, sino animar la pista sonora de una sociedad que a pesar del auge modernizador del medio siglo, ya mostraba los g\u00e9rmenes de un Estado fallido.<\/span><\/p>\n<p><span class=\"Texto\">De all\u00ed venimos: de ese ambiguo compromiso ciudadano en el que aceptamos con sumisi\u00f3n las reglas que no vamos a cumplir. \u00bfQui\u00e9n nos ha educado as\u00ed?<\/span><\/p>\n","protected":false},"excerpt":{"rendered":"<p>La Compa\u00f1\u00eda Titular de Teatro de la Universidad Veracruzana (Orteuv) anuncia la temporada de Las muertas, versi\u00f3n de Mart\u00edn Acosta basada en el libro de Jorge Ibarg\u00fcengoitia, del 21 de agosto al 13 de septiembre con funciones los viernes a las 20:30 horas, s\u00e1bados y domingos a las 19:30 en la Sala \u201cDagoberto Guillaumin\u201d del Teatro del Estado.<\/p>\n\r\n<div class=\"seriesmeta\">Contenido 39 de 50 del n\u00famero <a href=\"https:\/\/www.uv.mx\/universo\/numero\/606\/\" class=\"series-357\" title=\"606\">606<\/a><\/div>","protected":false},"author":1668,"featured_media":0,"comment_status":"closed","ping_status":"closed","sticky":false,"template":"","format":"standard","meta":[],"categories":[5],"tags":[],"series":[357],"_links":{"self":[{"href":"https:\/\/www.uv.mx\/universo\/wp-json\/wp\/v2\/posts\/8744"}],"collection":[{"href":"https:\/\/www.uv.mx\/universo\/wp-json\/wp\/v2\/posts"}],"about":[{"href":"https:\/\/www.uv.mx\/universo\/wp-json\/wp\/v2\/types\/post"}],"author":[{"embeddable":true,"href":"https:\/\/www.uv.mx\/universo\/wp-json\/wp\/v2\/users\/1668"}],"replies":[{"embeddable":true,"href":"https:\/\/www.uv.mx\/universo\/wp-json\/wp\/v2\/comments?post=8744"}],"version-history":[{"count":0,"href":"https:\/\/www.uv.mx\/universo\/wp-json\/wp\/v2\/posts\/8744\/revisions"}],"wp:attachment":[{"href":"https:\/\/www.uv.mx\/universo\/wp-json\/wp\/v2\/media?parent=8744"}],"wp:term":[{"taxonomy":"category","embeddable":true,"href":"https:\/\/www.uv.mx\/universo\/wp-json\/wp\/v2\/categories?post=8744"},{"taxonomy":"post_tag","embeddable":true,"href":"https:\/\/www.uv.mx\/universo\/wp-json\/wp\/v2\/tags?post=8744"},{"taxonomy":"series","embeddable":true,"href":"https:\/\/www.uv.mx\/universo\/wp-json\/wp\/v2\/series?post=8744"}],"curies":[{"name":"wp","href":"https:\/\/api.w.org\/{rel}","templated":true}]}}