{"id":8774,"date":"2015-08-10T07:59:29","date_gmt":"2015-08-10T12:59:29","guid":{"rendered":"https:\/\/www.uv.mx\/universo\/?p=8774"},"modified":"2015-08-17T20:38:58","modified_gmt":"2015-08-18T01:38:58","slug":"facultad-de-arquitectura-obtuvo-su-acreditacion","status":"publish","type":"post","link":"https:\/\/www.uv.mx\/universo\/regiones\/facultad-de-arquitectura-obtuvo-su-acreditacion\/","title":{"rendered":"Facultad de Arquitectura obtuvo su acreditaci\u00f3n"},"content":{"rendered":"<div class=\"seriesmeta noshow\">Contenido 31 de 50 del n\u00famero <a href=\"https:\/\/www.uv.mx\/universo\/numero\/606\/\" class=\"series-357\" title=\"606\">606<\/a><\/div>\r\n<p><span style=\"font-size: 10pt\"><strong><span class=\"Autor\">Eduardo Ca\u00f1edo Lom\u00e1n<\/span><\/strong><\/span><\/p>\n<div id=\"attachment_8762\" style=\"width: 310px\" class=\"wp-caption alignright\"><a href=\"https:\/\/www.uv.mx\/universo\/files\/2015\/08\/606-campus-008.jpg\"><img aria-describedby=\"caption-attachment-8762\" decoding=\"async\" loading=\"lazy\" class=\"size-medium wp-image-8762\" src=\"https:\/\/www.uv.mx\/universo\/files\/2015\/08\/606-campus-008-300x196.jpg\" alt=\"Evaluadores durante las sesiones de trabajo\" width=\"300\" height=\"196\" \/><\/a><p id=\"caption-attachment-8762\" class=\"wp-caption-text\">Evaluadores durante las sesiones de trabajo<\/p><\/div>\n<p><span class=\"Texto\"><strong>Orizaba &#8211; C\u00f3rdoba.-\u00a0<\/strong>Con gran benepl\u00e1cito la comunidad universitaria recibi\u00f3 la notificaci\u00f3n de la Acreditadora Nacional de Programas de Arquitectura y Disciplinas del Espacio Habitable (ANPADEH), el cual acredit\u00f3 el programa acad\u00e9mico de la Licenciatura en Arquitectura de C\u00f3rdoba.<\/span><\/p>\n<p><span class=\"Texto\">En los primeros d\u00edas de junio los evaluadores externos realizaron una visita in situ, durante cuatro d\u00edas entrevistaron y tuvieron sesiones de trabajo con estudiantes, egresados, acad\u00e9micos, responsables administrativos y autoridades universitarias, a fin de determinar las condiciones de calidad de dicho programa educativo.<\/span><\/p>\n<p><span class=\"Texto\">En el documento de notificaci\u00f3n firmado por David Cabrera Ruiz y Jos\u00e9 Jes\u00fas Jim\u00e9nez Jim\u00e9nez, presidente y director ejecutivo de la ANPADEH, se externa una cordial felicitaci\u00f3n a la comunidad de la Facultad de Arquitectura por este transcendente logro acad\u00e9mico, el cual se alcanz\u00f3 gracias al compromiso manifiesto de la instituci\u00f3n y quienes la integran para mejorar la calidad de la ense\u00f1anza de los futuros profesionistas en arquitectura.<\/span><\/p>\n<p><span class=\"Texto\">Por su parte, Mar\u00eda del Carmen Sosa Aguiluz, directora de la Facultad, coment\u00f3 que con la acreditaci\u00f3n \u201cel reto ahora es mayor, no duden que seguiremos con el compromiso y el esfuerzo porque esta Facultad tiene que refrendar la continuidad de la calidad, as\u00ed como dar seguimiento a cada uno de los aspectos en que debemos mejorar\u201d.<\/span><\/p>\n<p><span class=\"Texto\">Asimismo coincidi\u00f3 que esta acreditaci\u00f3n es un logro especial de la comunidad de la Facultad de Arquitectura, la cual est\u00e1 convencida que seguir\u00e1 trabajando para no s\u00f3lo mantenerla sino elevarla. Cabe resaltar que la acreditaci\u00f3n tiene vigencia del 1 de julio de 2015 al 30 de junio de 2020.<\/span><\/p>\n","protected":false},"excerpt":{"rendered":"<p>Con gran benepl\u00e1cito la comunidad universitaria recibi\u00f3 la notificaci\u00f3n de la Acreditadora Nacional de Programas de Arquitectura y Disciplinas del Espacio Habitable (ANPADEH), el cual acredit\u00f3 el programa acad\u00e9mico de la Licenciatura en Arquitectura de C\u00f3rdoba.<\/p>\n\r\n<div class=\"seriesmeta\">Contenido 31 de 50 del n\u00famero <a href=\"https:\/\/www.uv.mx\/universo\/numero\/606\/\" class=\"series-357\" title=\"606\">606<\/a><\/div>","protected":false},"author":1668,"featured_media":0,"comment_status":"closed","ping_status":"closed","sticky":false,"template":"","format":"standard","meta":[],"categories":[360],"tags":[],"series":[357],"_links":{"self":[{"href":"https:\/\/www.uv.mx\/universo\/wp-json\/wp\/v2\/posts\/8774"}],"collection":[{"href":"https:\/\/www.uv.mx\/universo\/wp-json\/wp\/v2\/posts"}],"about":[{"href":"https:\/\/www.uv.mx\/universo\/wp-json\/wp\/v2\/types\/post"}],"author":[{"embeddable":true,"href":"https:\/\/www.uv.mx\/universo\/wp-json\/wp\/v2\/users\/1668"}],"replies":[{"embeddable":true,"href":"https:\/\/www.uv.mx\/universo\/wp-json\/wp\/v2\/comments?post=8774"}],"version-history":[{"count":0,"href":"https:\/\/www.uv.mx\/universo\/wp-json\/wp\/v2\/posts\/8774\/revisions"}],"wp:attachment":[{"href":"https:\/\/www.uv.mx\/universo\/wp-json\/wp\/v2\/media?parent=8774"}],"wp:term":[{"taxonomy":"category","embeddable":true,"href":"https:\/\/www.uv.mx\/universo\/wp-json\/wp\/v2\/categories?post=8774"},{"taxonomy":"post_tag","embeddable":true,"href":"https:\/\/www.uv.mx\/universo\/wp-json\/wp\/v2\/tags?post=8774"},{"taxonomy":"series","embeddable":true,"href":"https:\/\/www.uv.mx\/universo\/wp-json\/wp\/v2\/series?post=8774"}],"curies":[{"name":"wp","href":"https:\/\/api.w.org\/{rel}","templated":true}]}}