{"id":8929,"date":"2015-08-17T07:59:17","date_gmt":"2015-08-17T12:59:17","guid":{"rendered":"https:\/\/www.uv.mx\/universo\/?p=8929"},"modified":"2015-08-18T19:04:03","modified_gmt":"2015-08-19T00:04:03","slug":"convocan-al-premio-anual-catedra-gonzalo-aguirre-beltran","status":"publish","type":"post","link":"https:\/\/www.uv.mx\/universo\/cultura\/convocan-al-premio-anual-catedra-gonzalo-aguirre-beltran\/","title":{"rendered":"Convocan al Premio Anual C\u00e1tedra \u201cGonzalo Aguirre Beltr\u00e1n\u201d"},"content":{"rendered":"<div class=\"seriesmeta noshow\">Contenido 43 de 48 del n\u00famero <a href=\"https:\/\/www.uv.mx\/universo\/numero\/607\/\" class=\"series-358\" title=\"607\">607<\/a><\/div>\r\n<p class=\"Titulo\"><span style=\"font-size: 10pt\"><strong>Adriana Vivanco<\/strong><\/span><\/p>\n<p class=\"Texto\">La Universidad Veracruzana (UV) y el Centro de Investigaciones y Estudios Superiores en Antropolog\u00eda Social (CIESAS) convocan al Premio Anual C\u00e1tedra \u201cGonzalo Aguirre Beltr\u00e1n\u201d para tesis doctoral en antropolog\u00eda social y disciplinas afines 2015.<\/p>\n<p class=\"Texto\">La C\u00e1tedra \u201cGonzalo Aguirre Beltr\u00e1n\u201d es una iniciativa conjunta de la UV y el CIESAS, con la intenci\u00f3n de homenajear a este investigador que constituye una referencia y es motivo de reflexi\u00f3n sobre la orientaci\u00f3n, instrumentos y objetivos de la pol\u00edtica indigenista de M\u00e9xico; con tal intenci\u00f3n, el premio busca que la comunidad acad\u00e9mica nacional y regional contin\u00fae realizando estudios e investigaciones en las tem\u00e1ticas que le interesaban a Aguirre Beltr\u00e1n y que actualmente siguen vigentes, llev\u00e1ndose a cabo tanto en el CIESAS como en la Universidad Veracruzana.<\/p>\n<p class=\"Texto\">Este a\u00f1o el premio se otorgar\u00e1 a la mejor tesis doctoral que aborde algunos de los siguientes temas: estudios \u00e9tnicos; antropolog\u00eda aplicada al desarrollo; antropolog\u00eda m\u00e9dica; sociedades afroamericanas; lenguas vern\u00e1culas; educaci\u00f3n en el medio ind\u00edgena.<\/p>\n<p class=\"Texto\">La tesis ganadora se har\u00e1 acreedora a un premio de 50 mil pesos y un diploma; y en caso que el jurado lo considere pertinente, se podr\u00e1n otorgar hasta dos menciones honor\u00edficas a los trabajos que lo ameriten.<\/p>\n<p class=\"Texto\">Podr\u00e1n concursar todas aquellas tesis presentadas a examen doctoral entre el 1 de enero y el 31 de diciembre de 2014. Cabe destacar que solamente ser\u00e1n aceptadas las tesis que han sido aprobadas, comprob\u00e1ndose con documento expedido por la instituci\u00f3n acad\u00e9mica correspondiente, que acredite que el concursante obtuvo el grado durante 2014.<\/p>\n<p class=\"Texto\">El periodo de inscripci\u00f3n inici\u00f3 el 30 de junio de este a\u00f1o y concluir\u00e1 el 29 de enero de 2016. Los resultados ser\u00e1n dados a conocer el 29 de abril del pr\u00f3ximo a\u00f1o.<\/p>\n<p class=\"Texto\">Para mayores informes y entrega de documentaci\u00f3n, el CIESAS atiende en la Avenida Encanto sin n\u00famero esquina Antonio Nava, Colonia El Mirador. Tambi\u00e9n se puede solicitar informaci\u00f3n al tel\u00e9fono 8423940, extensi\u00f3n 5107, y en el correo electr\u00f3nico: direccion.golfo@ciesas.edu.mx<\/p>\n<p class=\"Texto\">La Universidad Veracruzana, por su parte, recibir\u00e1 documentos y ofrecer\u00e1 detalles de la convocatoria en la Direcci\u00f3n General de Investigaciones ubicada en Avenida Luis Castelazo Ayala sin n\u00famero, Colonia Industrial \u00c1nimas, tel\u00e9fono 8418900, extensiones 13109 y 13108, y en los correos electr\u00f3nicos: afox@uv.mx y rjuan@uv.mx<\/p>\n","protected":false},"excerpt":{"rendered":"<p>La Universidad Veracruzana (UV) y el Centro de Investigaciones y Estudios Superiores en Antropolog\u00eda Social (CIESAS) convocan al Premio Anual C\u00e1tedra \u201cGonzalo Aguirre Beltr\u00e1n\u201d para tesis doctoral en antropolog\u00eda social y disciplinas afines 2015.<\/p>\n\r\n<div class=\"seriesmeta\">Contenido 43 de 48 del n\u00famero <a href=\"https:\/\/www.uv.mx\/universo\/numero\/607\/\" class=\"series-358\" title=\"607\">607<\/a><\/div>","protected":false},"author":1668,"featured_media":4918,"comment_status":"closed","ping_status":"closed","sticky":false,"template":"","format":"standard","meta":[],"categories":[5],"tags":[],"series":[358],"_links":{"self":[{"href":"https:\/\/www.uv.mx\/universo\/wp-json\/wp\/v2\/posts\/8929"}],"collection":[{"href":"https:\/\/www.uv.mx\/universo\/wp-json\/wp\/v2\/posts"}],"about":[{"href":"https:\/\/www.uv.mx\/universo\/wp-json\/wp\/v2\/types\/post"}],"author":[{"embeddable":true,"href":"https:\/\/www.uv.mx\/universo\/wp-json\/wp\/v2\/users\/1668"}],"replies":[{"embeddable":true,"href":"https:\/\/www.uv.mx\/universo\/wp-json\/wp\/v2\/comments?post=8929"}],"version-history":[{"count":0,"href":"https:\/\/www.uv.mx\/universo\/wp-json\/wp\/v2\/posts\/8929\/revisions"}],"wp:featuredmedia":[{"embeddable":true,"href":"https:\/\/www.uv.mx\/universo\/wp-json\/wp\/v2\/media\/4918"}],"wp:attachment":[{"href":"https:\/\/www.uv.mx\/universo\/wp-json\/wp\/v2\/media?parent=8929"}],"wp:term":[{"taxonomy":"category","embeddable":true,"href":"https:\/\/www.uv.mx\/universo\/wp-json\/wp\/v2\/categories?post=8929"},{"taxonomy":"post_tag","embeddable":true,"href":"https:\/\/www.uv.mx\/universo\/wp-json\/wp\/v2\/tags?post=8929"},{"taxonomy":"series","embeddable":true,"href":"https:\/\/www.uv.mx\/universo\/wp-json\/wp\/v2\/series?post=8929"}],"curies":[{"name":"wp","href":"https:\/\/api.w.org\/{rel}","templated":true}]}}