{"id":8968,"date":"2015-08-17T07:59:27","date_gmt":"2015-08-17T12:59:27","guid":{"rendered":"https:\/\/www.uv.mx\/universo\/?p=8968"},"modified":"2015-08-18T19:04:01","modified_gmt":"2015-08-19T00:04:01","slug":"retos-del-periodismo-no-son-tecnologicos","status":"publish","type":"post","link":"https:\/\/www.uv.mx\/universo\/cultura\/retos-del-periodismo-no-son-tecnologicos\/","title":{"rendered":"Retos del periodismo no son tecnol\u00f3gicos"},"content":{"rendered":"<div class=\"seriesmeta noshow\">Contenido 33 de 48 del n\u00famero <a href=\"https:\/\/www.uv.mx\/universo\/numero\/607\/\" class=\"series-358\" title=\"607\">607<\/a><\/div>\r\n<p class=\"Autor\"><span style=\"font-size: 8pt\"><strong>Paola Cort\u00e9s P\u00e9rez<\/strong><\/span><\/p>\n<div id=\"attachment_8932\" style=\"width: 310px\" class=\"wp-caption alignright\"><a href=\"https:\/\/www.uv.mx\/universo\/files\/2015\/08\/607-cult-001.jpg\"><img aria-describedby=\"caption-attachment-8932\" decoding=\"async\" loading=\"lazy\" class=\"size-medium wp-image-8932\" src=\"https:\/\/www.uv.mx\/universo\/files\/2015\/08\/607-cult-001-300x198.jpg\" alt=\"Armando Zacar\u00edas Castillo\" width=\"300\" height=\"198\" \/><\/a><p id=\"caption-attachment-8932\" class=\"wp-caption-text\">Armando Zacar\u00edas Castillo<\/p><\/div>\n<p class=\"Texto\">Los retos para el periodismo no son tecnol\u00f3gicos, m\u00e1s bien est\u00e1n relacionados con el cambio de actitud de las sociedades a las que pertenecen, sostuvo Armando Zacar\u00edas Castillo, rector del Centro Universitario de Los Lagos, de la Universidad de Guadalajara (UdG), al impartir la conferencia \u201cNuevos escenarios profesionales del periodismo en M\u00e9xico\u201d, en el Centro de Estudios de la Cultura y la Comunicaci\u00f3n (CECC).<\/p>\n<p class=\"Texto\">Zacar\u00edas Castillo particip\u00f3 en las Jornadas de Inicio de Actividades de la Maestr\u00eda en Estudios de la Cultura y la Comunicaci\u00f3n; ah\u00ed, dijo que el tema de la prensa en el pa\u00eds resulta muy interesante, ya que \u201ces una de las ventanas que tenemos para tener un acercarnos con la realidad, con la informaci\u00f3n noticiosa\u201d.<\/p>\n<p class=\"Texto\">Despu\u00e9s de realizar un esbozo de la historia de la prensa en M\u00e9xico, desde el siglo XVI hasta la actualidad, dijo que con la presencia de las nuevas tecnolog\u00edas los peri\u00f3dicos ver\u00e1n disminuida su presencia comercial, pero no de manera sustancial, \u201cllevamos 30 a\u00f1os con el mismo n\u00famero de tirajes; lo que s\u00ed sucedi\u00f3 es que se han incorporado nuevas plataformas de informaci\u00f3n que captan el inter\u00e9s de nuevos sectores sociodemogr\u00e1ficos\u201d.<\/p>\n<p class=\"Texto\">Asimismo, el trabajo de informaci\u00f3n ha experimentado una tendencia a limitar el n\u00famero de personas que laboran en los medios, debido a que la convergencia tecnol\u00f3gica ha conducido a nuevas formas de hacer el trabajo period\u00edstico.<\/p>\n<p class=\"Texto\">\u201cAhora los periodistas se quejan de que tienen que sacar una nota en las redes sociales, otra para el peri\u00f3dico en l\u00ednea, para el canal de televisi\u00f3n y para el peri\u00f3dico escrito, es decir, el periodista de hoy debe tener habilidades multimedia.\u201d Consider\u00f3 que los principales retos del periodismo no son tecnol\u00f3gicos, sino el cambio de actitud social de intervenci\u00f3n y de participaci\u00f3n en las decisiones de direcci\u00f3n, de organizaci\u00f3n y de desarrollo de las sociedades a las que pertenecen.<\/p>\n<p class=\"Texto\"><strong>Los medios de comunicaci\u00f3n<\/strong><br \/>\nA pesar de la presencia del Internet en la vida cotidiana de los mexicanos, las fuentes de legitimaci\u00f3n de la informaci\u00f3n noticiosa siguen siendo las tradicionales: televisi\u00f3n, radio y peri\u00f3dicos, sostuvo Zacar\u00edas Castillo.<\/p>\n<p class=\"Texto\">Contrariamente a la dimensi\u00f3n tradicional de la informaci\u00f3n, los temas de las redes sociales est\u00e1n presentes en las agendas period\u00edsticas; es decir, la prensa, la televisi\u00f3n o la radio toman temas de Twitter o Facebook y los insertan en su informaci\u00f3n.<\/p>\n<p class=\"Texto\">Entonces, \u201cmuchos periodistas est\u00e1n ocupados en ver las redes sociales, tienen que estar ocupados de eso, porque son escenarios que est\u00e1n dentro del panorama informativo contempor\u00e1neo\u201d.<\/p>\n<p class=\"Texto\">Finalmente, Zacar\u00edas Castillo se\u00f1al\u00f3 que los medios contin\u00faan partiendo de la premisa que la credibilidad es la que sustenta la viabilidad del medio, dentro de la multi-oferta que en este momento hay en el escenario mexicano.<\/p>\n","protected":false},"excerpt":{"rendered":"<p>Los retos para el periodismo no son tecnol\u00f3gicos, m\u00e1s bien est\u00e1n relacionados con el cambio de actitud de las sociedades a las que pertenecen, sostuvo Armando Zacar\u00edas Castillo, rector del Centro Universitario de Los Lagos, de la Universidad de Guadalajara (UdG), al impartir la conferencia \u201cNuevos escenarios profesionales del periodismo en M\u00e9xico\u201d, en el Centro de Estudios de la Cultura y la Comunicaci\u00f3n (CECC).<\/p>\n\r\n<div class=\"seriesmeta\">Contenido 33 de 48 del n\u00famero <a href=\"https:\/\/www.uv.mx\/universo\/numero\/607\/\" class=\"series-358\" title=\"607\">607<\/a><\/div>","protected":false},"author":1668,"featured_media":0,"comment_status":"closed","ping_status":"closed","sticky":false,"template":"","format":"standard","meta":[],"categories":[5],"tags":[],"series":[358],"_links":{"self":[{"href":"https:\/\/www.uv.mx\/universo\/wp-json\/wp\/v2\/posts\/8968"}],"collection":[{"href":"https:\/\/www.uv.mx\/universo\/wp-json\/wp\/v2\/posts"}],"about":[{"href":"https:\/\/www.uv.mx\/universo\/wp-json\/wp\/v2\/types\/post"}],"author":[{"embeddable":true,"href":"https:\/\/www.uv.mx\/universo\/wp-json\/wp\/v2\/users\/1668"}],"replies":[{"embeddable":true,"href":"https:\/\/www.uv.mx\/universo\/wp-json\/wp\/v2\/comments?post=8968"}],"version-history":[{"count":0,"href":"https:\/\/www.uv.mx\/universo\/wp-json\/wp\/v2\/posts\/8968\/revisions"}],"wp:attachment":[{"href":"https:\/\/www.uv.mx\/universo\/wp-json\/wp\/v2\/media?parent=8968"}],"wp:term":[{"taxonomy":"category","embeddable":true,"href":"https:\/\/www.uv.mx\/universo\/wp-json\/wp\/v2\/categories?post=8968"},{"taxonomy":"post_tag","embeddable":true,"href":"https:\/\/www.uv.mx\/universo\/wp-json\/wp\/v2\/tags?post=8968"},{"taxonomy":"series","embeddable":true,"href":"https:\/\/www.uv.mx\/universo\/wp-json\/wp\/v2\/series?post=8968"}],"curies":[{"name":"wp","href":"https:\/\/api.w.org\/{rel}","templated":true}]}}