{"id":9538,"date":"2015-09-07T07:59:25","date_gmt":"2015-09-07T12:59:25","guid":{"rendered":"https:\/\/www.uv.mx\/universo\/?p=9538"},"modified":"2015-10-12T14:50:22","modified_gmt":"2015-10-12T19:50:22","slug":"usbi-inauguro-sala-de-videoconferencias","status":"publish","type":"post","link":"https:\/\/www.uv.mx\/universo\/regiones\/usbi-inauguro-sala-de-videoconferencias\/","title":{"rendered":"USBI inaugur\u00f3 sala de videoconferencias"},"content":{"rendered":"<div class=\"seriesmeta noshow\">Contenido 35 de 50 del n\u00famero <a href=\"https:\/\/www.uv.mx\/universo\/numero\/610\/\" class=\"series-362\" title=\"610\">610<\/a><\/div>\r\n<p class=\"Autor\"><span style=\"font-size: 10pt\"><strong>Eduardo Ca\u00f1edo Lom\u00e1n<\/strong><\/span><\/p>\n<div id=\"attachment_9532\" style=\"width: 310px\" class=\"wp-caption alignright\"><a href=\"https:\/\/www.uv.mx\/universo\/files\/2015\/09\/reg-610-011.jpg\"><img aria-describedby=\"caption-attachment-9532\" decoding=\"async\" loading=\"lazy\" class=\"size-medium wp-image-9532\" src=\"https:\/\/www.uv.mx\/universo\/files\/2015\/09\/reg-610-011-300x160.jpg\" alt=\"Corte del list\u00f3n inaugural\" width=\"300\" height=\"160\" \/><\/a><p id=\"caption-attachment-9532\" class=\"wp-caption-text\">Corte del list\u00f3n inaugural<\/p><\/div>\n<p class=\"Texto\"><strong>Orizaba \u2022 C\u00f3rdoba.-\u00a0<\/strong>La ceremonia donde la Universidad Veracruzana (UV) entreg\u00f3 est\u00edmulos a los deportistas que destacaron en la Universiada Nacional Nuevo Le\u00f3n 2015, trasmitida desde Xalapa, fue el marco para que la Unidad de Servicios Bibliotecarios y de Informaci\u00f3n (USBI) de C\u00f3rdoba inaugurara su sala de videoconferencias.<\/p>\n<p class=\"Texto\">Previo al corte del list\u00f3n, la vicerrectora Beatriz Rodr\u00edguez Villafuerte agradeci\u00f3 el trabajo realizado por la Coordinaci\u00f3n Regional de Tecnolog\u00edas de la Informaci\u00f3n para contar con un espacio m\u00e1s que beneficiar\u00e1 a los universitarios que requieran enlazarse a trav\u00e9s del sistema de videoconferencias.<\/p>\n<p class=\"Texto\">Por su parte, Edgar Coronado Paz, coordinador regional de Tecnolog\u00edas de la Informaci\u00f3n, reconoci\u00f3 el compromiso de todas aquellas personas que integran la entidad a su cargo y al mismo tiempo agradeci\u00f3 a las autoridades universitarias el apoyo en la gesti\u00f3n de los insumos necesarios que permitan la correcta operatividad de la sala.<\/p>\n<p class=\"Texto\">Cabe destacar que este servicio se suma a las extensiones existentes en la USBI C\u00f3rdoba, como son la Coordinaci\u00f3n de Posgrado e Investigaci\u00f3n; Difusi\u00f3n Cultural y Sustentabilidad, entre otras.<\/p>\n<p class=\"Texto\">Al enlace inaugural y corte del list\u00f3n asistieron autoridades universitarias de la regi\u00f3n, as\u00ed como diversos directivos y coordinadores de las diferentes entidades acad\u00e9micas, quienes se mostraron entusiasmados por contar con un espacio m\u00e1s para la interacci\u00f3n a distancia, como parte de la formaci\u00f3n integral de los estudiantes de la UV.<\/p>\n","protected":false},"excerpt":{"rendered":"<p>Orizaba \u2022 C\u00f3rdoba.- La ceremonia donde la Universidad Veracruzana (UV) entreg\u00f3 est\u00edmulos a los deportistas que destacaron en la Universiada Nacional Nuevo Le\u00f3n 2015, trasmitida desde Xalapa, fue el marco para que la Unidad de Servicios Bibliotecarios y de Informaci\u00f3n (USBI) de C\u00f3rdoba inaugurara su sala de videoconferencias.<\/p>\n\r\n<div class=\"seriesmeta\">Contenido 35 de 50 del n\u00famero <a href=\"https:\/\/www.uv.mx\/universo\/numero\/610\/\" class=\"series-362\" title=\"610\">610<\/a><\/div>","protected":false},"author":1668,"featured_media":0,"comment_status":"closed","ping_status":"closed","sticky":false,"template":"","format":"standard","meta":[],"categories":[360],"tags":[],"series":[362],"_links":{"self":[{"href":"https:\/\/www.uv.mx\/universo\/wp-json\/wp\/v2\/posts\/9538"}],"collection":[{"href":"https:\/\/www.uv.mx\/universo\/wp-json\/wp\/v2\/posts"}],"about":[{"href":"https:\/\/www.uv.mx\/universo\/wp-json\/wp\/v2\/types\/post"}],"author":[{"embeddable":true,"href":"https:\/\/www.uv.mx\/universo\/wp-json\/wp\/v2\/users\/1668"}],"replies":[{"embeddable":true,"href":"https:\/\/www.uv.mx\/universo\/wp-json\/wp\/v2\/comments?post=9538"}],"version-history":[{"count":0,"href":"https:\/\/www.uv.mx\/universo\/wp-json\/wp\/v2\/posts\/9538\/revisions"}],"wp:attachment":[{"href":"https:\/\/www.uv.mx\/universo\/wp-json\/wp\/v2\/media?parent=9538"}],"wp:term":[{"taxonomy":"category","embeddable":true,"href":"https:\/\/www.uv.mx\/universo\/wp-json\/wp\/v2\/categories?post=9538"},{"taxonomy":"post_tag","embeddable":true,"href":"https:\/\/www.uv.mx\/universo\/wp-json\/wp\/v2\/tags?post=9538"},{"taxonomy":"series","embeddable":true,"href":"https:\/\/www.uv.mx\/universo\/wp-json\/wp\/v2\/series?post=9538"}],"curies":[{"name":"wp","href":"https:\/\/api.w.org\/{rel}","templated":true}]}}